{"id":404108,"date":"2025-09-20T05:38:10","date_gmt":"2025-09-20T05:38:10","guid":{"rendered":"https:\/\/www.europesays.com\/fr\/404108\/"},"modified":"2025-09-20T05:38:10","modified_gmt":"2025-09-20T05:38:10","slug":"pour-les-usagers-strasbourg-reste-la-deuxieme-grande-ville-cyclable-de-france","status":"publish","type":"post","link":"https:\/\/www.europesays.com\/fr\/404108\/","title":{"rendered":"Pour les usagers, Strasbourg reste la deuxi\u00e8me grande ville cyclable de France"},"content":{"rendered":"<p class=\"wp-block-post-excerpt__excerpt\">Le Barom\u00e8tre v\u00e9lo 2025 vient de livrer son verdict. Strasbourg reste \u00e0 la seconde place des grandes villes cyclables, mais sa note stagne quand d\u2019autres progressent \u00e0 vive allure. Dans son sillage, les communes du Bas-Rhin raflent le top 10 du Grand Est. <\/p>\n<p class=\"font-sans\">\n\t\t\tCet article est en acc\u00e8s libre. Pour soutenir Rue89 Strasbourg,<br \/>\n\t\t\t<a class=\"underline\" href=\"https:\/\/www.rue89strasbourg.com\/abonnement\" target=\"_blank\" rel=\"noopener\">abonnez-vous<\/a>.\n\t\t<\/p>\n<p>Nicolas Thomas<\/p>\n<p>Publi\u00e9 le 20 septembre 2025\u00a0\u00a0\u00b7\u00a0\u00a0<\/p>\n<p>Imprim\u00e9 le 20 septembre 2025 \u00e0 07h11\u00a0\u00a0\u00b7\u00a0\u00a0<\/p>\n<p>\t\t\t\t\t3\u00a0minutes\n<\/p>\n<p>Depuis 2017, la F\u00e9d\u00e9ration des usagers de la bicyclette (FUB) publie le\u00a0<a href=\"https:\/\/www.barometre-velo.fr\/2025\/\" target=\"_blank\" rel=\"noreferrer noopener\">Barom\u00e8tre v\u00e9lo<\/a>, une grande enqu\u00eate citoyenne sur la pratique cyclable, bas\u00e9e sur le ressenti des usagers. En 2025, le quatri\u00e8me barom\u00e8tre a r\u00e9colt\u00e9 plus de\u00a0334 000 r\u00e9ponses en France. Publi\u00e9s jeudi 18 septembre, les r\u00e9sultats consacrent une nouvelle fois <a href=\"https:\/\/www.rue89strasbourg.com\/strasbourg-capitale-velo-barometre-cyclistes-227210\" target=\"_blank\" rel=\"noreferrer noopener\">Strasbourg \u00e0 la seconde place<\/a> des grandes villes cyclables du pays.<\/p>\n<p>L\u2019outil mesure le\u00a0ressenti des usagers sur la s\u00e9curit\u00e9, le confort, les efforts de la commune pour am\u00e9liorer la situation, les \u00e9quipements (stationnement, r\u00e9paration, etc.), et le ressenti g\u00e9n\u00e9ral. Chaque ville re\u00e7oit une note de 1 \u00e0 6.<\/p>\n<p>Un score en l\u00e9g\u00e8re baisse<\/p>\n<p>Strasbourg garde son statut de r\u00e9f\u00e9rence dans la cat\u00e9gorie des villes de plus de 100 000 habitants. <a href=\"https:\/\/www.barometre-velo.fr\/2025\/documents\/dossier-presse-web.pdf\" target=\"_blank\" rel=\"noreferrer noopener\">Avec une\u00a0note de 4,15 (cat\u00e9gorie B)<\/a>, elle se classe derri\u00e8re Grenoble (4,37), seule grande ville en cat\u00e9gorie A, et devant Rennes (4,05). Mais elle est la seule commune du top 10 \u00e0 conna\u00eetre une l\u00e9g\u00e8re <a href=\"https:\/\/barometre.parlons-velo.fr\/2021\/dossier-presse-2021.pdf\" target=\"_blank\" rel=\"noreferrer noopener\">baisse de score par rapport \u00e0 2021<\/a> (4,18). Pendant ce temps, Clermont-Ferrand bondit de 25% par rapport \u00e0 2021, Lyon et Toulouse de 15%. Des villes longtemps en retard qui comblent la distance. Sur la p\u00e9riode 2019-2021, la capitale alsacienne avait elle aussi enregistr\u00e9 une progression de 25%.<\/p>\n<p><a href=\"https:\/\/www.strasbourg.eu\/-\/barometre-cyclable-strasbourg-et-l-eurometropole-se-distinguent\" target=\"_blank\" rel=\"noreferrer noopener\">Dans un communiqu\u00e9<\/a>, l\u2019Eurom\u00e9tropole se satisfait de ces r\u00e9sultats\u00a0: \u00ab\u00a0Strasbourg reste la premi\u00e8re des villes cyclables de plus de 200 000 habitants, seconde dans la nouvelle cat\u00e9gorie \u00ab\u00a0Grandes Villes\u00a0\u00bb du barom\u00e8tre au coude \u00e0 coude avec Grenoble.\u00a0\u00bb Il faut cependant pr\u00e9ciser que la cat\u00e9gorie des villes de plus de 200 000 habitants n\u2019existe plus depuis le barom\u00e8tre de 2019. Toutes les villes de plus de 100 000 habitants \u00e9taient d\u00e9j\u00e0 regroup\u00e9es dans la cat\u00e9gorie \u00ab\u00a0grandes villes\u00a0\u00bb dans le <a href=\"https:\/\/barometre.parlons-velo.fr\/2021\/dossier-presse-2021.pdf\" target=\"_blank\" rel=\"noreferrer noopener\">pr\u00e9c\u00e9dent barom\u00e8tre de 2021<\/a>.<\/p>\n<p>L\u2019Eurom\u00e9tropole rappelle toutefois que les Strasbourgeois restent tr\u00e8s attach\u00e9s \u00e0 leur v\u00e9lo. <\/p>\n<blockquote class=\"wp-block-quote is-layout-flow wp-block-quote-is-layout-flow\">\n<p>\u00ab\u00a0\u00c0 Strasbourg, le v\u00e9lo repr\u00e9sente pr\u00e8s de 20% de la part des d\u00e9placements domicile-travail, et \u00e0 l\u2019\u00e9chelle de l\u2019Eurom\u00e9tropole il repr\u00e9sente 15%, la part la plus \u00e9lev\u00e9e de France. La fr\u00e9quentation cyclable dans Strasbourg a augment\u00e9 de 20% ces cinq derni\u00e8res ann\u00e9es.\u00a0\u00bb<\/p>\n<\/blockquote>\n<p>Elle pr\u00e9cise aussi que \u00ab\u00a0des voies particuli\u00e8rement structurantes et attendues sont encore en chantier, comme la Colmarienne (avenue de Colmar, NDLR) et le Ring (autour du centre-ville, NDLR)\u00a0\u00bb.<\/p>\n<p>\t\t\u00ab\u00a0Strasbourg ne sera pas sur le podium du prochain barom\u00e8tre\u00a0\u00bb<\/p>\n<p>\u00ab\u00a0Dans son communiqu\u00e9, la ville s\u2019est auto-congratul\u00e9e tout en \u00e9tant la seule ville du top 10 \u00e0 ne pas avoir progress\u00e9\u00a0\u00bb, ironise Guillaume Verstraete, du comit\u00e9 de direction de <a href=\"https:\/\/www.strasbourgavelo.org\" target=\"_blank\" rel=\"noreferrer noopener\">Strasbourg \u00e0 v\u00e9lo<\/a>. Les associations de cyclistes ne s\u2019\u00e9tonnent gu\u00e8re de la stagnation de Strasbourg. En effet, le budget du plan v\u00e9lo 2021-2026 de la m\u00e9tropole <a href=\"https:\/\/www.rue89strasbourg.com\/plan-velo-millions-311355\" target=\"_blank\" rel=\"noreferrer noopener\">a \u00e9t\u00e9 abaiss\u00e9 de 100 \u00e0 65 millions d\u2019euros<\/a>. Guillaume Verstraete \u00e9voque notamment une mauvaise gestion des chantiers qui met en danger les cyclistes et de nouveaux am\u00e9nagements pas suffisamment qualitatifs\u00a0:<\/p>\n<blockquote class=\"wp-block-quote is-layout-flow wp-block-quote-is-layout-flow\">\n<p>\u00ab\u00a0Il y a beaucoup de bonne volont\u00e9, mais elle n\u2019est pas pouss\u00e9e jusqu\u2019au bout. \u00c0 ce rythme, Strasbourg ne sera pas sur le podium du prochain barom\u00e8tre. La ville stagne pendant que d\u2019autres villes progressent tr\u00e8s fortement. Nous, les associations de cyclistes, invitons la ville \u00e0 \u00eatre plus \u00e0 l\u2019\u00e9coute de nos revendications. Depuis cette ann\u00e9e, on commence \u00e0 voir des enrob\u00e9s de couleur aux carrefours, pour am\u00e9liorer la visibilit\u00e9 des cyclistes. On les r\u00e9clame depuis cinq ans.\u00a0\u00bb<\/p>\n<\/blockquote>\n<p>Le Bas-Rhin, mod\u00e8le pour le Grand Est<\/p>\n<p>Autour de la capitale alsacienne, la couronne semble profiter de la dynamique. Oberhausbergen, commune de banlieue, d\u00e9croche la huiti\u00e8me place fran\u00e7aise de sa cat\u00e9gorie avec une note de\u00a04,29, en progression depuis 2021. Dans le Grand Est, <a href=\"https:\/\/www.barometre-velo.fr\/2025\/documents\/Grand-Est.pdf\" target=\"_blank\" rel=\"noreferrer noopener\">le Bas-Rhin fait office de mod\u00e8le<\/a>, p\u00e9dalant largement en t\u00eate avec 9 villes dans le top 10 r\u00e9gional.<\/p>\n<p>\u00c0 l\u2019\u00e9chelle nationale, c\u2019est la fa\u00e7ade Atlantique qui s\u2019impose sur le podium avec les Pays de la Loire en t\u00eate, suivis par la Bretagne et la Nouvelle Aquitaine. Avec une progression modeste (+2%), le barom\u00e8tre place le Grand Est \u00e0\u00a03,23 de moyenne, un score qui le situe \u00e0 la sixi\u00e8me position des r\u00e9gions cyclables de France.<\/p>\n","protected":false},"excerpt":{"rendered":"Le Barom\u00e8tre v\u00e9lo 2025 vient de livrer son verdict. Strasbourg reste \u00e0 la seconde place des grandes villes&hellip;\n","protected":false},"author":2,"featured_media":404109,"comment_status":"","ping_status":"","sticky":false,"template":"","format":"standard","meta":{"footnotes":""},"categories":[2820],"tags":[1111,11,1777,674,1011,27,775,12,4798,25,640,208],"class_list":{"0":"post-404108","1":"post","2":"type-post","3":"status-publish","4":"format-standard","5":"has-post-thumbnail","7":"category-strasbourg","8":"tag-actu","9":"tag-actualites","10":"tag-eu","11":"tag-europe","12":"tag-fr","13":"tag-france","14":"tag-grand-est","15":"tag-news","16":"tag-pistes-cyclables","17":"tag-republique-francaise","18":"tag-strasbourg","19":"tag-velo"},"share_on_mastodon":{"url":"https:\/\/pubeurope.com\/@fr\/115235016120131926","error":""},"_links":{"self":[{"href":"https:\/\/www.europesays.com\/fr\/wp-json\/wp\/v2\/posts\/404108","targetHints":{"allow":["GET"]}}],"collection":[{"href":"https:\/\/www.europesays.com\/fr\/wp-json\/wp\/v2\/posts"}],"about":[{"href":"https:\/\/www.europesays.com\/fr\/wp-json\/wp\/v2\/types\/post"}],"author":[{"embeddable":true,"href":"https:\/\/www.europesays.com\/fr\/wp-json\/wp\/v2\/users\/2"}],"replies":[{"embeddable":true,"href":"https:\/\/www.europesays.com\/fr\/wp-json\/wp\/v2\/comments?post=404108"}],"version-history":[{"count":0,"href":"https:\/\/www.europesays.com\/fr\/wp-json\/wp\/v2\/posts\/404108\/revisions"}],"wp:featuredmedia":[{"embeddable":true,"href":"https:\/\/www.europesays.com\/fr\/wp-json\/wp\/v2\/media\/404109"}],"wp:attachment":[{"href":"https:\/\/www.europesays.com\/fr\/wp-json\/wp\/v2\/media?parent=404108"}],"wp:term":[{"taxonomy":"category","embeddable":true,"href":"https:\/\/www.europesays.com\/fr\/wp-json\/wp\/v2\/categories?post=404108"},{"taxonomy":"post_tag","embeddable":true,"href":"https:\/\/www.europesays.com\/fr\/wp-json\/wp\/v2\/tags?post=404108"}],"curies":[{"name":"wp","href":"https:\/\/api.w.org\/{rel}","templated":true}]}}