{"id":404110,"date":"2025-09-20T05:39:15","date_gmt":"2025-09-20T05:39:15","guid":{"rendered":"https:\/\/www.europesays.com\/fr\/404110\/"},"modified":"2025-09-20T05:39:15","modified_gmt":"2025-09-20T05:39:15","slug":"le-musee-zoologique-de-strasbourg-rouvre-metamorphose","status":"publish","type":"post","link":"https:\/\/www.europesays.com\/fr\/404110\/","title":{"rendered":"Le mus\u00e9e zoologique de Strasbourg rouvre m\u00e9tamorphos\u00e9"},"content":{"rendered":"<p class=\"editor-content__paragraph\">Il avait ferm\u00e9 juste apr\u00e8s les Journ\u00e9es europ\u00e9ennes du patrimoine de 2019, il y a \u2013 exactement \u2013 six ans. Rien de plus logique, donc, que de boucler la boucle en choisissant pour <strong>sa r\u00e9ouverture<\/strong> ces <strong>19, 20\u00a0et 21\u00a0septembre<\/strong>, entrant ainsi dans la danse de ce grand week-end qui c\u00e9l\u00e8bre monuments et mus\u00e9es partout en France.<\/p>\n<p class=\"editor-content__paragraph editor-content__paragraph--is-hidden\">Prestigieuse institution <strong>ouverte en 1893<\/strong> autour des collections d\u2019histoire naturelle du m\u00e9decin et naturaliste<strong> Jean Hermann<\/strong> (1738\u20131800), le <strong>mus\u00e9e zoologique de Strasbourg<\/strong> a voulu \u00e9voluer, d\u00e9poussi\u00e9rer son parcours et s\u2019incarner en \u00ab\u00a0mus\u00e9e de soci\u00e9t\u00e9, <strong>en prise avec les enjeux et les d\u00e9fis contemporains<\/strong>\u00a0\u00bb, se r\u00e9jouit la maire de la ville Jeanne Barseghian (parti Les \u00c9cologistes).<\/p>\n<p>            <strong>Continuez votre lecture<\/strong><\/p>\n<p>\n                et acc\u00e9dez \u00e0 Beaux Arts Magazine<br \/>et \u00e0 tous les contenus web<br \/><strong>en illimit\u00e9 \u00e0 partir de 5,75\u20ac \/ mois<\/strong>\n            <\/p>\n<p class=\"cta-abonnement__log-in\">\n        D\u00e9j\u00e0 abonn\u00e9 ?        <a data-id=\"aHR0cHM6Ly93d3cuYmVhdXhhcnRzLmNvbS9tb24tY29tcHRlLw==\">Connectez-vous<\/a>\n    <\/p>\n<p>            <img data-vllblanksrc=\"https:\/\/www.beauxarts.com\/expos\/a-strasbourg-la-reouverture-du-musee-zoologique-et-sa-sublime-collection-de-modeles-en-verre-des-blaschka\/1\" data-vllsrc=\"https:\/\/www.europesays.com\/fr\/wp-content\/uploads\/2025\/09\/couv-bam-496-232x300.png\" alt=\"\"\/><img data-vllblanksrc=\"https:\/\/www.beauxarts.com\/expos\/a-strasbourg-la-reouverture-du-musee-zoologique-et-sa-sublime-collection-de-modeles-en-verre-des-blaschka\/1\" data-vllsrc=\"https:\/\/www.europesays.com\/fr\/wp-content\/uploads\/2025\/08\/bam495_ciouv_page_001-232x300.jpg\" alt=\"\"\/>        <\/p>\n","protected":false},"excerpt":{"rendered":"Il avait ferm\u00e9 juste apr\u00e8s les Journ\u00e9es europ\u00e9ennes du patrimoine de 2019, il y a \u2013 exactement \u2013&hellip;\n","protected":false},"author":2,"featured_media":404111,"comment_status":"","ping_status":"","sticky":false,"template":"","format":"standard","meta":{"footnotes":""},"categories":[2820],"tags":[1111,11,1777,674,1011,27,775,53549,21693,7107,12,13979,25,640],"class_list":{"0":"post-404110","1":"post","2":"type-post","3":"status-publish","4":"format-standard","5":"has-post-thumbnail","7":"category-strasbourg","8":"tag-actu","9":"tag-actualites","10":"tag-eu","11":"tag-europe","12":"tag-fr","13":"tag-france","14":"tag-grand-est","15":"tag-histoire-naturelle","16":"tag-musee-zoologique-de-strasbourg","17":"tag-musees","18":"tag-news","19":"tag-reouverture","20":"tag-republique-francaise","21":"tag-strasbourg"},"share_on_mastodon":{"url":"https:\/\/pubeurope.com\/@fr\/115235020068095053","error":""},"_links":{"self":[{"href":"https:\/\/www.europesays.com\/fr\/wp-json\/wp\/v2\/posts\/404110","targetHints":{"allow":["GET"]}}],"collection":[{"href":"https:\/\/www.europesays.com\/fr\/wp-json\/wp\/v2\/posts"}],"about":[{"href":"https:\/\/www.europesays.com\/fr\/wp-json\/wp\/v2\/types\/post"}],"author":[{"embeddable":true,"href":"https:\/\/www.europesays.com\/fr\/wp-json\/wp\/v2\/users\/2"}],"replies":[{"embeddable":true,"href":"https:\/\/www.europesays.com\/fr\/wp-json\/wp\/v2\/comments?post=404110"}],"version-history":[{"count":0,"href":"https:\/\/www.europesays.com\/fr\/wp-json\/wp\/v2\/posts\/404110\/revisions"}],"wp:featuredmedia":[{"embeddable":true,"href":"https:\/\/www.europesays.com\/fr\/wp-json\/wp\/v2\/media\/404111"}],"wp:attachment":[{"href":"https:\/\/www.europesays.com\/fr\/wp-json\/wp\/v2\/media?parent=404110"}],"wp:term":[{"taxonomy":"category","embeddable":true,"href":"https:\/\/www.europesays.com\/fr\/wp-json\/wp\/v2\/categories?post=404110"},{"taxonomy":"post_tag","embeddable":true,"href":"https:\/\/www.europesays.com\/fr\/wp-json\/wp\/v2\/tags?post=404110"}],"curies":[{"name":"wp","href":"https:\/\/api.w.org\/{rel}","templated":true}]}}