{"id":404112,"date":"2025-09-20T05:40:09","date_gmt":"2025-09-20T05:40:09","guid":{"rendered":"https:\/\/www.europesays.com\/fr\/404112\/"},"modified":"2025-09-20T05:40:09","modified_gmt":"2025-09-20T05:40:09","slug":"nice-quelle-meteo-est-prevue-pour-ce-week-end-du-20-et-21-septembre","status":"publish","type":"post","link":"https:\/\/www.europesays.com\/fr\/404112\/","title":{"rendered":"Nice. Quelle m\u00e9t\u00e9o est pr\u00e9vue pour ce week-end du 20 et 21 septembre\u00a0?"},"content":{"rendered":"<p>            Par<br \/>\n        <strong><br \/>\n            <a href=\"https:\/\/actu.fr\/auteur\/famenta-news\" title=\"Consulter tous les articles de Florine Amenta\" target=\"_blank\" rel=\"noopener\">Florine Amenta<\/a><br \/>\n        <\/strong><\/p>\n<p>        Publi\u00e9 le<\/p>\n<p>            20 sept. 2025 \u00e0 7h12        <\/p>\n<p>On oublierait presque que <strong>le d\u00e9but de l\u2019automne n\u2019est plus qu\u2019\u00e0 quelques jours<\/strong>. Apr\u00e8s une semaine ensoleill\u00e9e, pas de grand changement c\u00f4t\u00e9 m\u00e9t\u00e9o <strong>ce samedi 20 et dimanche 21 septembre<\/strong>, \u00e0 <a href=\"https:\/\/actu.fr\/nice\/\" target=\"_blank\" rel=\"noopener\">Nice<\/a> (<a href=\"https:\/\/actu.fr\/provence-alpes-cote-d-azur\/alpes-maritimes_06\" target=\"_blank\" rel=\"noopener\">Alpes-Maritimes<\/a>). Ce week-end des journ\u00e9es europ\u00e9ennes du patrimoine s\u2019annonce ensoleill\u00e9. Attention tout de m\u00eame au dimanche soir\u00a0 !<\/p>\n<p>Des temp\u00e9ratures au-dessus des 20\u00b0C\u00a0<\/p>\n<p class=\" wall-content\">Selon M\u00e9t\u00e9o-France, samedi 20 septembre, les temp\u00e9ratures <strong>oscilleront entre 22\u00b0C et 29\u00b0C<\/strong>. Un grand soleil est pr\u00e9vu, avec quelques nuages. En soir\u00e9e, les temp\u00e9ratures baisseront l\u00e9g\u00e8rement avec <strong>un mercure affichant entre 23\u00b0C et 24\u00b0C<\/strong>.\u00a0<\/p>\n<p class=\" wall-content\">Le lendemain, dimanche 22 septembre, rien de nouveau c\u00f4t\u00e9 temp\u00e9rature. Le ciel sera <strong>l\u00e9g\u00e8rement voil\u00e9<\/strong> avec des temp\u00e9ratures comprises entre 22 et 27\u00b0C et <strong>25\u00b0C en moyenne<\/strong> tout au long de la journ\u00e9e.\u00a0En soir\u00e9e, des averses sont pr\u00e9vues auxquelles s\u2019ajouteront <strong>des orages pendant la nuit.<\/strong><\/p>\n<p class=\" wall-content\">La tendance du week-end sera la m\u00eame <strong>sur tout le d\u00e9partement des Alpes-Maritimes<\/strong>. Le samedi et dimanche, le soleil sera pr\u00e9sent du matin \u00e0 la fin d\u2019apr\u00e8s-midi avec<strong> l\u2019apparition d\u2019averses<\/strong> <strong>en soir\u00e9e<\/strong> le dimanche et des orages avant m\u00eame la tomb\u00e9e de la nuit \u00e0 <a href=\"https:\/\/actu.fr\/provence-alpes-cote-d-azur\/antibes_06004\" target=\"_blank\" rel=\"noopener\">Antibes<\/a>.<\/p>\n<p class=\" wall-content\">Les <strong>orages seront ensuite pr\u00e9sents<\/strong> de <a href=\"https:\/\/actu.fr\/provence-alpes-cote-d-azur\/theoule-sur-mer_06138\" target=\"_blank\" rel=\"noopener\">Th\u00e9oule-sur-mer<\/a> \u00e0 <a href=\"https:\/\/actu.fr\/provence-alpes-cote-d-azur\/menton_06083\" target=\"_blank\" rel=\"noopener\">Menton<\/a> tout au long de la nuit avec une faible pluie sur tout le d\u00e9partement lundi matin.\u00a0<\/p>\n<p class=\" wall-content\">Personnalisez votre actualit\u00e9 en ajoutant vos villes et m\u00e9dias en favori avec <a href=\"https:\/\/moncompte.actu.fr\" title=\"D\u00e9couvez Mon Actu\" rel=\"nofollow noopener\" data-trk=\"{&quot;cta&quot;:{&quot;action&quot;:&quot;https:\\\/\\\/moncompte.actu.fr&quot;,&quot;category&quot;:&quot;mon compte&quot;,&quot;from&quot;:&quot;article footer&quot;,&quot;name&quot;:&quot;Mon actu&quot;,&quot;type&quot;:&quot;cta&quot;}}\" target=\"_blank\">Mon Actu<\/a>.<\/p>\n","protected":false},"excerpt":{"rendered":"Par Florine Amenta Publi\u00e9 le 20 sept. 2025 \u00e0 7h12 On oublierait presque que le d\u00e9but de l\u2019automne&hellip;\n","protected":false},"author":2,"featured_media":404113,"comment_status":"","ping_status":"","sticky":false,"template":"","format":"standard","meta":{"footnotes":""},"categories":[2819],"tags":[1111,11,1777,674,1011,27,47275,2487,2357,12,2401,4594,882,25],"class_list":{"0":"post-404112","1":"post","2":"type-post","3":"status-publish","4":"format-standard","5":"has-post-thumbnail","7":"category-nice","8":"tag-actu","9":"tag-actualites","10":"tag-eu","11":"tag-europe","12":"tag-fr","13":"tag-france","14":"tag-journees-europeennes-du-patrimoine","15":"tag-meteo","16":"tag-meteo-france","17":"tag-news","18":"tag-nice","19":"tag-orages","20":"tag-provence-alpes-cote-dazur","21":"tag-republique-francaise"},"share_on_mastodon":{"url":"https:\/\/pubeurope.com\/@fr\/115235023939357960","error":""},"_links":{"self":[{"href":"https:\/\/www.europesays.com\/fr\/wp-json\/wp\/v2\/posts\/404112","targetHints":{"allow":["GET"]}}],"collection":[{"href":"https:\/\/www.europesays.com\/fr\/wp-json\/wp\/v2\/posts"}],"about":[{"href":"https:\/\/www.europesays.com\/fr\/wp-json\/wp\/v2\/types\/post"}],"author":[{"embeddable":true,"href":"https:\/\/www.europesays.com\/fr\/wp-json\/wp\/v2\/users\/2"}],"replies":[{"embeddable":true,"href":"https:\/\/www.europesays.com\/fr\/wp-json\/wp\/v2\/comments?post=404112"}],"version-history":[{"count":0,"href":"https:\/\/www.europesays.com\/fr\/wp-json\/wp\/v2\/posts\/404112\/revisions"}],"wp:featuredmedia":[{"embeddable":true,"href":"https:\/\/www.europesays.com\/fr\/wp-json\/wp\/v2\/media\/404113"}],"wp:attachment":[{"href":"https:\/\/www.europesays.com\/fr\/wp-json\/wp\/v2\/media?parent=404112"}],"wp:term":[{"taxonomy":"category","embeddable":true,"href":"https:\/\/www.europesays.com\/fr\/wp-json\/wp\/v2\/categories?post=404112"},{"taxonomy":"post_tag","embeddable":true,"href":"https:\/\/www.europesays.com\/fr\/wp-json\/wp\/v2\/tags?post=404112"}],"curies":[{"name":"wp","href":"https:\/\/api.w.org\/{rel}","templated":true}]}}