{"id":404114,"date":"2025-09-20T05:41:11","date_gmt":"2025-09-20T05:41:11","guid":{"rendered":"https:\/\/www.europesays.com\/fr\/404114\/"},"modified":"2025-09-20T05:41:11","modified_gmt":"2025-09-20T05:41:11","slug":"la-justice-clot-le-dossier-dexpulsion-des-etablissements-de-plages-aux-sablettes-a-menton","status":"publish","type":"post","link":"https:\/\/www.europesays.com\/fr\/404114\/","title":{"rendered":"La justice cl\u00f4t le dossier d\u2019expulsion des \u00e9tablissements de plages aux Sablettes \u00e0 Menton"},"content":{"rendered":"<p>Le tribunal administratif de Nice a rendu son ordonnance hier, vendredi 19 septembre. Saisi par le pr\u00e9fet des Alpes-Maritimes, qui r\u00e9clamait l\u2019expulsion de trois \u00e9tablissements de plage aux Sablettes \u00e0 Menton \u2013 La Pergola, La French Plage et le Calabro Beach Club \u2013, <a href=\"https:\/\/www.nicematin.com\/justice\/les-plagistes-a-nouveau-devant-la-justice-1001047\" target=\"_blank\" rel=\"noopener\"><strong>le juge des r\u00e9f\u00e9r\u00e9s a finalement estim\u00e9 qu\u2019il n\u2019y avait plus lieu de statuer.<\/strong><\/a><\/p>\n<p>En effet, les exploitants avaient d\u00e9mont\u00e9 leurs installations avant l\u2019audience, comme l\u2019a confirm\u00e9 la repr\u00e9sentante du Pr\u00e9fet.<\/p>\n<p>Le juge a donc d\u00e9clar\u00e9 sans objet la demande d\u2019expulsion assortie d\u2019une astreinte financi\u00e8re.<\/p>\n<p>Pour rappel, les soci\u00e9t\u00e9s \u00e9taient sous astreinte de 2.000 euros par jour de retard.<\/p>\n<p>D\u2019apr\u00e8s le verdict, elles n\u2019obtiendront <strong>pas le remboursement de leurs frais de justice.<\/strong><\/p>\n","protected":false},"excerpt":{"rendered":"Le tribunal administratif de Nice a rendu son ordonnance hier, vendredi 19 septembre. Saisi par le pr\u00e9fet des&hellip;\n","protected":false},"author":2,"featured_media":404115,"comment_status":"","ping_status":"","sticky":false,"template":"","format":"standard","meta":{"footnotes":""},"categories":[2819],"tags":[1111,11,1777,674,1011,27,12,2401,882,25,3366],"class_list":{"0":"post-404114","1":"post","2":"type-post","3":"status-publish","4":"format-standard","5":"has-post-thumbnail","7":"category-nice","8":"tag-actu","9":"tag-actualites","10":"tag-eu","11":"tag-europe","12":"tag-fr","13":"tag-france","14":"tag-news","15":"tag-nice","16":"tag-provence-alpes-cote-dazur","17":"tag-republique-francaise","18":"tag-vie-locale"},"share_on_mastodon":{"url":"https:\/\/pubeurope.com\/@fr\/115235027864799390","error":""},"_links":{"self":[{"href":"https:\/\/www.europesays.com\/fr\/wp-json\/wp\/v2\/posts\/404114","targetHints":{"allow":["GET"]}}],"collection":[{"href":"https:\/\/www.europesays.com\/fr\/wp-json\/wp\/v2\/posts"}],"about":[{"href":"https:\/\/www.europesays.com\/fr\/wp-json\/wp\/v2\/types\/post"}],"author":[{"embeddable":true,"href":"https:\/\/www.europesays.com\/fr\/wp-json\/wp\/v2\/users\/2"}],"replies":[{"embeddable":true,"href":"https:\/\/www.europesays.com\/fr\/wp-json\/wp\/v2\/comments?post=404114"}],"version-history":[{"count":0,"href":"https:\/\/www.europesays.com\/fr\/wp-json\/wp\/v2\/posts\/404114\/revisions"}],"wp:featuredmedia":[{"embeddable":true,"href":"https:\/\/www.europesays.com\/fr\/wp-json\/wp\/v2\/media\/404115"}],"wp:attachment":[{"href":"https:\/\/www.europesays.com\/fr\/wp-json\/wp\/v2\/media?parent=404114"}],"wp:term":[{"taxonomy":"category","embeddable":true,"href":"https:\/\/www.europesays.com\/fr\/wp-json\/wp\/v2\/categories?post=404114"},{"taxonomy":"post_tag","embeddable":true,"href":"https:\/\/www.europesays.com\/fr\/wp-json\/wp\/v2\/tags?post=404114"}],"curies":[{"name":"wp","href":"https:\/\/api.w.org\/{rel}","templated":true}]}}