{"id":404116,"date":"2025-09-20T05:42:18","date_gmt":"2025-09-20T05:42:18","guid":{"rendered":"https:\/\/www.europesays.com\/fr\/404116\/"},"modified":"2025-09-20T05:42:18","modified_gmt":"2025-09-20T05:42:18","slug":"la-chapelle-sur-erdre-balade-a-la-coutanciere-et-au-plessis","status":"publish","type":"post","link":"https:\/\/www.europesays.com\/fr\/404116\/","title":{"rendered":"La Chapelle-sur-Erdre. Balade \u00e0 la Coutanci\u00e8re et au Plessis"},"content":{"rendered":"<p>L\u2019association Au pas des si\u00e8cles propose une balade en boucle d\u2019environ trois heures vers les lieux-dits de la Coutanci\u00e8re et du Plessis, \u00e0 La Chapelle-sur-Erdre.<\/p>\n<p>L\u2019objectif est de pr\u00e9senter l\u2019histoire de leurs fermes respectives entre 1650 et 1980. \u00c0 l\u2019origine, ces deux domaines \u00e9taient exploit\u00e9s d\u2019une fa\u00e7on tr\u00e8s extensive, principalement sous forme de landes parcourues par des ovins. Mais dans la\u00a0seconde moiti\u00e9 du XIXe\u00a0si\u00e8cle, gr\u00e2ce \u00e0 l\u2019apport important de capitaux par des n\u00e9gociants nantais, ils ont \u00e9t\u00e9 transform\u00e9s en fermes paysannes intensives et orient\u00e9es vers la production laiti\u00e8re. \u00c0 la Coutanci\u00e8re notamment, le domaine (72\u00a0hectares) a \u00e9t\u00e9 divis\u00e9 en quatre fermes et trois nouveaux si\u00e8ges d\u2019exploitation ont \u00e9t\u00e9 construits. Le propri\u00e9taire, Louis F\u00e9lix Martin a d\u00e9m\u00e9nag\u00e9 pour le ch\u00e2teau qu\u2019il a construit en 1872 et son manoir est devenu l\u2019habitation d\u2019un de ses quatre fermiers.<\/p>\n<p>Cette \u00e9volution est tr\u00e8s repr\u00e9sentative de la r\u00e9volution op\u00e9r\u00e9e par l\u2019agriculture dans la r\u00e9gion nantaise au cours de la seconde moiti\u00e9 du XIXe\u00a0si\u00e8cle.<\/p>\n<p>Le manoir de la Coutanci\u00e8re, \u00e9tait\u00a0pr\u00e9c\u00e9demment la ferme du Manoir.<\/p>\n<p>Dimanche, d\u00e9part \u00e0 14\u00a0h\u00a030 du gymnase de la Coutanci\u00e8re, rue de l\u2019Aven.<\/p>\n<p>\u00a0<\/p>\n","protected":false},"excerpt":{"rendered":"L\u2019association Au pas des si\u00e8cles propose une balade en boucle d\u2019environ trois heures vers les lieux-dits de la&hellip;\n","protected":false},"author":2,"featured_media":404117,"comment_status":"","ping_status":"","sticky":false,"template":"","format":"standard","meta":{"footnotes":""},"categories":[2818],"tags":[1111,11,7552,10770,53550,1777,674,1011,27,766,12,2636,53551,25],"class_list":{"0":"post-404116","1":"post","2":"type-post","3":"status-publish","4":"format-standard","5":"has-post-thumbnail","7":"category-nantes","8":"tag-actu","9":"tag-actualites","10":"tag-balade","11":"tag-chapelle-sur-erdre","12":"tag-coutanciere","13":"tag-eu","14":"tag-europe","15":"tag-fr","16":"tag-france","17":"tag-nantes","18":"tag-news","19":"tag-pays-de-la-loire","20":"tag-plessis","21":"tag-republique-francaise"},"share_on_mastodon":{"url":"https:\/\/pubeurope.com\/@fr\/115235031897104294","error":""},"_links":{"self":[{"href":"https:\/\/www.europesays.com\/fr\/wp-json\/wp\/v2\/posts\/404116","targetHints":{"allow":["GET"]}}],"collection":[{"href":"https:\/\/www.europesays.com\/fr\/wp-json\/wp\/v2\/posts"}],"about":[{"href":"https:\/\/www.europesays.com\/fr\/wp-json\/wp\/v2\/types\/post"}],"author":[{"embeddable":true,"href":"https:\/\/www.europesays.com\/fr\/wp-json\/wp\/v2\/users\/2"}],"replies":[{"embeddable":true,"href":"https:\/\/www.europesays.com\/fr\/wp-json\/wp\/v2\/comments?post=404116"}],"version-history":[{"count":0,"href":"https:\/\/www.europesays.com\/fr\/wp-json\/wp\/v2\/posts\/404116\/revisions"}],"wp:featuredmedia":[{"embeddable":true,"href":"https:\/\/www.europesays.com\/fr\/wp-json\/wp\/v2\/media\/404117"}],"wp:attachment":[{"href":"https:\/\/www.europesays.com\/fr\/wp-json\/wp\/v2\/media?parent=404116"}],"wp:term":[{"taxonomy":"category","embeddable":true,"href":"https:\/\/www.europesays.com\/fr\/wp-json\/wp\/v2\/categories?post=404116"},{"taxonomy":"post_tag","embeddable":true,"href":"https:\/\/www.europesays.com\/fr\/wp-json\/wp\/v2\/tags?post=404116"}],"curies":[{"name":"wp","href":"https:\/\/api.w.org\/{rel}","templated":true}]}}