{"id":404118,"date":"2025-09-20T05:43:26","date_gmt":"2025-09-20T05:43:26","guid":{"rendered":"https:\/\/www.europesays.com\/fr\/404118\/"},"modified":"2025-09-20T05:43:26","modified_gmt":"2025-09-20T05:43:26","slug":"ossements-caveaux-decors-de-nombreuses-decouvertes-lors-des-fouilles-a-la-cathedrale-de-nantes","status":"publish","type":"post","link":"https:\/\/www.europesays.com\/fr\/404118\/","title":{"rendered":"Ossements, caveaux, d\u00e9cors&#8230; De nombreuses d\u00e9couvertes lors des fouilles \u00e0 la cath\u00e9drale de Nantes"},"content":{"rendered":"<p>            Par<br \/>\n        <strong><br \/>\n            <a href=\"https:\/\/actu.fr\/auteur\/clemence-pays02-actu-fr\" title=\"Consulter tous les articles de Cl\u00e9mence Pays\" rel=\"nofollow noopener\" target=\"_blank\">Cl\u00e9mence Pays<\/a><br \/>\n        <\/strong><\/p>\n<p>        Publi\u00e9 le<\/p>\n<p>            20 sept. 2025 \u00e0 6h42        <\/p>\n<p>La <strong>cath\u00e9drale Saint-Pierre et Saint-Paul<\/strong> de Nantes n\u2019a pas encore livr\u00e9 tous ses secrets. Mais depuis 2023, les <strong>arch\u00e9ologues de l\u2019Inrap<\/strong> y travaillent. En effet, ces derniers sont intervenus \u00e0 plusieurs reprises au sein de l\u2019\u00e9difice religieux, dans le cadre du projet de restauration du tombeau du duc de Bretagne, Fran\u00e7ois II et de la duchesse Marguerite de Foix, et plus largement dans le cadre du programme de restauration de la cath\u00e9drale, apr\u00e8s l\u2019incendie du 18\u00a0juillet 2020.<\/p>\n<p>Deux fouilles r\u00e9alis\u00e9es<\/p>\n<p class=\" wall-content\">L\u2019Institut national de recherches arch\u00e9ologiques pr\u00e9ventives a men\u00e9 <strong>deux op\u00e9rations<\/strong> de fouilles, prescrites et financ\u00e9es par l\u2019\u00c9tat (Drac des Pays de la Loire\/Conservation r\u00e9gionale des Monuments historiques).<\/p>\n<blockquote class=\"ac-article-quote wall-content\">\n<p>La premi\u00e8re aux abords du tombeau dans le bras sud du transept ; la seconde dans une tranch\u00e9e r\u00e9alis\u00e9e \u00e0 travers la cath\u00e9drale pour installer un nouveau r\u00e9seau \u00e9lectrique.<\/p>\n<p>    <strong>Inrap<\/strong><br \/>\n        Communiqu\u00e9 de presse    <\/p><\/blockquote>\n<p class=\" wall-content\">Le r\u00e9sultat\u2009? La d\u00e9couverte \u00ab\u2009d\u2019<strong>abondants vestiges<\/strong> (ma\u00e7onneries, s\u00e9pultures, mobilier, \u00e9l\u00e9ments architecturaux) et ont r\u00e9v\u00e9l\u00e9 le <strong>plan g\u00e9n\u00e9ral de la cath\u00e9drale romane<\/strong> jusqu\u2019ici inconnu\u2009\u00bb, d\u00e9voile l\u2019Inrap.<\/p>\n<p>    <img   decoding=\"async\" loading=\"lazy\" src=\"https:\/\/www.europesays.com\/fr\/wp-content\/uploads\/2025\/09\/2-5-vue-au-drone-de-la-fouille-dans-le-transept-sud-c-emmanuelle-collado-inrap-960x640.jpg\" alt=\"Le plan de la cath\u00e9drale romane a \u00e9t\u00e9 d\u00e9voil\u00e9 lors des fouilles arch\u00e9ologiques.\" width=\"960\" height=\"640\"\/><br \/>\n    Le plan de la cath\u00e9drale romane a \u00e9t\u00e9 d\u00e9voil\u00e9 lors des fouilles arch\u00e9ologiques. (\u00a9 Emmanuelle Collado\/Inrap)<\/p>\n<p class=\" wall-content\"><strong>Le tombeau a \u00e9galement \u00e9t\u00e9 d\u00e9mont\u00e9<\/strong> int\u00e9gralement pour \u00eatre restaur\u00e9, \u00ab\u2009donnant une lecture in\u00e9dite de cet exceptionnel objet de la Renaissance\u2009\u00bb.<\/p>\n<p>Un travail \u00e0 d\u00e9couvrir aux Journ\u00e9es du patrimoine<\/p>\n<p>Samedi 20 et dimanche 21 septembre, \u00e0 l&rsquo;occasion des Journ\u00e9es europ\u00e9ennes du patrimoine, les arch\u00e9ologues de l&rsquo;Inrap se mobiliseront aupr\u00e8s des services de l&rsquo;Etat, des restaurateurs et de l&rsquo;entreprise Lef\u00e8vre pour pr\u00e9senter leur travail et les principales d\u00e9couvertes au grand public, sous forme d&rsquo;expos\u00e9s et d&rsquo;animations.<\/p>\n<p>Rendez-vous les 20 et 21 septembre, de 10h \u00e0 18h, sous le barnum, place Saint-Pierre, porte c\u00f4t\u00e9 sud. Gratuit.<\/p>\n<p>Votre r\u00e9gion, votre actu !<\/p>\n<p>Recevez chaque jour les infos qui comptent pour vous.<\/p>\n<p>\t<a href=\"https:\/\/actu.fr\/newsletter\" class=\"ac-btn ac-btn--corner ac-btn--medium ac-btn--blue800\" rel=\"nofollow noopener\" target=\"_blank\">S&rsquo;incrire<\/a><br \/>\nDe nouvelles connaissances sur l\u2019histoire du b\u00e2timent<\/p>\n<p class=\" wall-content\">Lors des op\u00e9rations r\u00e9alis\u00e9es par l\u2019Inrap, une cellule sp\u00e9cialis\u00e9e a us\u00e9 de la \u00ab\u2009prospection au <strong>g\u00e9oradar,<\/strong> une m\u00e9thode d\u2019exploration innovante qui permet de r\u00e9v\u00e9ler la pr\u00e9sence de vestiges enfouis\u2009\u00bb. Une aide pr\u00e9cieuse pour \u00ab\u2009orienter le travail des arch\u00e9ologues\u2009\u00bb bien que \u00ab\u2009seule la fouille manuelle permet ensuite de pr\u00e9ciser les structures arch\u00e9ologiques et de les interpr\u00e9ter\u2009\u00bb.<\/p>\n<p class=\" wall-content\">Ces fouilles ont donc permis de livrer un <strong>ensemble de ma\u00e7onneries de la p\u00e9riode romane\u2009:<\/strong><\/p>\n<ul class=\" wall-content\">\n<li>des murs avec des niveaux de sol associ\u00e9s dans le transept\u2009;<\/li>\n<li>des murs collat\u00e9raux nord et sud de la nef avec leurs contreforts quadrangulaires\u2009;<\/li>\n<li>un massif ma\u00e7onn\u00e9 jouxtant le transept sud, \u00ab\u2009peut-\u00eatre un clocher\u2009? Une tour d\u2019escalier\u2009?\u2009\u00bb.<\/li>\n<\/ul>\n<p class=\" wall-content\">L\u2019emplacement du <strong>portail occidental roman<\/strong> a \u00e9galement pu \u00eatre localis\u00e9.<\/p>\n<blockquote class=\"ac-article-quote wall-content\">\n<p>Ces donn\u00e9es arch\u00e9ologiques permettent pour la premi\u00e8re fois de dessiner avec pr\u00e9cision le plan complet de l\u2019\u00e9difice roman et d\u2019en percevoir l\u2019ampleur. Jusqu\u2019\u00e0 pr\u00e9sent, seuls la crypte, toujours visible, et le ch\u0153ur repr\u00e9sent\u00e9 sur d\u2019anciennes gravures et photographies \u00e9taient attribuables avec certitude \u00e0 cette p\u00e9riode.<\/p>\n<p>    <strong>Inrap<\/strong><br \/>\n        Communiqu\u00e9 de presse    <\/p><\/blockquote>\n<p class=\" wall-content\">Toutes ces d\u00e9couvertes permettent d\u2019\u00e9clairer les connaissances des arch\u00e9ologues sur l\u2019histoire de la cath\u00e9drale avant sa<strong> reconstruction progressive au XVe\u00a0si\u00e8cle.<\/strong><\/p>\n<p>    <img   decoding=\"async\" loading=\"lazy\" src=\"https:\/\/www.europesays.com\/fr\/wp-content\/uploads\/2025\/09\/5-1-nantes-cathedrale-tombeau-francois-ii-20130831-09-c-pymouss-wikimedia-commons-960x640.jpg\" alt=\"Le tombeau de Fran\u00e7ois II et Marguerite de Foix avant d\u00e9montage.\" width=\"960\" height=\"640\"\/><br \/>\n    Le tombeau de Fran\u00e7ois II et Marguerite de Foix avant d\u00e9montage. (\u00a9Pymouss \u2013 Wikimedia Commons)<\/p>\n<p class=\" wall-content\">\u00ab\u2009D\u00e9marr\u00e9e au XIe\u00a0si\u00e8cle, \u00e0 l\u2019emplacement d\u2019\u00e9difices ant\u00e9rieurs pouvant remonter \u00e0 l\u2019Antiquit\u00e9, <strong>la construction de la cath\u00e9drale romane n\u2019a jamais \u00e9t\u00e9 achev\u00e9e.<\/strong> Un clocher est attest\u00e9 par les sources \u00e9crites, d\u00e9truit et reconstruit par deux fois lors d\u2019incendies en 1405 puis 1415\u2009\u00bb, compl\u00e8te l\u2019Inrap.<\/p>\n<p>Un mobilier arch\u00e9ologique vari\u00e9<\/p>\n<p class=\" wall-content\">Autre d\u00e9couverte\u2009: <strong>\u00ab\u2009un mobilier arch\u00e9ologique tr\u00e8s vari\u00e9\u2009\u00bb,<\/strong> comme des \u00e9l\u00e9ments architecturaux, des c\u00e9ramiques, des objets en m\u00e9tal ou en pierre, ou encore de la monnaie.<\/p>\n<blockquote class=\"ac-article-quote wall-content\">\n<p>Dans le transept sud, les arch\u00e9ologues ont par exemple mis au jour les restes d\u2019un sol en tomettes (carreaux de terre cuite) du XVe si\u00e8cle, tandis que l\u2019\u00e9tude de b\u00e2ti a mis en \u00e9vidence des d\u00e9cors peints sur les murs sud de l\u2019\u00e9difice.<\/p>\n<p>    <strong>Inrap<\/strong><br \/>\n        Communiqu\u00e9 de presse    <\/p><\/blockquote>\n<p class=\" wall-content\">Des sp\u00e9cialistes doivent effectuer des datations, analyser les mortiers et les enduits et \u00e9tablir des comparaisons, afin d\u2019\u00e9tudier ces vestiges.<\/p>\n<p>Quatre s\u00e9pultures<\/p>\n<p class=\" wall-content\">Les arch\u00e9ologues ont \u00e9galement trouv\u00e9<strong> \u00ab\u2009quatre s\u00e9pultures isol\u00e9es et trois caveaux fun\u00e9raires<\/strong> qui abritent de nombreux ossements\u2009\u00bb.<\/p>\n<p class=\" wall-content\">Une \u00e9tude documentaire associ\u00e9e \u00e0 une \u00e9tude anthropologique \u00ab\u2009essayera de pr\u00e9ciser le <strong>statut des d\u00e9funts<\/strong> (la\u00efcs ou eccl\u00e9siastiques, illustres ou chanoines) et d\u2019\u00e9valuer l\u2019\u00e9tat sanitaire de la population enterr\u00e9e, mais aussi de cerner l\u2019organisation spatiale de cet espace et les pratiques fun\u00e9raires\u2009\u00bb, d\u00e9taille l\u2019Inrap.<\/p>\n<blockquote class=\"ac-article-quote wall-content\">\n<p>Des recherches archivistiques compl\u00e9teront cette phase d\u2019\u00e9tude afin de proposer une histoire de la cath\u00e9drale romane et de son \u00e9volution architecturale.<\/p>\n<p>    <strong>Inrap<\/strong><br \/>\n        Communiqu\u00e9 de presse    <\/p><\/blockquote>\n<p>Un tombeau, trois individus inconnus<\/p>\n<p class=\" wall-content\">La Drac a fait proc\u00e9der au <strong>d\u00e9montage int\u00e9gral<\/strong> des \u0153uvres sculpt\u00e9es de la Renaissance fran\u00e7aise et du <strong>tombeau de Fran\u00e7ois II et Marguerite de Foix,<\/strong> les parents d\u2019Anne de Bretagne.<\/p>\n<p class=\" wall-content\">Ce tombeau est consid\u00e9r\u00e9 comme <strong>\u00ab\u2009le joyau de la cath\u00e9drale\u2009\u00bb.<\/strong><\/p>\n<blockquote class=\"ac-article-quote wall-content\">\n<p>Les arch\u00e9ologues de l\u2019Inrap ont \u00e9t\u00e9 associ\u00e9s \u00e9troitement \u00e0 cette op\u00e9ration et ont pu faire de nombreuses observations et d\u00e9couvertes sur les \u00e9tapes de construction du tombeau et son<br \/>\n\u00e9volution.<\/p>\n<p>    <strong>Inrap<\/strong><br \/>\n        Communiqu\u00e9 de presse    <\/p><\/blockquote>\n<p class=\" wall-content\">Ainsi, les arch\u00e9ologues \u00e9tudient les <strong>ossements d\u00e9couverts<\/strong> lors de l\u2019ouverture du tombeau, au printemps 2023. \u00ab\u2009Enferm\u00e9s dans un coffre en bois, ces derniers semblent provenir de <strong>trois individus, qui n\u2019ont pas \u00e9t\u00e9 identifi\u00e9s<\/strong> \u00e0 ce jour. Des analyses sont toujours en cours.\u2009\u00bb<\/p>\n<p>    <img   decoding=\"async\" loading=\"lazy\" src=\"https:\/\/www.europesays.com\/fr\/wp-content\/uploads\/2025\/09\/5-3-ossements-humains-mis-au-jour-a-linterieur-du-coffre-en-bois-768x640.jpg\" alt=\"Des ossements humains ont \u00e9t\u00e9 d\u00e9couverts dans un coffre en bois, dans le tombeau de Fran\u00e7ois II et Marguerite de Foix.\" width=\"768\" height=\"640\"\/><br \/>\n    Des ossements humains ont \u00e9t\u00e9 d\u00e9couverts dans un coffre en bois, dans le tombeau de Fran\u00e7ois II et Marguerite de Foix. (\u00a9Inrap)<\/p>\n<p class=\" wall-content\">Tout au long de la restauration, les observations arch\u00e9ologiques du tombeau se poursuivent. \u00c0 ce stade, des renseignements sur l\u2019histoire mat\u00e9rielle du tombeau, son d\u00e9montage \u00e0 la R\u00e9volution et son remontage \u00e0 la cath\u00e9drale en 1817 ont \u00e9t\u00e9 mis au jour.<\/p>\n<p class=\" wall-content\">Une fois la restauration achev\u00e9e, <strong>le tombeau sera remont\u00e9 au sein du transept sud.<\/strong><\/p>\n<p class=\" wall-content\">Personnalisez votre actualit\u00e9 en ajoutant vos villes et m\u00e9dias en favori avec <a href=\"https:\/\/moncompte.actu.fr\" title=\"D\u00e9couvez Mon Actu\" rel=\"nofollow noopener\" data-trk=\"{&quot;cta&quot;:{&quot;action&quot;:&quot;https:\\\/\\\/moncompte.actu.fr&quot;,&quot;category&quot;:&quot;mon compte&quot;,&quot;from&quot;:&quot;article footer&quot;,&quot;name&quot;:&quot;Mon actu&quot;,&quot;type&quot;:&quot;cta&quot;}}\" target=\"_blank\">Mon Actu<\/a>.<\/p>\n","protected":false},"excerpt":{"rendered":"Par Cl\u00e9mence Pays Publi\u00e9 le 20 sept. 2025 \u00e0 6h42 La cath\u00e9drale Saint-Pierre et Saint-Paul de Nantes n\u2019a&hellip;\n","protected":false},"author":2,"featured_media":404119,"comment_status":"","ping_status":"","sticky":false,"template":"","format":"standard","meta":{"footnotes":""},"categories":[2818],"tags":[1111,11,1777,674,1011,27,766,12,2551,2636,25,104],"class_list":{"0":"post-404118","1":"post","2":"type-post","3":"status-publish","4":"format-standard","5":"has-post-thumbnail","7":"category-nantes","8":"tag-actu","9":"tag-actualites","10":"tag-eu","11":"tag-europe","12":"tag-fr","13":"tag-france","14":"tag-nantes","15":"tag-news","16":"tag-patrimoine","17":"tag-pays-de-la-loire","18":"tag-republique-francaise","19":"tag-societe"},"share_on_mastodon":{"url":"https:\/\/pubeurope.com\/@fr\/115235036365043845","error":""},"_links":{"self":[{"href":"https:\/\/www.europesays.com\/fr\/wp-json\/wp\/v2\/posts\/404118","targetHints":{"allow":["GET"]}}],"collection":[{"href":"https:\/\/www.europesays.com\/fr\/wp-json\/wp\/v2\/posts"}],"about":[{"href":"https:\/\/www.europesays.com\/fr\/wp-json\/wp\/v2\/types\/post"}],"author":[{"embeddable":true,"href":"https:\/\/www.europesays.com\/fr\/wp-json\/wp\/v2\/users\/2"}],"replies":[{"embeddable":true,"href":"https:\/\/www.europesays.com\/fr\/wp-json\/wp\/v2\/comments?post=404118"}],"version-history":[{"count":0,"href":"https:\/\/www.europesays.com\/fr\/wp-json\/wp\/v2\/posts\/404118\/revisions"}],"wp:featuredmedia":[{"embeddable":true,"href":"https:\/\/www.europesays.com\/fr\/wp-json\/wp\/v2\/media\/404119"}],"wp:attachment":[{"href":"https:\/\/www.europesays.com\/fr\/wp-json\/wp\/v2\/media?parent=404118"}],"wp:term":[{"taxonomy":"category","embeddable":true,"href":"https:\/\/www.europesays.com\/fr\/wp-json\/wp\/v2\/categories?post=404118"},{"taxonomy":"post_tag","embeddable":true,"href":"https:\/\/www.europesays.com\/fr\/wp-json\/wp\/v2\/tags?post=404118"}],"curies":[{"name":"wp","href":"https:\/\/api.w.org\/{rel}","templated":true}]}}