{"id":404120,"date":"2025-09-20T05:44:12","date_gmt":"2025-09-20T05:44:12","guid":{"rendered":"https:\/\/www.europesays.com\/fr\/404120\/"},"modified":"2025-09-20T05:44:12","modified_gmt":"2025-09-20T05:44:12","slug":"des-secousses-au-crous-de-bordeaux-apres-leviction-de-son-directeur-suspecte-de-harcelement","status":"publish","type":"post","link":"https:\/\/www.europesays.com\/fr\/404120\/","title":{"rendered":"Des secousses au Crous de Bordeaux apr\u00e8s l&rsquo;\u00e9viction de son directeur, suspect\u00e9 de harc\u00e8lement"},"content":{"rendered":"<p class=\"wp-block-post-excerpt__excerpt\">Avant d\u2019\u00eatre suspendu de son poste de directeur g\u00e9n\u00e9ral du Crous de Bordeaux pour \u00ab\u00a0comportements inappropri\u00e9s\u00a0\u00bb, Jean-Pierre Ferr\u00e9 n\u2019avait pas reconduit un de ses chefs de services, qui avait t\u00e9moign\u00e9 dans l\u2019enqu\u00eate le visant. Cette victime collat\u00e9rale de l\u2019affaire revient pour Rue89 Bordeaux sur les \u00ab\u00a0dysfonctionnements graves\u00a0\u00bb au Crous. <\/p>\n<p><a href=\"https:\/\/rue89bordeaux.com\/category\/kiosque-abonne\/\" rel=\"tag noopener\" target=\"_blank\">\u00c9dition abonn\u00e9s<\/a>, <a href=\"https:\/\/rue89bordeaux.com\/category\/temoignage\/\" rel=\"tag noopener\" target=\"_blank\">T\u00e9moignage<\/a><\/p>\n<p>Simon Barth\u00e9l\u00e9my<\/p>\n<p>Publi\u00e9 le 20 septembre 2025\u00a0\u00a0\u00b7\u00a0\u00a0<\/p>\n<p>Imprim\u00e9 le 20 septembre 2025 \u00e0 07h44\u00a0\u00a0\u00b7\u00a0\u00a0<\/p>\n<p>\t\t\t\t\t7\u00a0minutes\n<\/p>\n<p>\u00ab\u00a0Le Crous de Bordeaux pr\u00e9f\u00e8re l\u2019omerta organis\u00e9e plut\u00f4t que prot\u00e9ger les victimes\u00a0\u00bb, s\u2019est indign\u00e9 l\u2019Unef dans un communiqu\u00e9 le 11 septembre dernier. Apr\u00e8s la <a href=\"https:\/\/rue89bordeaux.com\/2025\/07\/harcelement-sexuel-le-directeur-du-crous-de-bordeaux-suspendu-pour-comportements-inappropries\/\" target=\"_blank\" rel=\"noopener\">suspension \u00e0 titre conservatoire par le minist\u00e8re de l\u2019enseignement sup\u00e9rieur de Jean-Pierre Ferr\u00e9<\/a>, le directeur g\u00e9n\u00e9ral du Centre r\u00e9gional des \u0153uvres universitaires et scolaires, accus\u00e9 de \u00ab\u00a0comportements inappropri\u00e9s\u00a0\u00bb, le syndicat \u00e9tudiant d\u00e9nonce les \u00ab\u00a0cons\u00e9quences lourdes\u00a0\u00bb des circonstances dans lesquelles a \u00e9t\u00e9 men\u00e9e l\u2019enqu\u00eate administrative \u00e0 son encontre.<\/p>\n<p>Celle-ci avait \u00e9t\u00e9 ouverte le 26 f\u00e9vrier dernier par l\u2019Inspection g\u00e9n\u00e9rale de l\u2019enseignement sup\u00e9rieur et la recherche (IGESR) suite \u00e0 des accusations de violences sexistes et sexuelles. Mais elle s\u2019\u00e9tait d\u00e9roul\u00e9e sans que Jean-Pierre Ferr\u00e9 ne soit suspendu provisoirement de ses fonctions \u00e0 la t\u00eate du Crous, une institution de 830 employ\u00e9s, g\u00e9rant notamment sur le campus bordelais 8700 logements, 6 restaurants universitaires et 7 caf\u00e9t\u00e9rias.<\/p>\n<p>\t\tDes signalements \u00ab\u00a0enterr\u00e9s\u00a0\u00bb<\/p>\n<p>\u00ab\u00a0Pendant six mois, le directeur g\u00e9n\u00e9ral a donc continu\u00e9 d\u2019exercer son autorit\u00e9, contr\u00f4lant le climat interne et les conditions de d\u00e9roulement de l\u2019enqu\u00eate qui le visait\u00a0\u00bb, poursuit l\u2019Unef : <\/p>\n<blockquote class=\"wp-block-quote is-layout-flow wp-block-quote-is-layout-flow\">\n<p>\u00ab\u00a0Les victimes pr\u00e9sum\u00e9es [\u2026] ont continu\u00e9 \u00e0 travailler quotidiennement avec l\u2019individu qu\u2019elles accusaient. Comment se sentir prot\u00e9g\u00e9es quand il exerce toujours son autorit\u00e9 sur elles ? Comment inciter d\u2019autres victimes potentielles \u00e0 faire des signalements \u00e0 la cellule de veille quand les pr\u00e9c\u00e9dents ont \u00e9t\u00e9 enterr\u00e9s ?\u00a0\u00bb<\/p>\n<\/blockquote>\n<p>Selon le syndicat, qui s\u2019est exprim\u00e9 au lendemain d\u2019un conseil d\u2019administration du Crous, en pr\u00e9sence de la pr\u00e9sidente du Cnous, l\u2019instance nationale supervisant les comit\u00e9s r\u00e9gionaux, \u00ab\u00a0l\u2019administration elle-m\u00eame a reconnu que la cellule de veille du CROUS de Bordeaux \u00e9tait dysfonctionnelle, que les victimes pr\u00e9sum\u00e9es l\u2019avaient saisie mais que leurs signalements n\u2019avaient pas \u00e9t\u00e9 trait\u00e9s, et que la position du directeur g\u00e9n\u00e9ral, au sommet de la hi\u00e9rarchie, avait bloqu\u00e9 toute remont\u00e9e\u00a0\u00bb.<\/p>\n<p>Ce que confirme S\u00e9bastien Barth\u00e9l\u00e9my, repr\u00e9sentant Sgen-CFDT des personnels du CROUS : <\/p>\n<blockquote class=\"wp-block-quote is-layout-flow wp-block-quote-is-layout-flow\">\n<p>\u00ab\u00a0La pr\u00e9sidente a reconnu une d\u00e9faillance dans le sens que la plateforme de signalement rendait compte directement au CROUS de Bordeaux, c\u2019est cette passerelle qui pose probl\u00e8me. Nous l\u2019avions d\u00e9nonc\u00e9 \u00e0 plusieurs reprises, et la pr\u00e9sidente du Cnous l\u2019a reconnu et le regrette.\u00a0\u00bb<\/p>\n<\/blockquote>\n<p>\t\t\u00ab\u00a0\u00c9viter de prendre l\u2019ascenseur seule avec lui\u00a0\u00bb<\/p>\n<p>Dans des r\u00e9ponses adress\u00e9es par mail \u00e0 Rue89 Bordeaux, le Cnous affirme vouloir y rem\u00e9dier : <\/p>\n<blockquote class=\"wp-block-quote is-layout-flow wp-block-quote-is-layout-flow\">\n<p>\u00ab\u00a0Le positionnement des cellules VSS et la remont\u00e9e des signalements en dehors de la chaine hi\u00e9rarchique seront au c\u0153ur d\u2019un plan d\u00e9di\u00e9 \u00e0 ces sujets qui sera pr\u00e9sent\u00e9 d\u2019ici la fin d\u2019ann\u00e9e\u00a0\u00bb.<\/p>\n<\/blockquote>\n<p>Un ex chef de service au Crous de Bordeaux, Melvin (le nom a \u00e9t\u00e9 chang\u00e9) t\u00e9moigne \u00e0 Rue89 Bordeaux ces \u00ab\u00a0dysfonctionnements\u00a0\u00bb, dont il a fait \u00e9tat durant l\u2019enqu\u00eate administrative. <\/p>\n<p>Rue89 Bordeaux a besoin de vos dons<\/p>\n<p>Mille mercis \u00e0 nos 131 donateurs ! Gr\u00e2ce \u00e0 vous, nous avons atteint notre objectif initial de 10\u202f000\u202f\u20ac. Ce soutien va nous permettre de renflouer notre tr\u00e9sorerie, apr\u00e8s le d\u00e9sengagement en 2025 d\u2019un annonceur important \u2013 Bordeaux M\u00e9tropole \u2013 et de r\u00e9gler nos factures en attente.<br \/>Cependant, la cagnotte reste ouverte jusqu\u2019\u00e0 fin septembre afin de vous laisser l\u2019occasion de continuer \u00e0 soutenir votre m\u00e9dia ind\u00e9pendant. Chaque don est d\u00e9ductible des imp\u00f4ts \u00e0 hauteur de 66\u202f%. En recevoir davantage nous permettra de consolider nos finances, d\u2019envisager une rentr\u00e9e sereine, et surtout, d\u2019enrichir nos contenus et de renforcer notre r\u00e9daction.<\/p>\n<p><\/p>\n<p>Lisez la suite pour 1\u20ac<\/p>\n<p>En profitant de notre offre d\u2019essai, r\u00e9siliable en ligne \u00e0 tout moment.<\/p>\n<p><strong>Pour acc\u00e9der \u00e0 cet article, il faut \u00eatre abonn\u00e9. Pourquoi\u00a0?<\/strong><\/p>\n<p>Les informations exclusives, les enqu\u00eates et certains reportages constituent l\u2019\u00e9dition abonn\u00e9s de Rue89 Bordeaux. En tant que m\u00e9dia ind\u00e9pendant, nos ressources proviennent de nos lectrices et lecteurs abonn\u00e9s, aucun milliardaire ni groupe bancaire ne nous finance.<\/p>\n<p>Nous demandons \u00e0 nos lecteurs une faible contribution pour disposer \u00e0 Bordeaux d\u2019un m\u00e9dia critique des pouvoirs, capable d\u2019enqu\u00eater et de traiter les enjeux locaux en profondeur et dans la dur\u00e9e.<\/p>\n<p>Chaque abonnement compte. Toutes nos recettes sont investies dans un journalisme local ind\u00e9pendant, dont la force et la r\u00e9activit\u00e9 d\u00e9pend directement du nombre d\u2019abonn\u00e9s actifs.<\/p>\n<p class=\"has-text-align-right\"><strong><a href=\"https:\/\/rue89bordeaux.com\/?p=128375\" data-type=\"page\" data-id=\"0\" target=\"_blank\" rel=\"noopener\">Je m\u2019abonne\u00a0 <\/a><\/strong><\/p>\n<p>\t\t\t<a href=\"https:\/\/rue89bordeaux.com\/\" class=\"custom-logo-link\" rel=\"home noopener\" target=\"_blank\"><img loading=\"lazy\" decoding=\"async\" width=\"290\" height=\"49\" src=\"https:\/\/www.europesays.com\/fr\/wp-content\/uploads\/2025\/04\/logo.png\" class=\"custom-logo\" alt=\"Rue89Bordeaux Enqu\u00eates et informations de proximit\u00e9\"  \/><\/a><\/p>\n<p>\n\t\t\t\tAbonnez-vous maintenant pour suivre l\u2019actualit\u00e9 locale.\t\t\t<\/p>\n<p class=\"font-bold font-serif-heading mb-2 text-4xl\">\n\t\t\t\t\t\tL\u2019investigation locale \u00e0 port\u00e9e de main.\n\t\t\t\t\t<\/p>\n<p>\n\t\t\t\t\t\tAbonnez-vous et profitez d\u2019un acc\u00e8s illimit\u00e9 \u00e0 Rue89Bordeaux. Annulez quand vous voulez.\n\t\t\t\t\t<\/p>\n<p class=\"xl:text-sm\">\n\t\t\t\t\tD\u00e9j\u00e0 abonn\u00e9\u00a0?<br \/>\n\t\t\t\t\t<a class=\"border border-transparent text-center transition-colors duration-instant focus:border-info focus:rounded focus:shadow-focus cursor-pointer text-black hover:text-gray-700 active:bg-black-700 font-semibold inline-block\" href=\"https:\/\/rue89bordeaux.com\/user\/login\/?redirect=\/2025\/09\/des-secousses-au-crous-de-bordeaux-apres-leviction-de-son-directeur-suspecte-de-harcelement\/\" target=\"_blank\" rel=\"noopener\">Connectez-vous<\/a>\t\t\t\t<\/p>\n<p>\n\t\t\t\tChoisissez votre formule\u00a0:\n\t\t\t<\/p>\n<p>\t\t\t\tFermer<\/p>\n","protected":false},"excerpt":{"rendered":"Avant d\u2019\u00eatre suspendu de son poste de directeur g\u00e9n\u00e9ral du Crous de Bordeaux pour \u00ab\u00a0comportements inappropri\u00e9s\u00a0\u00bb, Jean-Pierre Ferr\u00e9&hellip;\n","protected":false},"author":2,"featured_media":404121,"comment_status":"","ping_status":"","sticky":false,"template":"","format":"standard","meta":{"footnotes":""},"categories":[2817],"tags":[1111,11,1997,13684,1777,674,1011,27,3668,12,2219,25,49565,799],"class_list":{"0":"post-404120","1":"post","2":"type-post","3":"status-publish","4":"format-standard","5":"has-post-thumbnail","7":"category-bordeaux","8":"tag-actu","9":"tag-actualites","10":"tag-bordeaux","11":"tag-crous","12":"tag-eu","13":"tag-europe","14":"tag-fr","15":"tag-france","16":"tag-harcelement","17":"tag-news","18":"tag-nouvelle-aquitaine","19":"tag-republique-francaise","20":"tag-unef","21":"tag-violences-sexuelles"},"share_on_mastodon":{"url":"https:\/\/pubeurope.com\/@fr\/115235039875158655","error":""},"_links":{"self":[{"href":"https:\/\/www.europesays.com\/fr\/wp-json\/wp\/v2\/posts\/404120","targetHints":{"allow":["GET"]}}],"collection":[{"href":"https:\/\/www.europesays.com\/fr\/wp-json\/wp\/v2\/posts"}],"about":[{"href":"https:\/\/www.europesays.com\/fr\/wp-json\/wp\/v2\/types\/post"}],"author":[{"embeddable":true,"href":"https:\/\/www.europesays.com\/fr\/wp-json\/wp\/v2\/users\/2"}],"replies":[{"embeddable":true,"href":"https:\/\/www.europesays.com\/fr\/wp-json\/wp\/v2\/comments?post=404120"}],"version-history":[{"count":0,"href":"https:\/\/www.europesays.com\/fr\/wp-json\/wp\/v2\/posts\/404120\/revisions"}],"wp:featuredmedia":[{"embeddable":true,"href":"https:\/\/www.europesays.com\/fr\/wp-json\/wp\/v2\/media\/404121"}],"wp:attachment":[{"href":"https:\/\/www.europesays.com\/fr\/wp-json\/wp\/v2\/media?parent=404120"}],"wp:term":[{"taxonomy":"category","embeddable":true,"href":"https:\/\/www.europesays.com\/fr\/wp-json\/wp\/v2\/categories?post=404120"},{"taxonomy":"post_tag","embeddable":true,"href":"https:\/\/www.europesays.com\/fr\/wp-json\/wp\/v2\/tags?post=404120"}],"curies":[{"name":"wp","href":"https:\/\/api.w.org\/{rel}","templated":true}]}}