{"id":404132,"date":"2025-09-20T05:50:09","date_gmt":"2025-09-20T05:50:09","guid":{"rendered":"https:\/\/www.europesays.com\/fr\/404132\/"},"modified":"2025-09-20T05:50:09","modified_gmt":"2025-09-20T05:50:09","slug":"de-gros-orages-et-une-chute-vertigineuse-des-temperatures","status":"publish","type":"post","link":"https:\/\/www.europesays.com\/fr\/404132\/","title":{"rendered":"de \u00ab\u00a0gros orages\u00a0\u00bb et une chute vertigineuse des temp\u00e9ratures"},"content":{"rendered":"<p>            Par<br \/>\n        <strong><br \/>\n            <a href=\"https:\/\/actu.fr\/auteur\/thibault-nadal-actu-fr\" title=\"Consulter tous les articles de Thibault Nadal\" target=\"_blank\" rel=\"noopener\">Thibault Nadal<\/a><br \/>\n        <\/strong><\/p>\n<p>        Publi\u00e9 le<\/p>\n<p>            20 sept. 2025 \u00e0 7h21        <\/p>\n<p>Le Classique entre <a href=\"https:\/\/actu.fr\/tag\/olympique-de-marseille-om\" target=\"_blank\" rel=\"noopener\">l\u2019OM<\/a> et le PSG ne sera pas seulement <strong>\u00e9lectrique<\/strong> sur la pelouse <a href=\"https:\/\/actu.fr\/tag\/stade-velodrome\" target=\"_blank\" rel=\"noopener\">du stade V\u00e9lodrome<\/a>. Mais \u00e9galement dans le ciel puisque de \u00ab\u2009gros orages\u2009\u00bb sont attendus dans le ciel de <a href=\"https:\/\/actu.fr\/marseille\/\" target=\"_blank\" rel=\"noopener\">Marseille<\/a> ce dimanche soir 21\u00a0septembre 2025, selon les pr\u00e9visions de Paul Marquis, fondateur de <a href=\"https:\/\/www.facebook.com\/lameteodu13\" target=\"_blank\" rel=\"noopener\">La M\u00e9t\u00e9o du 13<\/a>.<\/p>\n<p>Le temps va radicalement changer<\/p>\n<p class=\" wall-content\">La fin de semaine s\u2019annon\u00e7ait pourtant radieuse avec un grand soleil et des temp\u00e9ratures d\u00e9passant les 25\u00b0C. Mais ce beau temps va laisser place \u00e0 <strong>un \u00ab\u2009possible \u00e9pisode m\u00e9diterran\u00e9en\u2009\u00bb<\/strong>, \u00e9crit le sp\u00e9cialiste sur son compte X.<\/p>\n<p class=\" wall-content\">\n<p class=\" wall-content\">Il devrait arriver sur <a href=\"https:\/\/actu.fr\/provence-alpes-cote-d-azur\/bouches-du-rhone_13\" target=\"_blank\" rel=\"noopener\">les Bouches-du-Rh\u00f4ne<\/a>, <strong>ce dimanche d\u00e8s le matin, uniquement dans l\u2019Ouest<\/strong>, vers Saint-Maries-de-la-Mer, avant de gagner peu \u00e0 peu l\u2019ensemble du d\u00e9partement et d\u2019arriver sur Marseille dans la soir\u00e9e, alors que 67000 personnes seront mass\u00e9es dans l\u2019enceinte du boulevard Michelet pour le choc entre l\u2019OM et le PSG.<\/p>\n<p class=\" wall-content\">\u00ab\u2009Il va y avoir de gros <a href=\"https:\/\/actu.fr\/tag\/orages\" target=\"_blank\" rel=\"noopener\">orages<\/a> durant le match\u2009\u00bb, pr\u00e9dit Paul Marquis, qui se montre pessimiste face aux supporters qui l\u2019interrogent.<\/p>\n<p>Une chute drastique<\/p>\n<p class=\" wall-content\">Mais ce n\u2019est pas tout. \u00ab\u2009Cette d\u00e9gradation sera associ\u00e9e \u00e0 une chute des temp\u00e9ratures \u00e0 l\u2019arri\u00e8re, ouvrant la voie \u00e0 une p\u00e9riode bien plus automnale par la suite\u2009\u00bb, indique le m\u00e9t\u00e9orologue ind\u00e9pendant.<\/p>\n<p class=\" wall-content\">Fini les vestes et tee-shirt en cette mi-septembre, il va ressortir les habits un peu plus chauds du placard. Selon <a href=\"https:\/\/meteofrance.com\/previsions-meteo-france\/bouches-du-rhone\/13\" target=\"_blank\" rel=\"noopener\">M\u00e9t\u00e9o-France<\/a>, <strong>le mercure va chuter de plus de dix degr\u00e9s en deux jours<\/strong>. Les 30\u00b0C du week-end \u00e0 <a href=\"https:\/\/meteofrance.com\/previsions-meteo-france\/bouches-du-rhone\/13\" target=\"_blank\" rel=\"noopener\">Aix-en-Provence<\/a> vont laisser place \u00e0 19\u00b0C ce lundi 22\u00a0septembre 2025.<\/p>\n<p class=\" wall-content\">\u00c0 Marseille, les temp\u00e9ratures vont <strong>passer de 27\u00b0C \u00e0 20\u00b0C<\/strong> avec des soir\u00e9es plut\u00f4t fra\u00eeches avec 17\u00b0C annonc\u00e9s.<\/p>\n<p class=\" wall-content\">Personnalisez votre actualit\u00e9 en ajoutant vos villes et m\u00e9dias en favori avec <a href=\"https:\/\/moncompte.actu.fr\" title=\"D\u00e9couvez Mon Actu\" rel=\"nofollow noopener\" data-trk=\"{&quot;cta&quot;:{&quot;action&quot;:&quot;https:\\\/\\\/moncompte.actu.fr&quot;,&quot;category&quot;:&quot;mon compte&quot;,&quot;from&quot;:&quot;article footer&quot;,&quot;name&quot;:&quot;Mon actu&quot;,&quot;type&quot;:&quot;cta&quot;}}\" target=\"_blank\">Mon Actu<\/a>.<\/p>\n","protected":false},"excerpt":{"rendered":"Par Thibault Nadal Publi\u00e9 le 20 sept. 2025 \u00e0 7h21 Le Classique entre l\u2019OM et le PSG ne&hellip;\n","protected":false},"author":2,"featured_media":17892,"comment_status":"","ping_status":"","sticky":false,"template":"","format":"standard","meta":{"footnotes":""},"categories":[2814],"tags":[1111,11,1777,674,1011,27,884,2487,2357,12,4594,882,25],"class_list":{"0":"post-404132","1":"post","2":"type-post","3":"status-publish","4":"format-standard","5":"has-post-thumbnail","7":"category-marseille","8":"tag-actu","9":"tag-actualites","10":"tag-eu","11":"tag-europe","12":"tag-fr","13":"tag-france","14":"tag-marseille","15":"tag-meteo","16":"tag-meteo-france","17":"tag-news","18":"tag-orages","19":"tag-provence-alpes-cote-dazur","20":"tag-republique-francaise"},"share_on_mastodon":{"url":"https:\/\/pubeurope.com\/@fr\/115235063302908915","error":""},"_links":{"self":[{"href":"https:\/\/www.europesays.com\/fr\/wp-json\/wp\/v2\/posts\/404132","targetHints":{"allow":["GET"]}}],"collection":[{"href":"https:\/\/www.europesays.com\/fr\/wp-json\/wp\/v2\/posts"}],"about":[{"href":"https:\/\/www.europesays.com\/fr\/wp-json\/wp\/v2\/types\/post"}],"author":[{"embeddable":true,"href":"https:\/\/www.europesays.com\/fr\/wp-json\/wp\/v2\/users\/2"}],"replies":[{"embeddable":true,"href":"https:\/\/www.europesays.com\/fr\/wp-json\/wp\/v2\/comments?post=404132"}],"version-history":[{"count":0,"href":"https:\/\/www.europesays.com\/fr\/wp-json\/wp\/v2\/posts\/404132\/revisions"}],"wp:featuredmedia":[{"embeddable":true,"href":"https:\/\/www.europesays.com\/fr\/wp-json\/wp\/v2\/media\/17892"}],"wp:attachment":[{"href":"https:\/\/www.europesays.com\/fr\/wp-json\/wp\/v2\/media?parent=404132"}],"wp:term":[{"taxonomy":"category","embeddable":true,"href":"https:\/\/www.europesays.com\/fr\/wp-json\/wp\/v2\/categories?post=404132"},{"taxonomy":"post_tag","embeddable":true,"href":"https:\/\/www.europesays.com\/fr\/wp-json\/wp\/v2\/tags?post=404132"}],"curies":[{"name":"wp","href":"https:\/\/api.w.org\/{rel}","templated":true}]}}