{"id":404135,"date":"2025-09-20T05:52:08","date_gmt":"2025-09-20T05:52:08","guid":{"rendered":"https:\/\/www.europesays.com\/fr\/404135\/"},"modified":"2025-09-20T05:52:08","modified_gmt":"2025-09-20T05:52:08","slug":"nouveau-a-lyon-cette-enseigne-qui-vend-un-objet-ultra-populaire-ouvre-a-la-part-dieu","status":"publish","type":"post","link":"https:\/\/www.europesays.com\/fr\/404135\/","title":{"rendered":"Nouveau \u00e0 Lyon. Cette enseigne qui vend un objet ultra-populaire ouvre \u00e0 la Part-Dieu"},"content":{"rendered":"<p>            Par<br \/>\n        <strong><br \/>\n            <a href=\"https:\/\/actu.fr\/auteur\/julien-sournies\" title=\"Consulter tous les articles de Julien Sournies\" rel=\"nofollow noopener\" target=\"_blank\">Julien Sournies<\/a><br \/>\n        <\/strong><\/p>\n<p>        Publi\u00e9 le<\/p>\n<p>            20 sept. 2025 \u00e0 7h24        <\/p>\n<p>Les vid\u00e9os faisant la promotion des \u00ab\u2009Labubus\u2009\u00bb, petites peluches aux dents de monstre et aux oreilles de lapin, sont devenues virales sur les r\u00e9seaux sociaux depuis plusieurs mois\u2009: \u00e0 <a href=\"https:\/\/actu.fr\/lyon\/\" rel=\"nofollow noopener\" target=\"_blank\">Lyon<\/a>, gr\u00e2ce \u00e0 l\u2019arriv\u00e9e d\u2019un magasin <a href=\"https:\/\/actu.fr\/auvergne-rhone-alpes\/lyon_69123\/lyon-cette-boutique-chinoise-tendance-debarque-au-centre-part-dieu-une-premiere-en-ville_62813374.html\" rel=\"nofollow noopener\" target=\"_blank\">Pop Mart<\/a>, il va bient\u00f4t \u00eatre plus simple d\u2019en acqu\u00e9rir.<\/p>\n<p class=\" wall-content\">Pour cause\u2009: l\u2019enseigne chinoise, laquelle vend \u00e9galement des porte-cl\u00e9s ou encore des produits sous licence type Disney ou<a href=\"https:\/\/actu.fr\/auvergne-rhone-alpes\/lyon_69123\/lyon-cet-evenement-harry-potter-qui-a-attire-une-foule-monstre-a-part-dieu-revient-a-confluence_63065988.html\" rel=\"nofollow noopener\" target=\"_blank\"> Harry Potter<\/a>, ouvre une boutique au niveau z\u00e9ro du centre Westfield Lyon Part-Dieu le <strong>vendredi 26\u00a0septembre<\/strong>.<\/p>\n<p class=\" wall-content\">Il s\u2019agira de son deuxi\u00e8me point de vente hors de Paris, apr\u00e8s celui ouvert r\u00e9cemment \u00e0 <a href=\"https:\/\/actu.fr\/nouvelle-aquitaine\/bordeaux_33063\/ses-peluches-affolent-les-reseaux-cette-marque-chinoise-ouvre-sa-premiere-boutique-a-bordeaux_63115184.html\" rel=\"nofollow noopener\" target=\"_blank\">Bordeaux<\/a>.<\/p>\n<p>Un spectacle et une offre sp\u00e9ciale<\/p>\n<p class=\" wall-content\">Pour son ouverture au sein du centre commercial lyonnais, l\u2019enseigne donne ainsi rendez-vous \u00e0 ses premiers clients \u00e0 <strong>9h30<\/strong>. Par ailleurs, \u00e0 l\u2019occasion de son inauguration, un <strong>spectacle interactif<\/strong> aura lieu \u00e0 midi, juste devant la boutique.<\/p>\n<p class=\" wall-content\"><a href=\"https:\/\/www.instagram.com\/p\/DOquUUiDpKL\/embed\" title=\"Ouvrir le lien sur Instagram\" rel=\"nofollow noopener\" target=\"_blank\">Visualiser le contenu sur Instagram<\/a><\/p>\n<p class=\" wall-content\">Mais ce n\u2019est pas tout\u2009: pour tout achat <strong>d\u2019au moins 30\u00a0euros<\/strong> en boutique Westfield La Part-Dieu, Pop Mart offrira une carte postale \u00e0 l\u2019effigie d\u2019une figurine Hirono-Stereoscopic. L\u2019enseigne pr\u00e9cise n\u00e9anmoins que les \u00ab\u2009quantit\u00e9s sont limit\u00e9es\u2009\u00bb et que les \u00ab\u2009premiers arriv\u00e9s seront les premiers servis\u2009\u00bb.<\/p>\n<p class=\" wall-content\">En tout cas, au regard de l\u2019engouement que suscitent ces poup\u00e9es sur la toile, il est fort probable que la boutique sera r\u00e9guli\u00e8rement prise d\u2019assaut.<\/p>\n<p class=\" wall-content\">Personnalisez votre actualit\u00e9 en ajoutant vos villes et m\u00e9dias en favori avec <a href=\"https:\/\/moncompte.actu.fr\" title=\"D\u00e9couvez Mon Actu\" rel=\"nofollow noopener\" data-trk=\"{&quot;cta&quot;:{&quot;action&quot;:&quot;https:\\\/\\\/moncompte.actu.fr&quot;,&quot;category&quot;:&quot;mon compte&quot;,&quot;from&quot;:&quot;article footer&quot;,&quot;name&quot;:&quot;Mon actu&quot;,&quot;type&quot;:&quot;cta&quot;}}\" target=\"_blank\">Mon Actu<\/a>.<\/p>\n<p>                    <script async src=\"\/\/www.instagram.com\/embed.js\"><\/script><\/p>\n","protected":false},"excerpt":{"rendered":"Par Julien Sournies Publi\u00e9 le 20 sept. 2025 \u00e0 7h24 Les vid\u00e9os faisant la promotion des \u00ab\u2009Labubus\u2009\u00bb, petites&hellip;\n","protected":false},"author":2,"featured_media":389043,"comment_status":"","ping_status":"","sticky":false,"template":"","format":"standard","meta":{"footnotes":""},"categories":[1889],"tags":[1111,11,2430,215,33,1777,674,1011,27,2428,6178,12,3147,25],"class_list":{"0":"post-404135","1":"post","2":"type-post","3":"status-publish","4":"format-standard","5":"has-post-thumbnail","7":"category-lyon","8":"tag-actu","9":"tag-actualites","10":"tag-auvergne-rhone-alpes","11":"tag-commerce","12":"tag-economie","13":"tag-eu","14":"tag-europe","15":"tag-fr","16":"tag-france","17":"tag-lyon","18":"tag-lyon-part-dieu","19":"tag-news","20":"tag-nouveaux-commerces","21":"tag-republique-francaise"},"share_on_mastodon":{"url":"https:\/\/pubeurope.com\/@fr\/115235071216810193","error":""},"_links":{"self":[{"href":"https:\/\/www.europesays.com\/fr\/wp-json\/wp\/v2\/posts\/404135","targetHints":{"allow":["GET"]}}],"collection":[{"href":"https:\/\/www.europesays.com\/fr\/wp-json\/wp\/v2\/posts"}],"about":[{"href":"https:\/\/www.europesays.com\/fr\/wp-json\/wp\/v2\/types\/post"}],"author":[{"embeddable":true,"href":"https:\/\/www.europesays.com\/fr\/wp-json\/wp\/v2\/users\/2"}],"replies":[{"embeddable":true,"href":"https:\/\/www.europesays.com\/fr\/wp-json\/wp\/v2\/comments?post=404135"}],"version-history":[{"count":0,"href":"https:\/\/www.europesays.com\/fr\/wp-json\/wp\/v2\/posts\/404135\/revisions"}],"wp:featuredmedia":[{"embeddable":true,"href":"https:\/\/www.europesays.com\/fr\/wp-json\/wp\/v2\/media\/389043"}],"wp:attachment":[{"href":"https:\/\/www.europesays.com\/fr\/wp-json\/wp\/v2\/media?parent=404135"}],"wp:term":[{"taxonomy":"category","embeddable":true,"href":"https:\/\/www.europesays.com\/fr\/wp-json\/wp\/v2\/categories?post=404135"},{"taxonomy":"post_tag","embeddable":true,"href":"https:\/\/www.europesays.com\/fr\/wp-json\/wp\/v2\/tags?post=404135"}],"curies":[{"name":"wp","href":"https:\/\/api.w.org\/{rel}","templated":true}]}}