{"id":40415,"date":"2025-04-21T02:34:09","date_gmt":"2025-04-21T02:34:09","guid":{"rendered":"https:\/\/www.europesays.com\/fr\/40415\/"},"modified":"2025-04-21T02:34:09","modified_gmt":"2025-04-21T02:34:09","slug":"et-si-la-poissonnerie-robert-devenait-la-plus-grosse-de-france","status":"publish","type":"post","link":"https:\/\/www.europesays.com\/fr\/40415\/","title":{"rendered":"et si la poissonnerie Robert devenait la plus grosse de France\u00a0?"},"content":{"rendered":"<p>La poissonnerie Robert, c\u2019est une institution qui reposait jusqu\u2019\u00e0 il y a peu encore sur un homme\u00a0: S\u00e9bastien Robert. Mais l\u2019\u00e9t\u00e9 dernier, il a d\u00e9cid\u00e9 de changer de cap dans sa vie professionnelle, <a href=\"https:\/\/www.leprogres.fr\/economie\/2024\/12\/26\/la-poissonnerie-robert-place-grenette-a-change-de-main\" target=\"_blank\" rel=\"nofollow noopener\">et de vendre son affaire<\/a>.<\/p>\n<p>Laquelle est tomb\u00e9e dans les filets de Lo\u00efc Buchetet, un entrepreneur venu de Valence dans la Dr\u00f4me, o\u00f9 il codirige depuis deux ans, avec son fr\u00e8re, une soci\u00e9t\u00e9 de food-trucks sp\u00e9cialis\u00e9s dans les burgers de poisson et les poke bowls. C\u2019est d\u2019ailleurs en cherchant \u00e0 contr\u00f4ler directement son approvisionnement en poisson qu\u2019il a d\u00e9couvert l\u2019opportunit\u00e9 de reprise.<\/p>\n<p>De 500\u00a0000\u00a0\u00e0 700\u00a0000 euros pour le nouveau laboratoire<\/p>\n<p>Ce fils et petit-fils de boulangers, passionn\u00e9 des beaux produits alimentaires, croit fort au&#8230;<\/p>\n","protected":false},"excerpt":{"rendered":"La poissonnerie Robert, c\u2019est une institution qui reposait jusqu\u2019\u00e0 il y a peu encore sur un homme\u00a0: S\u00e9bastien&hellip;\n","protected":false},"author":2,"featured_media":40416,"comment_status":"","ping_status":"","sticky":false,"template":"","format":"standard","meta":{"footnotes":""},"categories":[9653],"tags":[1111,11,2430,4406,33,7539,1777,674,107,1011,27,3367,12,25,9669,9670,4001,10806,216],"class_list":{"0":"post-40415","1":"post","2":"type-post","3":"status-publish","4":"format-standard","5":"has-post-thumbnail","7":"category-saint-etienne","8":"tag-actu","9":"tag-actualites","10":"tag-auvergne-rhone-alpes","11":"tag-commerce-et-services","12":"tag-economie","13":"tag-edition-loire-sud","14":"tag-eu","15":"tag-europe","16":"tag-fil-info","17":"tag-fr","18":"tag-france","19":"tag-loire","20":"tag-news","21":"tag-republique-francaise","22":"tag-saint-chamond","23":"tag-saint-chamond-ville","24":"tag-saint-etienne","25":"tag-selection-de-la-redaction-42","26":"tag-vie-des-entreprises"},"share_on_mastodon":{"url":"https:\/\/pubeurope.com\/@fr\/114373621435072537","error":""},"_links":{"self":[{"href":"https:\/\/www.europesays.com\/fr\/wp-json\/wp\/v2\/posts\/40415","targetHints":{"allow":["GET"]}}],"collection":[{"href":"https:\/\/www.europesays.com\/fr\/wp-json\/wp\/v2\/posts"}],"about":[{"href":"https:\/\/www.europesays.com\/fr\/wp-json\/wp\/v2\/types\/post"}],"author":[{"embeddable":true,"href":"https:\/\/www.europesays.com\/fr\/wp-json\/wp\/v2\/users\/2"}],"replies":[{"embeddable":true,"href":"https:\/\/www.europesays.com\/fr\/wp-json\/wp\/v2\/comments?post=40415"}],"version-history":[{"count":0,"href":"https:\/\/www.europesays.com\/fr\/wp-json\/wp\/v2\/posts\/40415\/revisions"}],"wp:featuredmedia":[{"embeddable":true,"href":"https:\/\/www.europesays.com\/fr\/wp-json\/wp\/v2\/media\/40416"}],"wp:attachment":[{"href":"https:\/\/www.europesays.com\/fr\/wp-json\/wp\/v2\/media?parent=40415"}],"wp:term":[{"taxonomy":"category","embeddable":true,"href":"https:\/\/www.europesays.com\/fr\/wp-json\/wp\/v2\/categories?post=40415"},{"taxonomy":"post_tag","embeddable":true,"href":"https:\/\/www.europesays.com\/fr\/wp-json\/wp\/v2\/tags?post=40415"}],"curies":[{"name":"wp","href":"https:\/\/api.w.org\/{rel}","templated":true}]}}