{"id":404159,"date":"2025-09-20T06:07:15","date_gmt":"2025-09-20T06:07:15","guid":{"rendered":"https:\/\/www.europesays.com\/fr\/404159\/"},"modified":"2025-09-20T06:07:15","modified_gmt":"2025-09-20T06:07:15","slug":"lue-brise-un-tabou-en-imposant-les-premieres-sanctions-contre-le-gnl-russe","status":"publish","type":"post","link":"https:\/\/www.europesays.com\/fr\/404159\/","title":{"rendered":"l&rsquo;UE brise un tabou en imposant les premi\u00e8res sanctions contre le GNL russe"},"content":{"rendered":"<p class=\"mb-4 text-lg md:leading-8 break-words\">Apr\u00e8s plus de trois ans et demi de guerre brutale en Ukraine, l&rsquo;Union europ\u00e9enne a bris\u00e9 un tabou de longue date : les sanctions contre le gaz russe.<\/p>\n<p class=\"mb-4 text-lg md:leading-8 break-words\">L&rsquo;Union applique depuis longtemps des sanctions, qui requi\u00e8rent l&rsquo;approbation unanime des 27 \u00c9tats membres, aux importations de p\u00e9trole et de charbon russes, mais n&rsquo;a pas touch\u00e9 au gaz russe, ce qui a suscit\u00e9 la consternation de Kiev et des pays d&rsquo;Europe de l&rsquo;Est.<\/p>\n<p class=\"mb-4 text-lg md:leading-8 break-words\">La situation a chang\u00e9 vendredi, lorsque la Commission europ\u00e9enne a propos\u00e9, <a href=\"https:\/\/fr.euronews.com\/my-europe\/2025\/09\/19\/sanctions-contre-la-russie-lue-cible-le-gnl-les-banques-et-les-cryptomonnaies\" rel=\"nofollow noopener\" target=\"_blank\" data-ylk=\"slk:pour la premi\u00e8re fois;elm:context_link;itc:0;sec:content-canvas\" class=\"link \"><strong>pour la premi\u00e8re fois<\/strong><\/a>, d&rsquo;appliquer des sanctions au gaz russe, en particulier au gaz naturel liqu\u00e9fi\u00e9 (GNL), qui continue aujourd&rsquo;hui d&rsquo;affluer en Belgique, aux Pays-Bas, en France, en Espagne et au Portugal.<\/p>\n<p class=\"mb-4 text-lg md:leading-8 break-words\">\u00ab\u00a0Jusqu&rsquo;\u00e0 pr\u00e9sent, nous n&rsquo;avons pas eu de sanctions sur l&rsquo;achat de gaz russe, et cela va maintenant changer \u00ab\u00a0, a d\u00e9clar\u00e9 Dan J\u00f8rgensen, le commissaire europ\u00e9en \u00e0 l&rsquo;\u00e9nergie, lors d&rsquo;une interview accord\u00e9e \u00e0 Euronews.<\/p>\n<p class=\"mb-4 text-lg md:leading-8 break-words\">\u00ab\u00a0La situation est tr\u00e8s grave. Poutine refuse de s&rsquo;asseoir \u00e0 la table des n\u00e9gociations. Des drones russes survolent le territoire des Etats membres et cela ne peut pas durer. Cela doit avoir des cons\u00e9quences, et c&rsquo;est pourquoi nous prenons cette mesure\u00a0\u00bb.<\/p>\n<p class=\"mb-4 text-lg md:leading-8 break-words\">La Commission a pr\u00e9c\u00e9demment pr\u00e9sent\u00e9 une feuille de route ambitieuse visant \u00e0 \u00e9liminer tous les achats de combustibles fossiles russes <a href=\"https:\/\/fr.euronews.com\/my-europe\/2025\/05\/06\/lue-prevoit-de-mettre-fin-a-lexploitation-du-gaz-russe-y-compris-le-gnl-dici-a-2027\" rel=\"nofollow noopener\" target=\"_blank\" data-ylk=\"slk:d&#039;ici la fin de 2027;elm:context_link;itc:0;sec:content-canvas\" class=\"link \"><strong>d&rsquo;ici la fin de 2027<\/strong> <\/a>au plus tard.<\/p>\n<p class=\"mb-4 text-lg md:leading-8 break-words\">Mais face \u00e0 la forte pression de Donald Trump, qui a exhort\u00e9 les Europ\u00e9ens \u00e0 couper tous les liens \u00e9nerg\u00e9tiques avec Moscou, Bruxelles a pris une mesure pour acc\u00e9l\u00e9rer les choses. S&rsquo;il est approuv\u00e9, le paquet anticipera la fin du GNL russe d&rsquo;un an, au 1er janvier 2027.<\/p>\n<p class=\"mb-4 text-lg md:leading-8 break-words\">Parall\u00e8lement, a expliqu\u00e9 M. J\u00f8rgensen, le travail l\u00e9gislatif se poursuivra pour achever l&rsquo;\u00e9limination progressive de tous les achats de gaz de pipeline et de combustibles nucl\u00e9aires russes.<\/p>\n<p class=\"mb-4 text-lg md:leading-8 break-words\">L&rsquo;ann\u00e9e derni\u00e8re, l&rsquo;Union europ\u00e9enne a d\u00e9pens\u00e9 environ 21,9 milliards d&rsquo;euros en \u00e9nergie russe.<\/p>\n<p class=\"mb-4 text-lg md:leading-8 break-words\">\u00ab\u00a0En fin de compte, cela permettra d&rsquo;acc\u00e9l\u00e9rer l&rsquo;\u00e9limination progressive du gaz russe en Europe \u00ab\u00a0, a d\u00e9clar\u00e9 M. J\u00f8rgensen \u00e0 Euronews.<\/p>\n<p class=\"mb-4 text-lg md:leading-8 break-words\">Alors que la feuille de route, qui rel\u00e8ve de la politique commerciale, doit \u00eatre approuv\u00e9e \u00e0 la majorit\u00e9 qualifi\u00e9e, la nouvelle interdiction du GNL russe, qui est une sanction, doit \u00eatre approuv\u00e9e \u00e0 l&rsquo;unanimit\u00e9.<\/p>\n<p class=\"mb-4 text-lg md:leading-8 break-words\">Cela signifie que les gouvernements individuels seront en mesure de faire \u00e9chouer les mesures.<\/p>\n<p>Des n\u00e9gociations difficiles<\/p>\n<p class=\"mb-4 text-lg md:leading-8 break-words\">Tous les regards seront tourn\u00e9s vers la Hongrie et la Slovaquie, qui ont <a href=\"https:\/\/fr.news.yahoo.com\/nouvelles-sanctions-lue-contre-russie-064953867.html\" data-ylk=\"slk:une longue tradition de veto;elm:context_link;itc:0;sec:content-canvas;outcm:mb_qualified_link;_E:mb_qualified_link;ct:story;\" class=\"link  yahoo-link\" target=\"_blank\" rel=\"noopener\"><strong>une longue tradition de veto<\/strong><\/a>. Ces deux pays enclav\u00e9s n&rsquo;ach\u00e8tent pas de GNL russe, mais re\u00e7oivent du p\u00e9trole russe par l&rsquo;ol\u00e9oduc Droujba et du gaz russe par le gazoduc TurkStream.<\/p>\n<p class=\"mb-4 text-lg md:leading-8 break-words\">La Hongrie et la Slovaquie ont organis\u00e9 une campagne d&rsquo;opposition \u00e0 l&rsquo;\u00e9limination progressive de l&rsquo;\u00e9nergie russe, affirmant qu&rsquo;elle mettrait en danger la s\u00e9curit\u00e9 nationale, augmenterait les prix pour les consommateurs et entra\u00eenerait des poursuites judiciaires de plusieurs milliards d&rsquo;euros en guise de compensation.<\/p>\n<p class=\"mb-4 text-lg md:leading-8 break-words\">M. J\u00f8rgensen, qui a pris contact avec les deux pays pour r\u00e9pondre \u00e0 leurs pr\u00e9occupations, a exprim\u00e9 l&rsquo;espoir que l&rsquo;interdiction du GNL russe soit adopt\u00e9e.<\/p>\n<p class=\"mb-4 text-lg md:leading-8 break-words\">\u00ab\u00a0<strong>J&rsquo;esp\u00e8re vraiment que tous les pays d&rsquo;Europe reconna\u00eetront que la situation est encore plus grave qu&rsquo;auparavant et qu&rsquo;il faut vraiment agir\u00a0\u00bb,<\/strong> a-t-il d\u00e9clar\u00e9.<\/p>\n<p class=\"mb-4 text-lg md:leading-8 break-words\">\u00ab\u00a0Nous avons fait beaucoup pour qu&rsquo;aucun pays, y compris la Hongrie ou la Slovaquie, ne soit confront\u00e9 \u00e0 des probl\u00e8mes de s\u00e9curit\u00e9 d&rsquo;approvisionnement ou \u00e0 des hausses de prix parce que nous avons diversifi\u00e9 nos sources d&rsquo;approvisionnement en gaz, et nous sommes pr\u00eats, d\u00e9sireux et capables de le faire encore plus\u00a0\u00bb.<\/p>\n<p class=\"mb-4 text-lg md:leading-8 break-words\">Le commissaire a confirm\u00e9 que le dernier train de sanctions ne reviendrait pas sur la <a href=\"https:\/\/fr.news.yahoo.com\/pourquoi-lol%C3%A9oduc-droujba-%C3%A9t%C3%A9-%C3%A9pargn%C3%A9-171550308.html\" data-ylk=\"slk:d\u00e9rogation l\u00e9gale;elm:context_link;itc:0;sec:content-canvas;outcm:mb_qualified_link;_E:mb_qualified_link;ct:story;\" class=\"link  yahoo-link\" target=\"_blank\" rel=\"noopener\"><strong>d\u00e9rogation l\u00e9gale<\/strong><\/a> qui a permis \u00e0 la Hongrie et \u00e0 la Slovaquie de s&rsquo;approvisionner en brut \u00e0 partir de l&rsquo;ol\u00e9oduc Droujba, que l&rsquo;Ukraine a attaqu\u00e9 en ao\u00fbt afin de r\u00e9duire le tr\u00e9sor de guerre du Kremlin.<\/p>\n<p><img alt=\"Dan J\u00f8rgensen, commissaire europ\u00e9en \u00e0 l'\u00e9nergie.\" loading=\"lazy\" width=\"808\" height=\"539\" decoding=\"async\" data-nimg=\"1\" class=\"rounded-lg\" style=\"color:transparent\" src=\"https:\/\/www.europesays.com\/fr\/wp-content\/uploads\/2025\/09\/18141efaf234e500f8ec0e497e84986e.jpeg\"\/><\/p>\n<p> Dan J\u00f8rgensen, commissaire europ\u00e9en \u00e0 l&rsquo;\u00e9nergie.   &#8211; European Union, 2025. <\/p>\n<p class=\"mb-4 text-lg md:leading-8 break-words\">L&rsquo;exemption a \u00e9t\u00e9 accord\u00e9e \u00e0 la mi-2022 au terme de n\u00e9gociations tendues. Bien que les dirigeants aient promis de la r\u00e9examiner ult\u00e9rieurement, elle n&rsquo;a pas \u00e9t\u00e9 modifi\u00e9e.<\/p>\n<p class=\"mb-4 text-lg md:leading-8 break-words\">M. J\u00f8rgensen a d\u00e9clar\u00e9 que la suppression progressive finirait par combler cette lacune.<\/p>\n<p class=\"mb-4 text-lg md:leading-8 break-words\">\u00ab\u00a0Ce paquet se concentre sur le GNL. C&rsquo;est nouveau, c&rsquo;est un pas en avant et une pression plus forte que nous exer\u00e7ons sur la Russie\u00a0\u00bb, a-t-il d\u00e9clar\u00e9.<\/p>\n<p class=\"mb-4 text-lg md:leading-8 break-words\">\u00ab\u00a0En ce qui concerne le p\u00e9trole, nous avons d\u00e9j\u00e0 des sanctions. Deux pays b\u00e9n\u00e9ficient de d\u00e9rogations qui resteront en vigueur\u00a0\u00bb, a-t-il ajout\u00e9.<\/p>\n<p class=\"mb-4 text-lg md:leading-8 break-words\">Mais les sanctions sont \u00e9galement contourn\u00e9es, malheureusement, par la \u00ab\u00a0flotte fant\u00f4me\u00a0\u00bb de la Russie. Et les sanctions les toucheront aussi beaucoup plus durement\u00a0\u00bb.<\/p>\n<p class=\"mb-4 text-lg md:leading-8 break-words\">L&rsquo;ann\u00e9e derni\u00e8re, l&rsquo;Union europ\u00e9enne <a href=\"https:\/\/www.consilium.europa.eu\/en\/infographics\/where-does-the-eu-s-gas-come-from\/#:~:text=For%20pipeline%20gas%20and%20LNG,gas%20consumption%20in%20the%20EU.\" rel=\"nofollow noopener\" target=\"_blank\" data-ylk=\"slk:a achet\u00e9;elm:context_link;itc:0;sec:content-canvas\" class=\"link \"><strong>a achet\u00e9<\/strong><\/a> 20,05 milliards de m\u00e8tres cubes de GNL russe et 31,62 milliards de m\u00e8tres cubes de gazoduc russe, ce qui repr\u00e9sente 19 % de la consommation totale de gaz.<\/p>\n<p class=\"mb-4 text-lg md:leading-8 break-words\">L&rsquo;Union s&rsquo;est fortement tourn\u00e9e vers le GNL produit aux \u00c9tats-Unis, ce qui a conduit les critiques \u00e0 mettre en garde contre le remplacement de la d\u00e9pendance historique \u00e0 l&rsquo;\u00e9gard de l&rsquo;\u00e9nergie russe par une version am\u00e9ricaine.<\/p>\n","protected":false},"excerpt":{"rendered":"Apr\u00e8s plus de trois ans et demi de guerre brutale en Ukraine, l&rsquo;Union europ\u00e9enne a bris\u00e9 un tabou&hellip;\n","protected":false},"author":2,"featured_media":404160,"comment_status":"","ping_status":"","sticky":false,"template":"","format":"standard","meta":{"footnotes":""},"categories":[1586],"tags":[11,1777,674,1779,1011,27,53553,18317,49094,12,47533,25,7185,1778,364],"class_list":{"0":"post-404159","1":"post","2":"type-post","3":"status-publish","4":"format-standard","5":"has-post-thumbnail","7":"category-europe","8":"tag-actualites","9":"tag-eu","10":"tag-europe","11":"tag-european-union","12":"tag-fr","13":"tag-france","14":"tag-gaz-russe","15":"tag-gnl","16":"tag-lunion-europeenne-2","17":"tag-news","18":"tag-pays-deurope-de-lest","19":"tag-republique-francaise","20":"tag-sanctions","21":"tag-ue","22":"tag-union-europeenne"},"share_on_mastodon":{"url":"https:\/\/pubeurope.com\/@fr\/115235130511180031","error":""},"_links":{"self":[{"href":"https:\/\/www.europesays.com\/fr\/wp-json\/wp\/v2\/posts\/404159","targetHints":{"allow":["GET"]}}],"collection":[{"href":"https:\/\/www.europesays.com\/fr\/wp-json\/wp\/v2\/posts"}],"about":[{"href":"https:\/\/www.europesays.com\/fr\/wp-json\/wp\/v2\/types\/post"}],"author":[{"embeddable":true,"href":"https:\/\/www.europesays.com\/fr\/wp-json\/wp\/v2\/users\/2"}],"replies":[{"embeddable":true,"href":"https:\/\/www.europesays.com\/fr\/wp-json\/wp\/v2\/comments?post=404159"}],"version-history":[{"count":0,"href":"https:\/\/www.europesays.com\/fr\/wp-json\/wp\/v2\/posts\/404159\/revisions"}],"wp:featuredmedia":[{"embeddable":true,"href":"https:\/\/www.europesays.com\/fr\/wp-json\/wp\/v2\/media\/404160"}],"wp:attachment":[{"href":"https:\/\/www.europesays.com\/fr\/wp-json\/wp\/v2\/media?parent=404159"}],"wp:term":[{"taxonomy":"category","embeddable":true,"href":"https:\/\/www.europesays.com\/fr\/wp-json\/wp\/v2\/categories?post=404159"},{"taxonomy":"post_tag","embeddable":true,"href":"https:\/\/www.europesays.com\/fr\/wp-json\/wp\/v2\/tags?post=404159"}],"curies":[{"name":"wp","href":"https:\/\/api.w.org\/{rel}","templated":true}]}}