{"id":40417,"date":"2025-04-21T02:35:14","date_gmt":"2025-04-21T02:35:14","guid":{"rendered":"https:\/\/www.europesays.com\/fr\/40417\/"},"modified":"2025-04-21T02:35:14","modified_gmt":"2025-04-21T02:35:14","slug":"derby-asse-ol-un-individu-interpelle-apres-linterruption-du-match-saint-etienne-lyon","status":"publish","type":"post","link":"https:\/\/www.europesays.com\/fr\/40417\/","title":{"rendered":"Derby ASSE-OL. Un individu interpell\u00e9 apr\u00e8s l&rsquo;interruption du match Saint-\u00c9tienne-Lyon"},"content":{"rendered":"<p>\u00a0L&rsquo;AS Saint-\u00c9tienne a annonc\u00e9 dans la nuit de dimanche \u00e0 lundi que l&rsquo;auteur pr\u00e9sum\u00e9 d&rsquo;un jet de projectile qui a atteint un arbitre-assistant du match Saint-Etienne-Lyon (2-1), provoquant l&rsquo;interruption temporaire de la rencontre, avait \u00e9t\u00e9 interpell\u00e9 \u00e0 la sortie du stade Geoffroy-Guichard et plac\u00e9 en garde \u00e0 vue.<\/p>\n<p>Dans la foul\u00e9e de l&rsquo;incident, l&rsquo;ASSE a d\u00e9clar\u00e9 \u00ab avoir mis en place tous les moyens pour permettre d&rsquo;\u00e9tablir pr\u00e9cis\u00e9ment les faits \u00bb. \u00ab Cette enqu\u00eate a permis d&rsquo;identifier rapidement l&rsquo;auteur pr\u00e9sum\u00e9 d&rsquo;un jet de projectile. Sur la base d&rsquo;informations transmises par le club et en collaboration avec les autorit\u00e9s, l&rsquo;individu a \u00e9t\u00e9 interpell\u00e9 \u00e0 la sortie du stade et est d\u00e9sormais en garde \u00e0 vue \u00bb, selon un communiqu\u00e9 du club lig\u00e9rien.<\/p>\n<p>\u00ab Le club agira \u00e9galement avec la plus grande fermet\u00e9 en prenant de son c\u00f4t\u00e9, les sanctions les plus s\u00e9v\u00e8res afin que cet acte isol\u00e9 ne reste pas impuni \u00bb, a ajout\u00e9 l&rsquo;AS Saint-\u00c9tienne.<\/p>\n<p>Rappelons que le match Saint-\u00c9tienne-Lyon a \u00e9t\u00e9 interrompu \u00e0 la 45e minute apr\u00e8s que l&rsquo;arbitre assistant, Mehdi Rahmouni, a \u00e9t\u00e9 touch\u00e9 au cr\u00e2ne par un projectile lanc\u00e9 d&rsquo;une tribune peu avant le temps additionnel de la premi\u00e8re p\u00e9riode. L&rsquo;arbitre, Fran\u00e7ois Letexier, a renvoy\u00e9 les deux \u00e9quipes au vestiaire avant la tenue d&rsquo;une cellule de crise et la reprise du match apr\u00e8s 45 minutes d&rsquo;arr\u00eat environ.\u00a0<\/p>\n","protected":false},"excerpt":{"rendered":"\u00a0L&rsquo;AS Saint-\u00c9tienne a annonc\u00e9 dans la nuit de dimanche \u00e0 lundi que l&rsquo;auteur pr\u00e9sum\u00e9 d&rsquo;un jet de projectile&hellip;\n","protected":false},"author":2,"featured_media":30227,"comment_status":"","ping_status":"","sticky":false,"template":"","format":"standard","meta":{"footnotes":""},"categories":[9653],"tags":[1111,11,2430,9840,1777,674,107,1701,1011,27,3367,2428,12,2755,25,2429,4001,517],"class_list":{"0":"post-40417","1":"post","2":"type-post","3":"status-publish","4":"format-standard","5":"has-post-thumbnail","7":"category-saint-etienne","8":"tag-actu","9":"tag-actualites","10":"tag-auvergne-rhone-alpes","11":"tag-derby","12":"tag-eu","13":"tag-europe","14":"tag-fil-info","15":"tag-fil-info-sport","16":"tag-fr","17":"tag-france","18":"tag-loire","19":"tag-lyon","20":"tag-news","21":"tag-ol-olympique-lyonnais-football","22":"tag-republique-francaise","23":"tag-rhone","24":"tag-saint-etienne","25":"tag-sport"},"share_on_mastodon":{"url":"https:\/\/pubeurope.com\/@fr\/114373625365370282","error":""},"_links":{"self":[{"href":"https:\/\/www.europesays.com\/fr\/wp-json\/wp\/v2\/posts\/40417","targetHints":{"allow":["GET"]}}],"collection":[{"href":"https:\/\/www.europesays.com\/fr\/wp-json\/wp\/v2\/posts"}],"about":[{"href":"https:\/\/www.europesays.com\/fr\/wp-json\/wp\/v2\/types\/post"}],"author":[{"embeddable":true,"href":"https:\/\/www.europesays.com\/fr\/wp-json\/wp\/v2\/users\/2"}],"replies":[{"embeddable":true,"href":"https:\/\/www.europesays.com\/fr\/wp-json\/wp\/v2\/comments?post=40417"}],"version-history":[{"count":0,"href":"https:\/\/www.europesays.com\/fr\/wp-json\/wp\/v2\/posts\/40417\/revisions"}],"wp:featuredmedia":[{"embeddable":true,"href":"https:\/\/www.europesays.com\/fr\/wp-json\/wp\/v2\/media\/30227"}],"wp:attachment":[{"href":"https:\/\/www.europesays.com\/fr\/wp-json\/wp\/v2\/media?parent=40417"}],"wp:term":[{"taxonomy":"category","embeddable":true,"href":"https:\/\/www.europesays.com\/fr\/wp-json\/wp\/v2\/categories?post=40417"},{"taxonomy":"post_tag","embeddable":true,"href":"https:\/\/www.europesays.com\/fr\/wp-json\/wp\/v2\/tags?post=40417"}],"curies":[{"name":"wp","href":"https:\/\/api.w.org\/{rel}","templated":true}]}}