{"id":404193,"date":"2025-09-20T06:29:14","date_gmt":"2025-09-20T06:29:14","guid":{"rendered":"https:\/\/www.europesays.com\/fr\/404193\/"},"modified":"2025-09-20T06:29:14","modified_gmt":"2025-09-20T06:29:14","slug":"ce-village-fortifie-dandalousie-devient-le-nouveau-piege-a-touristes-mais-personne-ne-repart-decu","status":"publish","type":"post","link":"https:\/\/www.europesays.com\/fr\/404193\/","title":{"rendered":"Ce village fortifi\u00e9 d\u2019Andalousie devient le nouveau pi\u00e8ge \u00e0 touristes\u2026 mais personne ne repart d\u00e9\u00e7u"},"content":{"rendered":"<p>Je viens de poser mes valises \u00e0 Ronda, ce joyau d\u2019Andalousie qui m\u2019a litt\u00e9ralement coup\u00e9 le souffle. Perch\u00e9e sur un plateau rocheux fendu par une gorge profonde, cette cit\u00e9 fortifi\u00e9e combine histoire, architecture et panoramas vertigineux qui attirent les voyageurs du monde entier. Et pour cause ! Son charme unique lui vaut aujourd\u2019hui une popularit\u00e9 croissante, \u00e0 l\u2019instar de <a href=\"https:\/\/www.carredinfo.fr\/voyage\/petite-ville-bretonne-devient-piege-touristes-parfait-dont-personne-ne-veut-partir\/\" rel=\"nofollow noopener\" target=\"_blank\">cette petite ville bretonne devenue un pi\u00e8ge \u00e0 touristes parfait<\/a> mais tout aussi enchanteresse.<\/p>\n<p>Ronda, joyau suspendu entre ciel et terre<\/p>\n<p>Lors de mon arriv\u00e9e \u00e0 Ronda, j\u2019ai imm\u00e9diatement compris pourquoi ce village fortifi\u00e9 captive tant les visiteurs. <strong>Le Puente Nuevo (Pont Neuf)<\/strong>, construit au XVIIIe si\u00e8cle, enjambe le spectaculaire El Tajo, un canyon de 120 m\u00e8tres de profondeur. Ce monument embl\u00e9matique offre des vues \u00e0 couper le souffle sur les montagnes environnantes et la rivi\u00e8re Guadalev\u00edn qui serpente en contrebas.<\/p>\n<p>Ce qui frappe d\u2019embl\u00e9e, c\u2019est cette sensation d\u2019\u00eatre suspendu entre deux mondes. D\u2019un c\u00f4t\u00e9, la Ciudad (ville nouvelle) avec ses boutiques anim\u00e9es et ses terrasses ensoleill\u00e9es. De l\u2019autre, le quartier historique de La Ciudad (vieille ville) avec ses ruelles pav\u00e9es et ses \u00e9difices s\u00e9culaires. <strong>Ce dualisme architectural et culturel fait tout le charme de Ronda<\/strong>.<\/p>\n<p>J\u2019ai pass\u00e9 des heures \u00e0 me perdre dans les ruelles sinueuses bord\u00e9es de maisons blanches aux balcons fleuris. Chaque recoin r\u00e9v\u00e8le un nouveau tr\u00e9sor architectural : palais aristocratiques, \u00e9glises baroques, fontaines mauresques\u2026 Le temps semble s\u2019\u00eatre arr\u00eat\u00e9 ici, pr\u00e9servant l\u2019authenticit\u00e9 d\u2019une Andalousie \u00e9ternelle.<\/p>\n<tr>\nPoints d\u2019int\u00e9r\u00eat<br \/>\n\u00c9poque<br \/>\nParticularit\u00e9<br \/>\n<\/tr>\n<tr>\n<td>Puente Nuevo<\/td>\n<td>XVIIIe si\u00e8cle<\/td>\n<td>120 m\u00e8tres au-dessus du canyon<\/td>\n<\/tr>\n<tr>\n<td>Plaza de Toros<\/td>\n<td>1785<\/td>\n<td>Une des plus anciennes ar\u00e8nes d\u2019Espagne<\/td>\n<\/tr>\n<tr>\n<td>Palacio de Mondrag\u00f3n<\/td>\n<td>XIVe si\u00e8cle<\/td>\n<td>Jardins et patios mauresques<\/td>\n<\/tr>\n<tr>\n<td>Ba\u00f1os \u00c1rabes<\/td>\n<td>XIIIe si\u00e8cle<\/td>\n<td>Bains arabes pr\u00e9serv\u00e9s<\/td>\n<\/tr>\n<p>Entre histoire taurine et h\u00e9ritage mauresque<\/p>\n<p>Ronda est consid\u00e9r\u00e9e comme le berceau de la tauromachie moderne. <strong>Sa Plaza de Toros, construite en 1785, est l\u2019une des plus anciennes et prestigieuses ar\u00e8nes d\u2019Espagne<\/strong>. J\u2019ai visit\u00e9 son mus\u00e9e passionnant qui retrace l\u2019histoire de cet art controvers\u00e9 \u00e0 travers costumes, affiches et objets historiques.<\/p>\n<p>Mais l\u2019\u00e2me de Ronda se trouve \u00e9galement dans son riche h\u00e9ritage mauresque. Les vestiges de cette \u00e9poque sont visibles \u00e0 chaque coin de rue : l\u2019architecture des portes de la ville, les bains arabes remarquablement conserv\u00e9s, les palais aux cours int\u00e9rieures rafra\u00eechissantes. Cette influence m\u2019a rappel\u00e9 d\u2019autres villages perch\u00e9s d\u2019Europe, comme <a href=\"https:\/\/www.carredinfo.fr\/voyage\/village-alsacien-perche-contreforts-vosges-a-ete-prefere-francais-2017-2\/\" rel=\"nofollow noopener\" target=\"_blank\">ce village alsacien sur les contreforts des Vosges<\/a> qui m\u00eale aussi diff\u00e9rentes influences architecturales.<\/p>\n<p>Voici ce qui rend Ronda si exceptionnelle selon les habitants et visiteurs :<\/p>\n<ol>\n<li>Sa situation g\u00e9ographique unique, \u00e0 cheval sur un canyon vertigineux<\/li>\n<li>Son patrimoine architectural pr\u00e9serv\u00e9, t\u00e9moin de diff\u00e9rentes \u00e9poques<\/li>\n<li>Ses panoramas \u00e0 360\u00b0 sur les montagnes andalouses<\/li>\n<li>Sa gastronomie locale qui m\u00eale influences m\u00e9diterran\u00e9ennes et montagnardes<\/li>\n<li>Son atmosph\u00e8re authentique, loin des circuits touristiques de masse<\/li>\n<\/ol>\n<p>Les saveurs et instants magiques de Ronda<\/p>\n<p>Quand vient l\u2019heure de se restaurer, Ronda ne d\u00e9\u00e7oit pas. J\u2019ai d\u00e9couvert des tavernes traditionnelles o\u00f9 le jam\u00f3n ib\u00e9rico se d\u00e9guste avec un verre de vin local. <strong>La gastronomie ronde\u00f1a combine les produits de la montagne et les influences m\u00e9diterran\u00e9ennes<\/strong> dans des plats savoureux comme le rabo de toro (queue de taureau brais\u00e9e) ou les aubergines au miel.<\/p>\n<p>Ce qui m\u2019a particuli\u00e8rement marqu\u00e9e, c\u2019est la magie de Ronda au cr\u00e9puscule. Quand le soleil d\u00e9cline, les fa\u00e7ades blanches se teintent d\u2019or et la gorge se pare d\u2019ombres myst\u00e9rieuses. Les touristes se font plus rares et la ville retrouve une qui\u00e9tude envo\u00fbtante. C\u2019est \u00e0 ce moment pr\u00e9cis que j\u2019ai compris pourquoi Ernest Hemingway et Orson Welles \u00e9taient tomb\u00e9s sous le charme de ce lieu.<\/p>\n<p>Oui, Ronda attire les foules, mais elle garde intact son caract\u00e8re authentique. Contrairement \u00e0 d\u2019autres destinations victimes de leur succ\u00e8s, ce village fortifi\u00e9 andalou parvient \u00e0 pr\u00e9server son \u00e2me tout en accueillant les visiteurs. Une destination qui m\u00e9rite amplement sa r\u00e9putation grandissante et dont je garde un souvenir lumineux.<\/p>\n<p><img loading=\"lazy\" decoding=\"async\" src=\"data:image\/svg+xml,%3Csvg%20xmlns=\" http:=\"\" width=\"100\" height=\"100\" alt=\"Anne-Sophie\" itemprop=\"image\" data-lazy-src=\"https:\/\/www.europesays.com\/fr\/wp-content\/uploads\/2025\/06\/Anne-Sophie.jpg\"\/><\/p>\n<p>Je m\u2019appelle Anne-Sophie et je suis la madame voyage en France de carr\u00e9 d\u2019info !<br \/>Exploratrice boh\u00e8me passionn\u00e9e de d\u00e9couvertes. Ma\u00eetrise l\u2019art de d\u00e9nicher les tr\u00e9sors cach\u00e9s des villes et des villages de France .<br \/>Je sait capturer l\u2019essence des lieux en photographies et j\u2019adore vous emmener avec moi pour profiter de notre magnifique pays \ud83d\ude42<\/p>\n","protected":false},"excerpt":{"rendered":"Je viens de poser mes valises \u00e0 Ronda, ce joyau d\u2019Andalousie qui m\u2019a litt\u00e9ralement coup\u00e9 le souffle. Perch\u00e9e&hellip;\n","protected":false},"author":2,"featured_media":404194,"comment_status":"","ping_status":"","sticky":false,"template":"","format":"standard","meta":{"footnotes":""},"categories":[8],"tags":[33081,58,59,1011,27,53561],"class_list":{"0":"post-404193","1":"post","2":"type-post","3":"status-publish","4":"format-standard","5":"has-post-thumbnail","7":"category-divertissement","8":"tag-andalousie","9":"tag-divertissement","10":"tag-entertainment","11":"tag-fr","12":"tag-france","13":"tag-ronda"},"share_on_mastodon":{"url":"https:\/\/pubeurope.com\/@fr\/115235216715572939","error":""},"_links":{"self":[{"href":"https:\/\/www.europesays.com\/fr\/wp-json\/wp\/v2\/posts\/404193","targetHints":{"allow":["GET"]}}],"collection":[{"href":"https:\/\/www.europesays.com\/fr\/wp-json\/wp\/v2\/posts"}],"about":[{"href":"https:\/\/www.europesays.com\/fr\/wp-json\/wp\/v2\/types\/post"}],"author":[{"embeddable":true,"href":"https:\/\/www.europesays.com\/fr\/wp-json\/wp\/v2\/users\/2"}],"replies":[{"embeddable":true,"href":"https:\/\/www.europesays.com\/fr\/wp-json\/wp\/v2\/comments?post=404193"}],"version-history":[{"count":0,"href":"https:\/\/www.europesays.com\/fr\/wp-json\/wp\/v2\/posts\/404193\/revisions"}],"wp:featuredmedia":[{"embeddable":true,"href":"https:\/\/www.europesays.com\/fr\/wp-json\/wp\/v2\/media\/404194"}],"wp:attachment":[{"href":"https:\/\/www.europesays.com\/fr\/wp-json\/wp\/v2\/media?parent=404193"}],"wp:term":[{"taxonomy":"category","embeddable":true,"href":"https:\/\/www.europesays.com\/fr\/wp-json\/wp\/v2\/categories?post=404193"},{"taxonomy":"post_tag","embeddable":true,"href":"https:\/\/www.europesays.com\/fr\/wp-json\/wp\/v2\/tags?post=404193"}],"curies":[{"name":"wp","href":"https:\/\/api.w.org\/{rel}","templated":true}]}}