{"id":404199,"date":"2025-09-20T06:32:17","date_gmt":"2025-09-20T06:32:17","guid":{"rendered":"https:\/\/www.europesays.com\/fr\/404199\/"},"modified":"2025-09-20T06:32:17","modified_gmt":"2025-09-20T06:32:17","slug":"prive-de-visa-par-washington-le-president-de-lautorite-palestinienne-autorise-a-sexprimer-par-video","status":"publish","type":"post","link":"https:\/\/www.europesays.com\/fr\/404199\/","title":{"rendered":"priv\u00e9 de visa par Washington, le pr\u00e9sident de l\u2019Autorit\u00e9 palestinienne autoris\u00e9 \u00e0 s&rsquo;exprimer par vid\u00e9o"},"content":{"rendered":"<p>Les \u00c9tats-Unis ont refus\u00e9 ou r\u00e9voqu\u00e9 des visas \u00e0 quelque 80 Palestiniens, qui pr\u00e9voyaient de participer \u00e0 cette grand-messe annuelle des Nations Unies, \u00e0 l\u2019occasion de laquelle plusieurs pays s\u2019appr\u00eatent \u00e0 reconna\u00eetre un \u00c9tat palestinien.<\/p>\n<p class=\"fig-paragraph\">L\u2019Assembl\u00e9e g\u00e9n\u00e9rale de l\u2019ONU a autoris\u00e9 vendredi le pr\u00e9sident de l\u2019Autorit\u00e9 palestinienne Mahmoud Abbas,\u00a0<a href=\"http:\/\/www.lefigaro.fr\/international\/sommet-des-nations-unies-en-septembre-les-etats-unis-refusent-de-delivrer-des-visas-aux-palestiniens-la-france-s-insurge-20250830\" target=\"_blank\" data-fig-type=\"NewsFlash\" rel=\"noopener\" data-gtm-custom-categorie=\"navigation\" data-gtm-custom-action=\"crossclick\" data-gtm-custom-label=\"Contextuel\" data-gtm-event=\"customEventSPE\" data-fig-domain=\"LEFIGARO\">priv\u00e9 de visa par les \u00c9tats-Unis<\/a>, \u00e0 participer par vid\u00e9o au sommet annuel de l\u2019ONU la semaine prochaine \u00e0 New York.<\/p>\n<p class=\"fig-paragraph\">Les \u00c9tats-Unis ont refus\u00e9 ou r\u00e9voqu\u00e9 des visas \u00e0 quelque 80 Palestiniens, membres de l\u2019Organisation de la lib\u00e9ration de la Palestine (OLP) ou de l\u2019Autorit\u00e9 Palestinienne (AP), qui pr\u00e9voyaient de participer \u00e0 cette grand-messe annuelle des Nations Unies, \u00e0 l\u2019occasion de laquelle plusieurs pays s\u2019appr\u00eatent \u00e0 reconna\u00eetre un \u00c9tat palestinien. Le pr\u00e9sident de l\u2019Autorit\u00e9 palestinienne figure parmi eux.<\/p>\n<p>                                    <a class=\"fig-a11y-skip a11y-hidden\" href=\"#fig-a11y-skip-main-inarticle\"><br \/>\n        Passer la publicit\u00e9<br \/>\n    <\/a><\/p>\n<p>145 voix contre 5<\/p>\n<p class=\"fig-paragraph\">Dans une r\u00e9solution adopt\u00e9e par 145 voix contre 5 (et 6 abstentions), l\u2019Assembl\u00e9e g\u00e9n\u00e9rale \u00abregrette\u00bb la d\u00e9cision des \u00c9tats-Unis et demande qu\u2019elle soit annul\u00e9e.<\/p>\n<p class=\"fig-paragraph\">Pour permettre toutefois aux Palestiniens de faire entendre leur voix, elle pr\u00e9voit qu\u2019une d\u00e9claration enregistr\u00e9e de Mahmoud Abbas soit diffus\u00e9e pendant le d\u00e9bat g\u00e9n\u00e9ral de la 80e session, auquel participeront quelque 140 chefs d\u2019\u00c9tat et de gouvernement.<\/p>\n<p class=\"fig-paragraph\">S\u2019agissant en outre du sommet de lundi consacr\u00e9 \u00e0 l\u2019avenir d\u2019une solution \u00e0 deux \u00c9tats, isra\u00e9lien et palestinien, l\u2019Assembl\u00e9e g\u00e9n\u00e9rale de l\u2019ONU pr\u00e9voit que les repr\u00e9sentants de l\u2019Autorit\u00e9 palestinienne puissent participer \u00e0 toutes les discussions par visioconf\u00e9rence.<\/p>\n","protected":false},"excerpt":{"rendered":"Les \u00c9tats-Unis ont refus\u00e9 ou r\u00e9voqu\u00e9 des visas \u00e0 quelque 80 Palestiniens, qui pr\u00e9voyaient de participer \u00e0 cette&hellip;\n","protected":false},"author":2,"featured_media":404200,"comment_status":"","ping_status":"","sticky":false,"template":"","format":"standard","meta":{"footnotes":""},"categories":[5],"tags":[11,1011,27,14,12,3521,3518,28],"class_list":{"0":"post-404199","1":"post","2":"type-post","3":"status-publish","4":"format-standard","5":"has-post-thumbnail","7":"category-international","8":"tag-actualites","9":"tag-fr","10":"tag-france","11":"tag-international","12":"tag-news","13":"tag-onu","14":"tag-palestine","15":"tag-world"},"share_on_mastodon":{"url":"https:\/\/pubeurope.com\/@fr\/115235228637650668","error":""},"_links":{"self":[{"href":"https:\/\/www.europesays.com\/fr\/wp-json\/wp\/v2\/posts\/404199","targetHints":{"allow":["GET"]}}],"collection":[{"href":"https:\/\/www.europesays.com\/fr\/wp-json\/wp\/v2\/posts"}],"about":[{"href":"https:\/\/www.europesays.com\/fr\/wp-json\/wp\/v2\/types\/post"}],"author":[{"embeddable":true,"href":"https:\/\/www.europesays.com\/fr\/wp-json\/wp\/v2\/users\/2"}],"replies":[{"embeddable":true,"href":"https:\/\/www.europesays.com\/fr\/wp-json\/wp\/v2\/comments?post=404199"}],"version-history":[{"count":0,"href":"https:\/\/www.europesays.com\/fr\/wp-json\/wp\/v2\/posts\/404199\/revisions"}],"wp:featuredmedia":[{"embeddable":true,"href":"https:\/\/www.europesays.com\/fr\/wp-json\/wp\/v2\/media\/404200"}],"wp:attachment":[{"href":"https:\/\/www.europesays.com\/fr\/wp-json\/wp\/v2\/media?parent=404199"}],"wp:term":[{"taxonomy":"category","embeddable":true,"href":"https:\/\/www.europesays.com\/fr\/wp-json\/wp\/v2\/categories?post=404199"},{"taxonomy":"post_tag","embeddable":true,"href":"https:\/\/www.europesays.com\/fr\/wp-json\/wp\/v2\/tags?post=404199"}],"curies":[{"name":"wp","href":"https:\/\/api.w.org\/{rel}","templated":true}]}}