{"id":404219,"date":"2025-09-20T06:44:31","date_gmt":"2025-09-20T06:44:31","guid":{"rendered":"https:\/\/www.europesays.com\/fr\/404219\/"},"modified":"2025-09-20T06:44:31","modified_gmt":"2025-09-20T06:44:31","slug":"sweet-fm-salon-creativa-a-rouen-gagnez-vos-invitations","status":"publish","type":"post","link":"https:\/\/www.europesays.com\/fr\/404219\/","title":{"rendered":"SWEET FM &#8211; Salon Cr\u00e9ativa \u00e0 Rouen : gagnez vos invitations !"},"content":{"rendered":"\n<p style=\"text-align: justify;\">Toute cette semaine, Sweet FM vous offre <strong>vos 4 entr\u00e9es pour le <a href=\"https:\/\/www.salon-creativa.com\/\" rel=\"noopener\" target=\"_blank\">Salon Cr\u00e9ativa<\/a>, <\/strong>qui se tiendra<strong> du jeudi 25 au dimanche 28 septembre<\/strong>, au<strong> Parc des Expositions de Rouen.\u00a0<\/strong><\/p>\n<p style=\"text-align: justify;\" data-ogsb=\"white\">Scrapbooking, couture, broderie, perles, patchwork, outillage, cuisine cr\u00e9ative, tricot, crochet, mercerie, relooking de meubles\u2026 Toutes les th\u00e9matiques des loisirs cr\u00e9atifs seront d\u00e9clin\u00e9es sur Cr\u00e9ativa Rouen au Parc Expo.<br \/>Passionn\u00e9s de DIY, novices, curieux, vous aurez tous l\u2019opportunit\u00e9 de d\u00e9couvrir combien les activit\u00e9s manuelles peuvent \u00eatre \u00e0 la port\u00e9e de tous et sont une v\u00e9ritable source de bien-\u00eatre\u00a0!<\/p>\n<p style=\"text-align: justify;\">Pour tenter de remporter <strong>vos 4 invitations pour le <a href=\"https:\/\/www.salon-creativa.com\/\" rel=\"noopener\" target=\"_blank\">Salon Cr\u00e9ativa<\/a>\u00a0au Parc des Expositions de Rouen<\/strong>, inscrivez-vous d\u00e8s maintenant !\u00a0<\/p>\n<p>\u00a0<\/p>\n<p>\u00a0<\/p>\n<p>Pour vous inscrire<\/p>\n<p>Remplissez le formulaire d&rsquo;inscription ci-dessous ; jeu valable jusqu&rsquo;au vendredi 26 septembre 2025 \u00e0 19h59.\u00a0<\/p>\n<p>\u00a0<br \/>\nAide, r\u00e8glement et conditions<\/p>\n<p><a href=\"https:\/\/www.sweetfm.fr\/page\/aide-foire-aux-questions-47\" title=\"Consultez la foire aux questions des inscriptions\" target=\"_blank\" rel=\"noopener\">&gt;&gt; Consultez la rubrique d&rsquo;aide !<\/a><br \/><a href=\"https:\/\/www.sweetfm.fr\/page\/reglements-des-jeux-concours-2\" rel=\"noopener\" target=\"_blank\" title=\"Consultez le r\u00e8glement des jeux de Sweet FM\">&gt;&gt; Consultez le r\u00e8glement des jeux Sweet FM !<\/a><\/p>\n","protected":false},"excerpt":{"rendered":"Toute cette semaine, Sweet FM vous offre vos 4 entr\u00e9es pour le Salon Cr\u00e9ativa, qui se tiendra du&hellip;\n","protected":false},"author":2,"featured_media":404220,"comment_status":"","ping_status":"","sticky":false,"template":"","format":"standard","meta":{"footnotes":""},"categories":[9587],"tags":[1111,11,6874,903,23340,53563,28194,53566,1777,674,1011,27,1197,12178,12,5161,53564,25,9590,6290,53565,47910],"class_list":{"0":"post-404219","1":"post","2":"type-post","3":"status-publish","4":"format-standard","5":"has-post-thumbnail","7":"category-rouen","8":"tag-actu","9":"tag-actualites","10":"tag-cadeau","11":"tag-concours","12":"tag-creatif","13":"tag-creativa","14":"tag-creativite","15":"tag-diy","16":"tag-eu","17":"tag-europe","18":"tag-fr","19":"tag-france","20":"tag-jeu","21":"tag-jeu-concours","22":"tag-news","23":"tag-normandie","24":"tag-parc-expo-rouen","25":"tag-republique-francaise","26":"tag-rouen","27":"tag-salon","28":"tag-salon-creatif","29":"tag-sweet-fm"},"share_on_mastodon":{"url":"https:\/\/pubeurope.com\/@fr\/115235275663366474","error":""},"_links":{"self":[{"href":"https:\/\/www.europesays.com\/fr\/wp-json\/wp\/v2\/posts\/404219","targetHints":{"allow":["GET"]}}],"collection":[{"href":"https:\/\/www.europesays.com\/fr\/wp-json\/wp\/v2\/posts"}],"about":[{"href":"https:\/\/www.europesays.com\/fr\/wp-json\/wp\/v2\/types\/post"}],"author":[{"embeddable":true,"href":"https:\/\/www.europesays.com\/fr\/wp-json\/wp\/v2\/users\/2"}],"replies":[{"embeddable":true,"href":"https:\/\/www.europesays.com\/fr\/wp-json\/wp\/v2\/comments?post=404219"}],"version-history":[{"count":0,"href":"https:\/\/www.europesays.com\/fr\/wp-json\/wp\/v2\/posts\/404219\/revisions"}],"wp:featuredmedia":[{"embeddable":true,"href":"https:\/\/www.europesays.com\/fr\/wp-json\/wp\/v2\/media\/404220"}],"wp:attachment":[{"href":"https:\/\/www.europesays.com\/fr\/wp-json\/wp\/v2\/media?parent=404219"}],"wp:term":[{"taxonomy":"category","embeddable":true,"href":"https:\/\/www.europesays.com\/fr\/wp-json\/wp\/v2\/categories?post=404219"},{"taxonomy":"post_tag","embeddable":true,"href":"https:\/\/www.europesays.com\/fr\/wp-json\/wp\/v2\/tags?post=404219"}],"curies":[{"name":"wp","href":"https:\/\/api.w.org\/{rel}","templated":true}]}}