{"id":404225,"date":"2025-09-20T06:48:11","date_gmt":"2025-09-20T06:48:11","guid":{"rendered":"https:\/\/www.europesays.com\/fr\/404225\/"},"modified":"2025-09-20T06:48:11","modified_gmt":"2025-09-20T06:48:11","slug":"plusieurs-profils-recherches-par-m6-lors-de-la-braderie-saint-martin-ce-dimanche-ce-quil-faut-savoir","status":"publish","type":"post","link":"https:\/\/www.europesays.com\/fr\/404225\/","title":{"rendered":"\u00ab\u00a0Plusieurs profils\u00a0\u00bb recherch\u00e9s par M6 lors de la braderie Saint-Martin ce dimanche, ce qu&rsquo;il faut savoir"},"content":{"rendered":"<p>            Par<br \/>\n        <strong><br \/>\n            <a href=\"https:\/\/actu.fr\/auteur\/laurene-fertin\" title=\"Consulter tous les articles de Laur\u00e8ne Fertin\" rel=\"nofollow noopener\" target=\"_blank\">Laur\u00e8ne Fertin<\/a><br \/>\n        <\/strong><\/p>\n<p>        Publi\u00e9 le<\/p>\n<p>            20 sept. 2025 \u00e0 8h02        <\/p>\n<p>Et si vous aviez l\u2019occasion de passer \u00e0 la t\u00e9l\u00e9\u2009? <strong>Lors de la braderie Saint-Martin<\/strong>, qui aura lieu dans le quartier \u00e9ponyme, <strong>ce dimanche 21\u00a0septembre<\/strong> 2025, la cha\u00eene M6 est <strong>\u00e0 la recherche de plusieurs profils<\/strong> pour l\u2019\u00e9mission Un jour un doc.<\/p>\n<p>Couples, acheteurs, vendeurs\u2026<\/p>\n<p class=\" wall-content\">La braderie, aux <strong>1\u2009000\u00a0exposants<\/strong>, se d\u00e9roule en effet pour <strong>sa 56\u1d49 \u00e9dition sur les bords du canal Saint-Martin<\/strong> et dans les rues adjacentes.<\/p>\n<p class=\" wall-content\">M6, dans le cadre <strong>d\u2019un documentaire de 45\u00a0minutes<\/strong>, souhaite filmer plusieurs personnes, selon des th\u00e9matiques bien pr\u00e9cises\u2009:<\/p>\n<ul class=\" wall-content\">\n<li>\u00ab<strong>\u2009La chasse aux bonnes affaires\u2009\u00bb<\/strong>\u2009: \u00ab\u2009Nous recherchons un couple qui vient \u00e0 la braderie pour faire de super affaires, une chasse\u2009\u00a0\u00bbutile\u00a0\u00bb pour \u00e9quiper les enfants\u2009! Pas question de fl\u00e2ner, eux sont l\u00e0 pour les manteaux d\u2019hiver, les chaussures, tout ce qui pourra leur permettre de faire des \u00e9conomies\u2009! La braderie de Rennes est le bon endroit\u2009!\u2009\u00bb\u2009;<\/li>\n<li><strong>\u00ab\u2009La vente en famille\u2009\u00bb\u2009<\/strong>: \u00ab\u2009Du c\u00f4t\u00e9 des vendeurs, nous recherchons un couple avec enfants qui vend en famille\u2009! Chacun ses trucs, toute la famille s\u2019y met. Ce sont des habitu\u00e9s chaque ann\u00e9e. Pas des professionnels\u2009\u00bb\u2009;<\/li>\n<li><strong>\u00ab\u00a0Le chineur qui revend ses p\u00e9pites en lignes\u00a0\u00bb<\/strong> : \u00ab\u00a0Du c\u00f4t\u00e9 des acheteurs, nous recherchons quelqu\u2019un qui cherche des p\u00e9pites \u00e0 la braderie de Rennes qu\u2019il ou elle revendra \u00e0 sa grande communaut\u00e9 sur les r\u00e9seaux sociaux. Parfois m\u00eame en direct pendant la braderie\u2009! Il a l\u2019\u0153il pour d\u00e9goter l\u2019originalit\u00e9 qui, une fois mise en valeur par une belle photo, saura forc\u00e9ment trouver preneur. Ce n\u2019est pas un prof\u00a0\u00bb.<\/li>\n<\/ul>\n<p class=\" wall-content\">Si vous pensez correspondre aux profils \u00e9nonc\u00e9s ci-dessus, vous pouvez envoyer un mail \u00e0 <strong><a href=\"https:\/\/actu.fr\/cdn-cgi\/l\/email-protection\" class=\"__cf_email__\" data-cfemail=\"44252a2326213628252a20042329252d286a272b29\" rel=\"nofollow noopener\" target=\"_blank\">[email\u00a0protected]<\/a><\/strong> ou prendre contact au <strong>06\u200914\u200944\u200917\u200933<\/strong>.<\/p>\n<p class=\" wall-content\">Personnalisez votre actualit\u00e9 en ajoutant vos villes et m\u00e9dias en favori avec <a href=\"https:\/\/moncompte.actu.fr\" title=\"D\u00e9couvez Mon Actu\" rel=\"nofollow noopener\" data-trk=\"{&quot;cta&quot;:{&quot;action&quot;:&quot;https:\\\/\\\/moncompte.actu.fr&quot;,&quot;category&quot;:&quot;mon compte&quot;,&quot;from&quot;:&quot;article footer&quot;,&quot;name&quot;:&quot;Mon actu&quot;,&quot;type&quot;:&quot;cta&quot;}}\" target=\"_blank\">Mon Actu<\/a>.<\/p>\n","protected":false},"excerpt":{"rendered":"Par Laur\u00e8ne Fertin Publi\u00e9 le 20 sept. 2025 \u00e0 8h02 Et si vous aviez l\u2019occasion de passer \u00e0&hellip;\n","protected":false},"author":2,"featured_media":404226,"comment_status":"","ping_status":"","sticky":false,"template":"","format":"standard","meta":{"footnotes":""},"categories":[2821],"tags":[1111,11,677,829,1777,674,1011,27,1652,12,584,25,252,3365],"class_list":{"0":"post-404225","1":"post","2":"type-post","3":"status-publish","4":"format-standard","5":"has-post-thumbnail","7":"category-rennes","8":"tag-actu","9":"tag-actualites","10":"tag-bons-plans","11":"tag-bretagne","12":"tag-eu","13":"tag-europe","14":"tag-fr","15":"tag-france","16":"tag-loisirs-culture","17":"tag-news","18":"tag-rennes","19":"tag-republique-francaise","20":"tag-television","21":"tag-vide-greniers"},"share_on_mastodon":{"url":"https:\/\/pubeurope.com\/@fr\/115235291384911789","error":""},"_links":{"self":[{"href":"https:\/\/www.europesays.com\/fr\/wp-json\/wp\/v2\/posts\/404225","targetHints":{"allow":["GET"]}}],"collection":[{"href":"https:\/\/www.europesays.com\/fr\/wp-json\/wp\/v2\/posts"}],"about":[{"href":"https:\/\/www.europesays.com\/fr\/wp-json\/wp\/v2\/types\/post"}],"author":[{"embeddable":true,"href":"https:\/\/www.europesays.com\/fr\/wp-json\/wp\/v2\/users\/2"}],"replies":[{"embeddable":true,"href":"https:\/\/www.europesays.com\/fr\/wp-json\/wp\/v2\/comments?post=404225"}],"version-history":[{"count":0,"href":"https:\/\/www.europesays.com\/fr\/wp-json\/wp\/v2\/posts\/404225\/revisions"}],"wp:featuredmedia":[{"embeddable":true,"href":"https:\/\/www.europesays.com\/fr\/wp-json\/wp\/v2\/media\/404226"}],"wp:attachment":[{"href":"https:\/\/www.europesays.com\/fr\/wp-json\/wp\/v2\/media?parent=404225"}],"wp:term":[{"taxonomy":"category","embeddable":true,"href":"https:\/\/www.europesays.com\/fr\/wp-json\/wp\/v2\/categories?post=404225"},{"taxonomy":"post_tag","embeddable":true,"href":"https:\/\/www.europesays.com\/fr\/wp-json\/wp\/v2\/tags?post=404225"}],"curies":[{"name":"wp","href":"https:\/\/api.w.org\/{rel}","templated":true}]}}