{"id":404251,"date":"2025-09-20T07:02:10","date_gmt":"2025-09-20T07:02:10","guid":{"rendered":"https:\/\/www.europesays.com\/fr\/404251\/"},"modified":"2025-09-20T07:02:10","modified_gmt":"2025-09-20T07:02:10","slug":"lens-lille-comment-regarder-le-match-en-direct-ce-samedi","status":"publish","type":"post","link":"https:\/\/www.europesays.com\/fr\/404251\/","title":{"rendered":"Lens \u2013 Lille : comment regarder le match en direct ce samedi ?"},"content":{"rendered":"<p class=\"paragraph text_align_left lp-f-body-02\">\u00c0 l\u2019issue des quatre premi\u00e8res journ\u00e9es de championnat, le RC Lens occupe la huiti\u00e8me place du classement. Pour le moment, les Sang et Or totalisent deux victoires et deux d\u00e9faites contre Lyon (0-1) et le Paris SG (2-0). Cette semaine, les Lensois vont tout faire pour renouer avec le succ\u00e8s et int\u00e9grer les places europ\u00e9ennes. De son c\u00f4t\u00e9, le LOSC monte sur la deuxi\u00e8me marche du podium, avec dix points au compteur. Les Dogues restent invaincus, avec un nul et trois victoires \u00e0 leur actif. <b>Le match RC Lens \u2013 Lille est diffus\u00e9 ce samedi \u00e0 21 heures 05, <\/b><a href=\"https:\/\/dazn.prf.hn\/click\/camref:1011lSfUI\" target=\"_blank\" rel=\"sponsored nofollow noopener\"><b>en direct sur Ligue 1+ disponible via DAZN<\/b><\/a>.<\/p>\n<p><b>Suivez le match Lens \u2013 Lille avec DAZN<\/b><\/p>\n<p class=\"paragraph text_align_left lp-f-body-02\">Vous pouvez regarder le derby du Nord qui oppose le RC Lens et le LOSC en souscrivant <a href=\"https:\/\/dazn.prf.hn\/click\/camref:1011lSfUI\" target=\"_blank\" rel=\"sponsored nofollow noopener\">l\u2019offre DAZN &amp; Ligue 1+ au prix de 9, 99 euros par mois pendant trois mois<\/a>, puis 16, 99 euros par mois, avec un engagement d\u2019un an. Une fois abonn\u00e9, vous retrouvez 100 % des matchs de la Ligue 1 McDonald\u2019s. Vous assistez ainsi \u00e0 huit affiches en direct et \u00e0 une rencontre en diff\u00e9r\u00e9. Des documentaires exclusifs, des s\u00e9ries in\u00e9dites et des reportages au bord du terrain sont \u00e9galement disponibles sur Ligue 1+. La formule DAZN &amp; Ligue 1+ vous donne aussi acc\u00e8s \u00e0 l\u2019ensemble des programmes DAZN. Vous profitez de toutes les rencontres de la Coppa Italia, de la Supercoppa Italiana et de la SERIE A, de l\u2019Eredivisie et de la Jupiler Pro League. Les amateurs de sports de combat, quant \u00e0 eux, suivent la RWS Muay Tha\u00ef et la PFL.<\/p>\n<p class=\"paragraph text_align_left lp-f-body-02\"><b>Cliquez ici <\/b><a href=\"https:\/\/dazn.prf.hn\/click\/camref:1011lSfUI\" target=\"_blank\" rel=\"sponsored nofollow noopener\"><b>pour voir Lens-Lille<\/b><\/a><\/p>\n","protected":false},"excerpt":{"rendered":"\u00c0 l\u2019issue des quatre premi\u00e8res journ\u00e9es de championnat, le RC Lens occupe la huiti\u00e8me place du classement. Pour&hellip;\n","protected":false},"author":2,"featured_media":404252,"comment_status":"","ping_status":"","sticky":false,"template":"","format":"standard","meta":{"footnotes":""},"categories":[2815],"tags":[1111,11,4928,1777,674,1011,27,749,811,53579,1307,12,25,6718],"class_list":{"0":"post-404251","1":"post","2":"type-post","3":"status-publish","4":"format-standard","5":"has-post-thumbnail","7":"category-lille","8":"tag-actu","9":"tag-actualites","10":"tag-dazn","11":"tag-eu","12":"tag-europe","13":"tag-fr","14":"tag-france","15":"tag-guide-shopping","16":"tag-hauts-de-france","17":"tag-lens-lille","18":"tag-lille","19":"tag-news","20":"tag-republique-francaise","21":"tag-tv-streaming"},"share_on_mastodon":{"url":"https:\/\/pubeurope.com\/@fr\/115235346407011631","error":""},"_links":{"self":[{"href":"https:\/\/www.europesays.com\/fr\/wp-json\/wp\/v2\/posts\/404251","targetHints":{"allow":["GET"]}}],"collection":[{"href":"https:\/\/www.europesays.com\/fr\/wp-json\/wp\/v2\/posts"}],"about":[{"href":"https:\/\/www.europesays.com\/fr\/wp-json\/wp\/v2\/types\/post"}],"author":[{"embeddable":true,"href":"https:\/\/www.europesays.com\/fr\/wp-json\/wp\/v2\/users\/2"}],"replies":[{"embeddable":true,"href":"https:\/\/www.europesays.com\/fr\/wp-json\/wp\/v2\/comments?post=404251"}],"version-history":[{"count":0,"href":"https:\/\/www.europesays.com\/fr\/wp-json\/wp\/v2\/posts\/404251\/revisions"}],"wp:featuredmedia":[{"embeddable":true,"href":"https:\/\/www.europesays.com\/fr\/wp-json\/wp\/v2\/media\/404252"}],"wp:attachment":[{"href":"https:\/\/www.europesays.com\/fr\/wp-json\/wp\/v2\/media?parent=404251"}],"wp:term":[{"taxonomy":"category","embeddable":true,"href":"https:\/\/www.europesays.com\/fr\/wp-json\/wp\/v2\/categories?post=404251"},{"taxonomy":"post_tag","embeddable":true,"href":"https:\/\/www.europesays.com\/fr\/wp-json\/wp\/v2\/tags?post=404251"}],"curies":[{"name":"wp","href":"https:\/\/api.w.org\/{rel}","templated":true}]}}