{"id":404280,"date":"2025-09-20T07:17:26","date_gmt":"2025-09-20T07:17:26","guid":{"rendered":"https:\/\/www.europesays.com\/fr\/404280\/"},"modified":"2025-09-20T07:17:26","modified_gmt":"2025-09-20T07:17:26","slug":"expulsion-de-81-afghans-lallemagne-persiste-dans-sa-politique-anti-immigration-malgre-les-condamnations-de-lonu","status":"publish","type":"post","link":"https:\/\/www.europesays.com\/fr\/404280\/","title":{"rendered":"Expulsion de 81 Afghans\u00a0: l\u2019Allemagne persiste dans sa politique anti-immigration, malgr\u00e9 les condamnations de l\u2019ONU"},"content":{"rendered":"<p>L\u2019Allemagne, emp\u00eatr\u00e9e dans <a href=\"https:\/\/www.humanite.fr\/monde\/allemagne\/en-allemagne-nouveau-couac-retentissant-pour-le-gouvernement-merz\" target=\"_blank\" rel=\"noopener\">une s\u00e9v\u00e8re crise politique<\/a> et marqu\u00e9e par une progression sans pr\u00e9c\u00e9dent de l\u2019extr\u00eame droite, persiste \u00e0 durcir ses actions anti-immigration men\u00e9es par <a href=\"https:\/\/www.humanite.fr\/monde\/allemagne\/qui-est-friedrich-merz-ancien-de-blackrock-et-futur-chancelier-allemand\" target=\"_blank\" rel=\"noopener\">le chancelier conservateur Friedrich Merz<\/a>. Le gouvernement allemand a ainsi proc\u00e9d\u00e9 vendredi 18\u00a0juillet \u00e0 l\u2019expulsion de 81 Afghans condamn\u00e9s par la justice. L\u2019initiative a aussit\u00f4t \u00e9t\u00e9 d\u00e9nonc\u00e9e par l\u2019ONU, qui a demand\u00e9 \u00ab\u00a0l\u2019arr\u00eat imm\u00e9diat du renvoi forc\u00e9 de tous les r\u00e9fugi\u00e9s et demandeurs d\u2019asile afghans\u00a0\u00bb, rapporte l\u2019Agence France-Presse.<\/p>\n<p>Il s\u2019agit de la seconde op\u00e9ration de ce type depuis l\u2019\u00e9t\u00e9 dernier, et la premi\u00e8re depuis l\u2019entr\u00e9e en fonction de la <a href=\"https:\/\/www.humanite.fr\/monde\/allemagne\/en-allemagne-friedrich-merz-et-sa-coalition-bien-decides-a-balayer-letat-social\" target=\"_blank\" rel=\"noopener\">coalition entre conservateurs et sociaux-d\u00e9mocrates<\/a> dirig\u00e9e par Friedrich Merz. Comme d\u2019autres dirigeants europ\u00e9ens, et comme souvent lorsque <a href=\"https:\/\/www.humanite.fr\/politique\/democratie\/rhetorique-de-la-moderation-girouettisme-et-autoritarisme-la-macronie-du-centre-a-lextreme-centre\" target=\"_blank\" rel=\"noopener\">les n\u00e9olib\u00e9raux de \u00ab\u00a0l\u2019extr\u00eame centre\u00a0\u00bb<\/a> sont au pouvoir, le chancelier cherche \u00e0 s\u2019attirer les faveurs d\u2019<a href=\"https:\/\/www.humanite.fr\/monde\/80e-anniversaire-de-la-liberation-des-camps-nazis\/en-allemagne-les-combats-anti-nazis-nendiguent-plus-lextreme-droite\" target=\"_blank\" rel=\"noopener\">une extr\u00eame droite en pleine progression<\/a> en restreignant l\u2019accueil des demandeurs d\u2019asile.<\/p>\n<p>Cette op\u00e9ration d\u2019expulsion intervient alors que le gouvernement allemand accueille le m\u00eame jour les ministres de l\u2019Int\u00e9rieur de cinq pays de l\u2019Union Europ\u00e9enne d\u00e9sireux de durcir la politique d\u2019immigration, ainsi que le commissaire europ\u00e9en charg\u00e9 des affaires int\u00e9rieures.<\/p>\n<p>\u00ab\u00a0L\u2019expression d\u2019un programme autoritaire\u00a0\u00bb<\/p>\n<p>Depuis <a href=\"https:\/\/www.humanite.fr\/medias\/afghanistan\/quand-les-afghanes-chantaient-sur-arte-le-combat-de-sadiqa-et-zahra-contre-le-silence-impose-par-les-talibans\" target=\"_blank\" rel=\"noopener\">le retour des Talibans au pouvoir<\/a>, les expulsions vers l\u2019Afghanistan sont tr\u00e8s controvers\u00e9es, et pr\u00e9sentent un r\u00e9el danger pour les exil\u00e9s concern\u00e9s. D\u00e9non\u00e7ant lui aussi la d\u00e9cision de Berlin, le Haut-Commissaire de l\u2019ONU aux droits humains Volker T\u00fcrk a soulign\u00e9 que certains Afghans expuls\u00e9s risquaient \u00ab\u00a0d\u2019\u00eatre pers\u00e9cut\u00e9s\u00a0\u00bb dans leur pays.<\/p>\n<p>\u00ab\u00a0Expulser des personnes vers des pays dangereux comme l\u2019Afghanistan et diaboliser les r\u00e9fugi\u00e9s est l\u2019expression d\u2019un programme autoritaire qui a malheureusement \u00e9galement trouv\u00e9 son chemin en Allemagne\u00a0\u00bb, a abond\u00e9 Amnesty International.<\/p>\n<p>L\u2019Allemagne souhaite \u00e9galement revoir ses pratiques concernant le renvoi de ressortissants syriens. Pourtant, la Syrie \u00e9tait jusqu\u2019\u00e0 pr\u00e9sent <a href=\"https:\/\/www.humanite.fr\/monde\/golan-syrien\/syrie-apres-les-affrontements-a-soueida-pourquoi-israel-bombarde-damas\" target=\"_blank\" rel=\"noopener\">consid\u00e9r\u00e9e comme trop dangereuse<\/a> et il n\u2019existe pas de relations diplomatiques avec le r\u00e9gime qui a remplac\u00e9 celui Bachar al-Assad depuis la chute du dictateur.<\/p>\n<p>Au cours des derni\u00e8res semaines, la coalition de Friedrich Merz a d\u00e9cid\u00e9 le refoulement des demandeurs d\u2019asile aux fronti\u00e8res du pays et modifi\u00e9 la l\u00e9gislation afin de limiter le regroupement familial pour certaines cat\u00e9gories de r\u00e9fugi\u00e9s et pour allonger les d\u00e9lais d\u2019acc\u00e8s \u00e0 la nationalit\u00e9 allemande, rapporte l\u2019AFP.<\/p>\n<p>Le m\u00e9dia que les milliardaires ne peuvent pas s\u2019acheter<\/p>\n<p>Nous ne sommes financ\u00e9s par aucun milliardaire. Et nous en sommes fiers\u00a0! Mais nous sommes confront\u00e9s \u00e0 des d\u00e9fis financiers constants. Soutenez-nous\u00a0! Votre don sera d\u00e9fiscalis\u00e9\u00a0: donner 5\u20ac vous reviendra \u00e0 1.65\u20ac. Le prix d\u2019un caf\u00e9.<br \/><a href=\"https:\/\/www.humanite.fr\/lhumanite-cest-vous\" target=\"_blank\" rel=\"noopener\">Je veux en savoir plus\u00a0!<\/a><\/p>\n","protected":false},"excerpt":{"rendered":"L\u2019Allemagne, emp\u00eatr\u00e9e dans une s\u00e9v\u00e8re crise politique et marqu\u00e9e par une progression sans pr\u00e9c\u00e9dent de l\u2019extr\u00eame droite, persiste&hellip;\n","protected":false},"author":2,"featured_media":404281,"comment_status":"","ping_status":"","sticky":false,"template":"","format":"standard","meta":{"footnotes":""},"categories":[1587],"tags":[11,598,672,1804,1805,1803,1777,674,4710,1801,12,3521,1802,37441],"class_list":{"0":"post-404280","1":"post","2":"type-post","3":"status-publish","4":"format-standard","5":"has-post-thumbnail","7":"category-allemagne","8":"tag-actualites","9":"tag-afghanistan","10":"tag-allemagne","11":"tag-bundesrepublik-deutschland","12":"tag-de","13":"tag-deutschland","14":"tag-eu","15":"tag-europe","16":"tag-friedrich-merz","17":"tag-germany","18":"tag-news","19":"tag-onu","20":"tag-republique-federale-dallemagne","21":"tag-ru00e9fugiu00e9s-afghans"},"share_on_mastodon":{"url":"https:\/\/pubeurope.com\/@fr\/115235405404261146","error":""},"_links":{"self":[{"href":"https:\/\/www.europesays.com\/fr\/wp-json\/wp\/v2\/posts\/404280","targetHints":{"allow":["GET"]}}],"collection":[{"href":"https:\/\/www.europesays.com\/fr\/wp-json\/wp\/v2\/posts"}],"about":[{"href":"https:\/\/www.europesays.com\/fr\/wp-json\/wp\/v2\/types\/post"}],"author":[{"embeddable":true,"href":"https:\/\/www.europesays.com\/fr\/wp-json\/wp\/v2\/users\/2"}],"replies":[{"embeddable":true,"href":"https:\/\/www.europesays.com\/fr\/wp-json\/wp\/v2\/comments?post=404280"}],"version-history":[{"count":0,"href":"https:\/\/www.europesays.com\/fr\/wp-json\/wp\/v2\/posts\/404280\/revisions"}],"wp:featuredmedia":[{"embeddable":true,"href":"https:\/\/www.europesays.com\/fr\/wp-json\/wp\/v2\/media\/404281"}],"wp:attachment":[{"href":"https:\/\/www.europesays.com\/fr\/wp-json\/wp\/v2\/media?parent=404280"}],"wp:term":[{"taxonomy":"category","embeddable":true,"href":"https:\/\/www.europesays.com\/fr\/wp-json\/wp\/v2\/categories?post=404280"},{"taxonomy":"post_tag","embeddable":true,"href":"https:\/\/www.europesays.com\/fr\/wp-json\/wp\/v2\/tags?post=404280"}],"curies":[{"name":"wp","href":"https:\/\/api.w.org\/{rel}","templated":true}]}}