{"id":404284,"date":"2025-09-20T07:19:08","date_gmt":"2025-09-20T07:19:08","guid":{"rendered":"https:\/\/www.europesays.com\/fr\/404284\/"},"modified":"2025-09-20T07:19:08","modified_gmt":"2025-09-20T07:19:08","slug":"production-dans-secteur-de-la-construction-augmente-dans-lunion-europeenne-en-juillet-2025-business-am","status":"publish","type":"post","link":"https:\/\/www.europesays.com\/fr\/404284\/","title":{"rendered":"Production dans secteur de la construction augmente dans l&rsquo;Union europ\u00e9enne en juillet 2025 &#8211; Business AM"},"content":{"rendered":"<p>Principaux renseignements<\/p>\n<ul class=\"wp-block-list\">\n<li><strong>Eurostat, l\u2019office statistique de l\u2019Union europ\u00e9enne, a annonc\u00e9 que la production corrig\u00e9e des variations saisonni\u00e8res dans le secteur de la construction avait augment\u00e9 en juillet par rapport \u00e0 juin, tant dans la zone euro que dans l\u2019UE.<\/strong><\/li>\n<li><strong>Dans la zone euro, la construction a recul\u00e9 dans le secteur du b\u00e2timent, tandis que les activit\u00e9s de g\u00e9nie civil et de construction sp\u00e9cialis\u00e9e ont progress\u00e9.<\/strong><\/li>\n<li><strong>L\u2019analyse en glissement annuel souligne \u00e9galement les bonnes performances du secteur de la construction dans l\u2019ensemble de l\u2019UE.<\/strong><\/li>\n<\/ul>\n<p><a href=\"https:\/\/ec.europa.eu\/eurostat\/web\/products-euro-indicators\/w\/4-18092025-ap\" target=\"_blank\" rel=\"noopener\">Eurostat<\/a>, l\u2019office statistique de l\u2019Union europ\u00e9enne, a indiqu\u00e9 que la production dans le secteur de la construction, corrig\u00e9e des variations saisonni\u00e8res, a augment\u00e9 dans la zone euro et dans l\u2019UE en juillet 2025 par rapport \u00e0 juin 2025. Cette croissance fait suite \u00e0 une l\u00e9g\u00e8re baisse de la production observ\u00e9e en juin 2025.<\/p>\n<p>Les comparaisons en glissement annuel r\u00e9v\u00e8lent une croissance encore plus forte de la <a href=\"https:\/\/fr.businessam.be\/la-production-de-construction-a-enregistre-une-legere-hausse-en-mars-2025-dans-la-zone-euro-et-lue\/\" target=\"_blank\" rel=\"noopener\">production de la construction<\/a> dans les deux r\u00e9gions. La zone euro a connu une augmentation de 3,2 pour cent, tandis que l\u2019UE a enregistr\u00e9 une hausse de 3,6 pour cent par rapport \u00e0 juillet 2024.<\/p>\n<p>Bonnes performances<\/p>\n<p>L\u2019analyse des donn\u00e9es par secteur de la construction r\u00e9v\u00e8le des tendances contrast\u00e9es au sein de chaque r\u00e9gion. Dans la zone euro, la construction de b\u00e2timents a connu une baisse, tandis que le g\u00e9nie civil et les activit\u00e9s de construction sp\u00e9cialis\u00e9es ont enregistr\u00e9 une croissance.  Une tendance similaire a \u00e9t\u00e9 observ\u00e9e dans l\u2019UE, avec une baisse de la construction de b\u00e2timents et une croissance positive des activit\u00e9s de g\u00e9nie civil et de construction sp\u00e9cialis\u00e9e.<\/p>\n<p>Parmi les \u00c9tats membres pour lesquels des donn\u00e9es sont disponibles, la Roumanie a enregistr\u00e9 la plus forte hausse mensuelle de la production dans la construction, suivie de la Slov\u00e9nie et de la Belgique. A l\u2019inverse, l\u2019Espagne, la Su\u00e8de et le Portugal ont connu les baisses les plus importantes.<\/p>\n<p>L\u2019analyse en glissement annuel met \u00e9galement en \u00e9vidence les bonnes performances du secteur de la construction dans l\u2019ensemble de l\u2019UE. Les trois secteurs de la construction \u2013 b\u00e2timents, g\u00e9nie civil et activit\u00e9s sp\u00e9cialis\u00e9es \u2013 ont affich\u00e9 une croissance tant dans la zone euro que dans l\u2019UE. En particulier, la Roumanie a affich\u00e9 une croissance annuelle exceptionnelle, suivie par l\u2019Espagne et la Slov\u00e9nie. \u00c0 l\u2019inverse, la Su\u00e8de, l\u2019Autriche, la France et l\u2019Allemagne ont enregistr\u00e9 des baisses de la production dans la construction par rapport \u00e0 juillet 2024. (fc)<\/p>\n<p><a href=\"https:\/\/news.google.com\/publications\/CAowtseUCw?hl=fr&amp;gl=BE&amp;ceid=BE%3Afr\" target=\"_blank\" rel=\"noopener\">Suivez \u00e9galement Business AM sur Google Actualit\u00e9s<\/a><\/p>\n<p><a href=\"https:\/\/portalfr.businessam.be\/plans\/business-am-fr-offre-dete\/\" target=\"_blank\" rel=\"noopener\">Si vous souhaitez acc\u00e9der \u00e0 tous les articles, abonnez-vous ici!<\/a><\/p>\n","protected":false},"excerpt":{"rendered":"Principaux renseignements Eurostat, l\u2019office statistique de l\u2019Union europ\u00e9enne, a annonc\u00e9 que la production corrig\u00e9e des variations saisonni\u00e8res dans&hellip;\n","protected":false},"author":2,"featured_media":404285,"comment_status":"","ping_status":"","sticky":false,"template":"","format":"standard","meta":{"footnotes":""},"categories":[1586],"tags":[11,4476,1777,674,1779,1011,27,12,25,1778,364],"class_list":{"0":"post-404284","1":"post","2":"type-post","3":"status-publish","4":"format-standard","5":"has-post-thumbnail","7":"category-europe","8":"tag-actualites","9":"tag-construction","10":"tag-eu","11":"tag-europe","12":"tag-european-union","13":"tag-fr","14":"tag-france","15":"tag-news","16":"tag-republique-francaise","17":"tag-ue","18":"tag-union-europeenne"},"share_on_mastodon":{"url":"https:\/\/pubeurope.com\/@fr\/115235413292227112","error":""},"_links":{"self":[{"href":"https:\/\/www.europesays.com\/fr\/wp-json\/wp\/v2\/posts\/404284","targetHints":{"allow":["GET"]}}],"collection":[{"href":"https:\/\/www.europesays.com\/fr\/wp-json\/wp\/v2\/posts"}],"about":[{"href":"https:\/\/www.europesays.com\/fr\/wp-json\/wp\/v2\/types\/post"}],"author":[{"embeddable":true,"href":"https:\/\/www.europesays.com\/fr\/wp-json\/wp\/v2\/users\/2"}],"replies":[{"embeddable":true,"href":"https:\/\/www.europesays.com\/fr\/wp-json\/wp\/v2\/comments?post=404284"}],"version-history":[{"count":0,"href":"https:\/\/www.europesays.com\/fr\/wp-json\/wp\/v2\/posts\/404284\/revisions"}],"wp:featuredmedia":[{"embeddable":true,"href":"https:\/\/www.europesays.com\/fr\/wp-json\/wp\/v2\/media\/404285"}],"wp:attachment":[{"href":"https:\/\/www.europesays.com\/fr\/wp-json\/wp\/v2\/media?parent=404284"}],"wp:term":[{"taxonomy":"category","embeddable":true,"href":"https:\/\/www.europesays.com\/fr\/wp-json\/wp\/v2\/categories?post=404284"},{"taxonomy":"post_tag","embeddable":true,"href":"https:\/\/www.europesays.com\/fr\/wp-json\/wp\/v2\/tags?post=404284"}],"curies":[{"name":"wp","href":"https:\/\/api.w.org\/{rel}","templated":true}]}}