{"id":404299,"date":"2025-09-20T07:30:13","date_gmt":"2025-09-20T07:30:13","guid":{"rendered":"https:\/\/www.europesays.com\/fr\/404299\/"},"modified":"2025-09-20T07:30:13","modified_gmt":"2025-09-20T07:30:13","slug":"le-rapport-choc-autour-de-donnees-volees-dans-le-cerveau-de-charles-leclerc","status":"publish","type":"post","link":"https:\/\/www.europesays.com\/fr\/404299\/","title":{"rendered":"le rapport choc autour de donn\u00e9es vol\u00e9es dans le cerveau de Charles Leclerc"},"content":{"rendered":"<p>Rapport choc dans le monde de la Formule 1 et du sport en g\u00e9n\u00e9ral. Comme relay\u00e9 par Motorsport Next Gen, on apprend qu&rsquo;une entreprise technologique financ\u00e9e par la Chine aurait collect\u00e9 des donn\u00e9es c\u00e9r\u00e9brales aupr\u00e8s d\u2019athl\u00e8tes de haut niveau, dont le pilote de Formule 1 Charles Leclerc. Ainsi, le pilote mon\u00e9gasque a \u00e9t\u00e9 cit\u00e9 dans une enqu\u00eate men\u00e9e sur une p\u00e9riode de six mois par Hunterbrook Media et le journaliste Pablo Torre. Cette enqu\u00eate d\u00e9voile que les donn\u00e9es d\u2019ondes c\u00e9r\u00e9brales d\u2019un bandeau d\u2019entra\u00eenement \u00e0 la concentration ont \u00e9t\u00e9 rendues accessibles \u00e0 la Chine.<\/p>\n<p>Des donn\u00e9es vol\u00e9es dans le cerveau de Leclerc ?<\/p>\n<p>\u00ab\u00a0Je tiens \u00e0 \u00e9tablir que ce bandeau que je viens de porter, appel\u00e9 FocusCalm, n\u2019est pas un objet quelconque. C\u2019est un appareil incroyablement populaire dans le monde du sport, car il permet aux athl\u00e8tes de suivre leurs ondes c\u00e9r\u00e9brales pour am\u00e9liorer leurs performances. On peut voir quand on est calme, quand on est stress\u00e9, et on peut se concentrer, voil\u00e0 le message publicitaire qui entoure ce produit. Il ne s\u2019agit pas de n\u2019importe quel athl\u00e8te : il s\u2019agit de l\u2019Italien Jannik Sinner, c\u00e9l\u00e8bre pour sa concentration, qui s\u2019entra\u00eene avec le FocusCalm. Il s\u2019agit de l\u2019ancienne num\u00e9ro un mondiale du tennis, Iga Swiatek, qui l\u2019utilise quotidiennement\u00a0\u00bb, a confi\u00e9 Torre dans son podcast \u00ab\u00a0Pablo Torre Finds Out\u00a0\u00bb.<\/p>\n<p>Et le Dr Riccardo Ceccarelli, \u00e9minent m\u00e9decin du sport et fondateur de Formula Medicine, a affirm\u00e9 qu\u2019il \u00e9tait possible que la Chine utilise ces donn\u00e9es pour entra\u00eener ses propres athl\u00e8tes. Et il s&rsquo;av\u00e8re que Ceccarelli travaille avec Leclerc depuis que le pilote mon\u00e9gasque a 13 ans. Autant dire que des donn\u00e9es ont pu \u00eatre vol\u00e9es dans le cerveau de Leclerc et ce rapport fait beaucoup de bruit.<\/p>\n<p>    Partagez cette info avec vos amis et vos proches en cliquant ici  <\/p>\n<p> Podcasts \u00e0 la une MEN LIFE <\/p>\n<p>    Pour r\u00e9sumer<\/p>\n<p>Rapport choc dans le monde de la Formule 1 et du sport en g\u00e9n\u00e9ral. Comme relay\u00e9 par Motorsport Next Gen, on apprend qu&rsquo;une entreprise technologique financ\u00e9e par la Chine aurait collect\u00e9 des donn\u00e9es c\u00e9r\u00e9brales aupr\u00e8s d\u2019athl\u00e8tes de haut niveau, dont le pilote de Formule 1 Charles Leclerc.<\/p>\n<p>R\u00e9dacteur<\/p>\n<p><img decoding=\"async\" width=\"76\" height=\"76\" loading=\"lazy\" src=\"https:\/\/www.europesays.com\/fr\/wp-content\/uploads\/2025\/04\/logo-victor-willems.jpg\" alt=\"Victor Willems\"\/><\/p>\n","protected":false},"excerpt":{"rendered":"Rapport choc dans le monde de la Formule 1 et du sport en g\u00e9n\u00e9ral. Comme relay\u00e9 par Motorsport&hellip;\n","protected":false},"author":2,"featured_media":404300,"comment_status":"","ping_status":"","sticky":false,"template":"","format":"standard","meta":{"footnotes":""},"categories":[1412],"tags":[1451,1452,1453,1454,1455,1011,27,60],"class_list":{"0":"post-404299","1":"post","2":"type-post","3":"status-publish","4":"format-standard","5":"has-post-thumbnail","7":"category-f1","8":"tag-f1","9":"tag-formula-1","10":"tag-formula1","11":"tag-formule-1","12":"tag-formule1","13":"tag-fr","14":"tag-france","15":"tag-sports"},"share_on_mastodon":{"url":"https:\/\/pubeurope.com\/@fr\/115235456551063280","error":""},"_links":{"self":[{"href":"https:\/\/www.europesays.com\/fr\/wp-json\/wp\/v2\/posts\/404299","targetHints":{"allow":["GET"]}}],"collection":[{"href":"https:\/\/www.europesays.com\/fr\/wp-json\/wp\/v2\/posts"}],"about":[{"href":"https:\/\/www.europesays.com\/fr\/wp-json\/wp\/v2\/types\/post"}],"author":[{"embeddable":true,"href":"https:\/\/www.europesays.com\/fr\/wp-json\/wp\/v2\/users\/2"}],"replies":[{"embeddable":true,"href":"https:\/\/www.europesays.com\/fr\/wp-json\/wp\/v2\/comments?post=404299"}],"version-history":[{"count":0,"href":"https:\/\/www.europesays.com\/fr\/wp-json\/wp\/v2\/posts\/404299\/revisions"}],"wp:featuredmedia":[{"embeddable":true,"href":"https:\/\/www.europesays.com\/fr\/wp-json\/wp\/v2\/media\/404300"}],"wp:attachment":[{"href":"https:\/\/www.europesays.com\/fr\/wp-json\/wp\/v2\/media?parent=404299"}],"wp:term":[{"taxonomy":"category","embeddable":true,"href":"https:\/\/www.europesays.com\/fr\/wp-json\/wp\/v2\/categories?post=404299"},{"taxonomy":"post_tag","embeddable":true,"href":"https:\/\/www.europesays.com\/fr\/wp-json\/wp\/v2\/tags?post=404299"}],"curies":[{"name":"wp","href":"https:\/\/api.w.org\/{rel}","templated":true}]}}