{"id":404301,"date":"2025-09-20T07:31:24","date_gmt":"2025-09-20T07:31:24","guid":{"rendered":"https:\/\/www.europesays.com\/fr\/404301\/"},"modified":"2025-09-20T07:31:24","modified_gmt":"2025-09-20T07:31:24","slug":"cyclisme-championnat-des-flandres-jonathan-milan-ca-a-ete-difficile-apres-le-tour","status":"publish","type":"post","link":"https:\/\/www.europesays.com\/fr\/404301\/","title":{"rendered":"Cyclisme. Championnat des Flandres &#8211; Jonathan Milan : \u00ab\u00c7a a \u00e9t\u00e9 difficile apr\u00e8s le Tour&#8230;\u00bb"},"content":{"rendered":"<p>Quelle journ\u00e9e pour la <strong>Lidl-Trek<\/strong> ! Quelques minutes apr\u00e8s la victoire de<strong> Mattias Skjelmose<\/strong> (Lidl-Trek) sur le<strong> Tour de Luxembourg<\/strong>, c&rsquo;est l&rsquo;Italien <strong>Jonathan Milan<\/strong> (Lidl-Trek) qui a remport\u00e9 au sprint le prestigieux <strong><a href=\"https:\/\/www.cyclismactu.net\/..\/news-cyclisme-championnat-des-flandres-jonathan-milan-plus-rapide-et-champion-des-flandres-90226.html?utm_campaign=post-auto&amp;utm_medium=twitter&amp;utm_source=mashup-cyclismactu\" target=\"_blank\" rel=\"noopener\">Championnat des Flandres <\/a><\/strong>! Surpuissant, il a devanc\u00e9 sur la ligne le N\u00e9erlandais <strong>Dylan Groenewegen<\/strong> (Team Jayco-AlUla) et le Belge<strong> Tim Merlier <\/strong>(Soudal Quick-Step). C&rsquo;est d\u00e9j\u00e0 la 11e victoire cette saison pour le maillot vert du dernier <strong>Tour de France<\/strong>, qui s&rsquo;affirme encore comme l&rsquo;un des tout meilleurs sprinteurs du monde.<\/p>\n<p>Vid\u00e9o &#8211; La victoire au sprint de Jonathan Milan ce vendredi Lire la suite de l&rsquo;article&#13;<\/p>\n<p>\u00a0<\/p>\n<p>&#13;<br \/>\n\u00ab\u00a0Tr\u00e8s difficile de r\u00e9cup\u00e9rer apr\u00e8s le Tour de France&#8230;\u00a0\u00bb&#13;<\/p>\n<p>Dans un communiqu\u00e9 publi\u00e9 par sa formation, le sprinteur est revenu sur sa victoire : \u00ab\u00a0Je suis vraiment heureux aujourd\u2019hui, l\u2019\u00e9quipe a parfaitement g\u00e9r\u00e9 la course. Le rythme \u00e9tait tr\u00e8s \u00e9lev\u00e9, surtout dans la premi\u00e8re heure, et la fin a \u00e9t\u00e9 vraiment chaotique. C\u2019\u00e9tait difficile d\u2019organiser le train de sprint car tous les sprinteurs voulaient \u00eatre devant pour jouer la victoire. J\u2019ai bien g\u00e9r\u00e9 le final et je suis tr\u00e8s content de ce r\u00e9sultat\u00a0\u00bb.<\/p>\n<p>&#13;<\/p>\n<p>Il poursuit : \u00ab\u00a0Il m\u2019a \u00e9t\u00e9 tr\u00e8s difficile de r\u00e9cup\u00e9rer apr\u00e8s le Tour de France. Je suis all\u00e9 au Tour d\u2019Allemagne et j\u2019esp\u00e9rais que \u00e7a se passerait un peu mieux, mais je pense que mon corps n\u2019\u00e9tait pas encore assez remis. Maintenant, j\u2019ai pass\u00e9 de bons moments \u00e0 la maison et j\u2019ai pu m\u2019entra\u00eener correctement, ce qui m\u2019a donn\u00e9 beaucoup de motivation pour venir ici disputer ces derni\u00e8res courses de la saison avec mes co\u00e9quipiers, ramener de beaux r\u00e9sultats et prendre du plaisir !\u00a0\u00bb, conclut-il.<\/p>\n<p>Championnat des Flandres &#8211; Classement g\u00e9n\u00e9ral<\/p>\n","protected":false},"excerpt":{"rendered":"Quelle journ\u00e9e pour la Lidl-Trek ! Quelques minutes apr\u00e8s la victoire de Mattias Skjelmose (Lidl-Trek) sur le Tour&hellip;\n","protected":false},"author":2,"featured_media":404302,"comment_status":"","ping_status":"","sticky":false,"template":"","format":"standard","meta":{"footnotes":""},"categories":[1411],"tags":[53402,1154,207,211,1011,27,209,60,210,212,208,213],"class_list":{"0":"post-404301","1":"post","2":"type-post","3":"status-publish","4":"format-standard","5":"has-post-thumbnail","7":"category-cyclisme","8":"tag-championnat-des-flandres","9":"tag-cycling","10":"tag-cyclisme","11":"tag-ffc","12":"tag-fr","13":"tag-france","14":"tag-route","15":"tag-sports","16":"tag-tour-de-france","17":"tag-uci","18":"tag-velo","19":"tag-world-tour"},"share_on_mastodon":{"url":"https:\/\/pubeurope.com\/@fr\/115235460457565522","error":""},"_links":{"self":[{"href":"https:\/\/www.europesays.com\/fr\/wp-json\/wp\/v2\/posts\/404301","targetHints":{"allow":["GET"]}}],"collection":[{"href":"https:\/\/www.europesays.com\/fr\/wp-json\/wp\/v2\/posts"}],"about":[{"href":"https:\/\/www.europesays.com\/fr\/wp-json\/wp\/v2\/types\/post"}],"author":[{"embeddable":true,"href":"https:\/\/www.europesays.com\/fr\/wp-json\/wp\/v2\/users\/2"}],"replies":[{"embeddable":true,"href":"https:\/\/www.europesays.com\/fr\/wp-json\/wp\/v2\/comments?post=404301"}],"version-history":[{"count":0,"href":"https:\/\/www.europesays.com\/fr\/wp-json\/wp\/v2\/posts\/404301\/revisions"}],"wp:featuredmedia":[{"embeddable":true,"href":"https:\/\/www.europesays.com\/fr\/wp-json\/wp\/v2\/media\/404302"}],"wp:attachment":[{"href":"https:\/\/www.europesays.com\/fr\/wp-json\/wp\/v2\/media?parent=404301"}],"wp:term":[{"taxonomy":"category","embeddable":true,"href":"https:\/\/www.europesays.com\/fr\/wp-json\/wp\/v2\/categories?post=404301"},{"taxonomy":"post_tag","embeddable":true,"href":"https:\/\/www.europesays.com\/fr\/wp-json\/wp\/v2\/tags?post=404301"}],"curies":[{"name":"wp","href":"https:\/\/api.w.org\/{rel}","templated":true}]}}