{"id":404305,"date":"2025-09-20T07:33:10","date_gmt":"2025-09-20T07:33:10","guid":{"rendered":"https:\/\/www.europesays.com\/fr\/404305\/"},"modified":"2025-09-20T07:33:10","modified_gmt":"2025-09-20T07:33:10","slug":"a-menton-louis-sarkozy-fait-campagne-en-bonne-et-due-com-liberation","status":"publish","type":"post","link":"https:\/\/www.europesays.com\/fr\/404305\/","title":{"rendered":"\u00e0 Menton, Louis Sarkozy fait campagne en bonne et due com \u2013 Lib\u00e9ration"},"content":{"rendered":"<p class=\"sc-cPiKLX AiZTS text-element\">Le Saint-Marcellin de la M\u00e8re Richard est vendu 4,90 euros \u00e0 la cr\u00e9merie du march\u00e9 de Menton (Alpes-Maritimes). Et voil\u00e0 qu\u2019une matin\u00e9e d\u2019\u00e9t\u00e9, le petit fromage coulant et co\u00fbteux a fini dans le panier de Louis Sarkozy, se r\u00e9gale-t-on \u00e0 raconter de l\u2019autre c\u00f4t\u00e9 du comptoir. Preuve que dans la halle, on ne consomme pas uniquement local : ni le Saint-Marcellin ni Louis Sarkozy ne sont d\u2019ici. Le fils de l\u2019ancien pr\u00e9sident, 28 ans, <a href=\"https:\/\/www.liberation.fr\/politique\/louis-sarkozy-cree-son-association-de-financement-de-campagne-pour-les-municipales-a-menton-20250820_MTFWMFUWVFFK7IMITHO5HH56O4\/\" target=\"_blank\" rel=\"noopener\" title=\"https:\/\/www.liberation.fr\/politique\/louis-sarkozy-cree-son-association-de-financement-de-campagne-pour-les-municipales-a-menton-20250820_MTFWMFUWVFFK7IMITHO5HH56O4\/\">a d\u00e9barqu\u00e9 \u00e0 Menton en avril<\/a> avec la ferme intention de ravir la mairie aux municipales de mars. Depuis, le parachut\u00e9, <a href=\"https:\/\/www.liberation.fr\/portraits\/louis-sarkozy-napo-baby-20250513_5VUVA2MV35FKXERQLITUEPSPSE\/?redirected=1\" target=\"_blank\" rel=\"noopener\" title=\"https:\/\/www.liberation.fr\/portraits\/louis-sarkozy-napo-baby-20250513_5VUVA2MV35FKXERQLITUEPSPSE\/?redirected=1\">qui a grandi entre Neuilly et New York<\/a>, ne l\u00e2che plus le petit march\u00e9 et les grands du milieu mentonnais. Il multiplie les rencontres et les prises de contact. Une question d\u2019int\u00e9gration dans cette commune aux confins de la France, la derni\u00e8re avant la fronti\u00e8re italienne. \u00abMon ambition est qu\u2019avec le tem <\/p>\n","protected":false},"excerpt":{"rendered":"Le Saint-Marcellin de la M\u00e8re Richard est vendu 4,90 euros \u00e0 la cr\u00e9merie du march\u00e9 de Menton (Alpes-Maritimes).&hellip;\n","protected":false},"author":2,"featured_media":404306,"comment_status":"","ping_status":"","sticky":false,"template":"","format":"standard","meta":{"footnotes":""},"categories":[1359],"tags":[58,59,1011,27,17927,3228,5945,973],"class_list":{"0":"post-404305","1":"post","2":"type-post","3":"status-publish","4":"format-standard","5":"has-post-thumbnail","7":"category-people","8":"tag-divertissement","9":"tag-entertainment","10":"tag-fr","11":"tag-france","12":"tag-louis-sarkozy","13":"tag-lr","14":"tag-municipales-elections","15":"tag-people"},"share_on_mastodon":{"url":"https:\/\/pubeurope.com\/@fr\/115235468346386802","error":""},"_links":{"self":[{"href":"https:\/\/www.europesays.com\/fr\/wp-json\/wp\/v2\/posts\/404305","targetHints":{"allow":["GET"]}}],"collection":[{"href":"https:\/\/www.europesays.com\/fr\/wp-json\/wp\/v2\/posts"}],"about":[{"href":"https:\/\/www.europesays.com\/fr\/wp-json\/wp\/v2\/types\/post"}],"author":[{"embeddable":true,"href":"https:\/\/www.europesays.com\/fr\/wp-json\/wp\/v2\/users\/2"}],"replies":[{"embeddable":true,"href":"https:\/\/www.europesays.com\/fr\/wp-json\/wp\/v2\/comments?post=404305"}],"version-history":[{"count":0,"href":"https:\/\/www.europesays.com\/fr\/wp-json\/wp\/v2\/posts\/404305\/revisions"}],"wp:featuredmedia":[{"embeddable":true,"href":"https:\/\/www.europesays.com\/fr\/wp-json\/wp\/v2\/media\/404306"}],"wp:attachment":[{"href":"https:\/\/www.europesays.com\/fr\/wp-json\/wp\/v2\/media?parent=404305"}],"wp:term":[{"taxonomy":"category","embeddable":true,"href":"https:\/\/www.europesays.com\/fr\/wp-json\/wp\/v2\/categories?post=404305"},{"taxonomy":"post_tag","embeddable":true,"href":"https:\/\/www.europesays.com\/fr\/wp-json\/wp\/v2\/tags?post=404305"}],"curies":[{"name":"wp","href":"https:\/\/api.w.org\/{rel}","templated":true}]}}