{"id":404311,"date":"2025-09-20T07:36:24","date_gmt":"2025-09-20T07:36:24","guid":{"rendered":"https:\/\/www.europesays.com\/fr\/404311\/"},"modified":"2025-09-20T07:36:24","modified_gmt":"2025-09-20T07:36:24","slug":"les-ligeriens-dony-et-lyanna-en-lice-ce-samedi-soir","status":"publish","type":"post","link":"https:\/\/www.europesays.com\/fr\/404311\/","title":{"rendered":"les Lig\u00e9riens Dony et Lyanna en lice ce samedi soir"},"content":{"rendered":"<p>Ce samedi soir, la Loire aura deux repr\u00e9sentants dans le t\u00e9l\u00e9-crochet de TF1. Dony le St\u00e9phanois et Lyanna la Ricamandoise tenteront leur chance dans \u00ab\u00a0l\u2019\u00e9tape des groupes\u00a0\u00bb, derni\u00e8re marche avant la finale 2025 de The Voice Kids.<\/p>\n<p>Les Lig\u00e9riens seront tous les deux en concert \u00e0 Fontaines-Saint-Martin (Rh\u00f4ne) ce samedi apr\u00e8s-midi avec d\u2019autres \u00ab\u00a0Kids\u00a0\u00bb de la saison 11e saison\u00a0: \u00ab\u00a0Apr\u00e8s le spectacle, on fera une projection g\u00e9ante. On regardera l\u2019\u00e9mission tous ensemble (qui a \u00e9t\u00e9 enregistr\u00e9e en mai, NDLR)\u00a0\u00bb, d\u00e9taille Kahina, la maman de Lyanna.<\/p>\n<p>  Dony (14 ans), membre de l\u2019\u00e9quipe de Patick Fiori<\/p>\n<p>Le 6\u00a0septembre, Dony a affront\u00e9 le jury des \u00ab\u00a0auditions \u00e0 l\u2019aveugle\u00a0\u00bb en proposant une version du chant de r\u00e9volte italien Bella Ciao (une entame lente avec un accompagnement au piano avant une mont\u00e9e en puissance et une acc\u00e9l\u00e9ration du rythme, NDLR).<\/p>\n<p>Apr\u00e8s sa prestation, trois si\u00e8ges sur quatre se sont retourn\u00e9s. Et <a href=\"https:\/\/www.leprogres.fr\/p\/soprano\" target=\"_blank\" rel=\"nofollow noopener\">Soprano<\/a> n\u2019y est pas all\u00e9 par quatre chemins\u00a0: \u00ab\u00a0Ta voix, elle est magnifique. Il a une voix d\u2019op\u00e9ra, une technicit\u00e9 magnifique, il est \u00e0 l\u2019aise, il prend du plaisir, il est content de chanter pour les gens [\u2026] Je le veux dans mon \u00e9quipe. \u00bb<\/p>\n<p>Santa aussi n\u2019a pas \u00e9t\u00e9 avare de compliments. <a href=\"https:\/\/www.leprogres.fr\/societe\/2025\/09\/08\/the-voice-kids-le-stephanois-dony-choisit-l-equipe-de-patrick-fiori\" target=\"_blank\" rel=\"nofollow noopener\">Pourtant, c\u2019est bien l\u2019\u00e9quipe de Patrick Fiori que le jeune St\u00e9phanois a choisi de rejoindre<\/a>.<\/p>\n<p>  \u00ab Incroyable de partager \u00e7a avec un artiste comme lui\u00a0\u00bb <\/p>\n<p>Et la semaine de r\u00e9p\u00e9tition avec celui qui incarnait Phoebus dans la com\u00e9die musicale Notre-Dame-de-Paris (1998) a profond\u00e9ment marqu\u00e9 Dony\u00a0: \u00ab\u00a0Il est tr\u00e8s gentil. On lui a fait notre musique et il nous a dit ce qui allait et ce qui n\u2019allait pas. C\u2019\u00e9tait incroyable de partager \u00e7a avec un artiste comme lui. Avant l\u2019enregistrement de \u201cl\u2019\u00e9tape des groupes\u201d, j\u2019appr\u00e9hendais pas du tout parce que la semaine qu\u2019on avait pass\u00e9e avait \u00e9t\u00e9 g\u00e9niale. Dans le groupe, on \u00e9tait tous ensemble, dans la bonne humeur et on s\u2019est tout de suite bien entendus\u00a0\u00bb.<\/p>\n<p>Ce samedi soir, avec trois autres candidats de la team Patrick Fiori, Dony participera \u00e0 un medley et devra donner le meilleur de lui-m\u00eame pour que son coach le s\u00e9lectionne et le propulse en finale.<\/p>\n<p>  Lyanna (11 ans), membre de l\u2019\u00e9quipe de <a href=\"https:\/\/www.leprogres.fr\/p\/m-pokora\" target=\"_blank\" rel=\"nofollow noopener\">Matt Pokora<\/a><\/p>\n<p>\u00ab\u00a0Mon r\u00eave, c\u2019est de devenir chanteuse. Mes parents m\u2019ont dit que si un coach se retournait, ils m\u2019ach\u00e8teraient un chien.\u00a0\u00bb Samedi dernier, avec son interpr\u00e9tation d\u2019 APT, un titre du duo Ros\u00e9-Bruno Mars, Lyanna est parvenue \u00e0 faire retourner les si\u00e8ges rouges de Soprano et de Matt Pokora.<\/p>\n<p>Elle a choisi de rejoindre ce dernier \u00e0 l\u2019issue des \u00ab\u00a0auditions \u00e0 l\u2019aveugle\u00a0\u00bb.\u00a0<a href=\"https:\/\/www.leprogres.fr\/culture-loisirs\/2025\/01\/12\/a-10-ans-la-chanteuse-lyanna-grange-vient-de-tourner-son-premier-clip\" target=\"_blank\" rel=\"nofollow noopener\">La jeune Ricamandoise<\/a> a, elle aussi, pass\u00e9 une semaine de r\u00eave en compagnie de l\u2019ancien vainqueur de Popstar (en tant que membre du groupe Linkup en 2003).<\/p>\n<p>\u00ab\u00a0On a bien r\u00e9p\u00e9t\u00e9. Il m\u2019a donn\u00e9 des conseils, c\u2019\u00e9tait vraiment tr\u00e8s bien. J\u2019\u00e9tais moins stress\u00e9e lors de l\u2019enregistrement de \u201cl\u2019\u00e9tape des groupes\u201d parce qu\u2019on \u00e9tait tous ensemble\u00a0\u00bb. Les candidats de la team Matt Pokora sont \u00ab\u00a0tr\u00e8s proches et communiquent r\u00e9guli\u00e8rement, ajoute sa maman Kahina. C\u2019est vraiment une petite famille\u00a0\u00bb.<\/p>\n<p>Lyanna devra se surpasser pour pouvoir \u00eatre choisie par son coach et continuer l\u2019aventure. L\u2019\u00e9mission diffus\u00e9e ce samedi soir donnera, quoi qu\u2019il arrive, un sacr\u00e9 coup de pouce \u00e0 la Lig\u00e9rienne qui, apr\u00e8s C\u2019est quoi la vie ?, sortira un deuxi\u00e8me single, Comme \u00e7a, dans les prochains jours.<\/p>\n<p>Quant au chien promis par ses parents, il n\u2019est pas encore arriv\u00e9 dans la famille\u00a0: \u00ab\u00a0On cherche un husky et, pour l\u2019instant, on n\u2019a pas trouv\u00e9 ce qui nous convenait\u00a0\u00bb, ajoute Kahina.<\/p>\n<p class=\"note\">The Voice Kids, samedi, \u00e0 21\u00a0h\u00a010, sur TF1.<\/p>\n","protected":false},"excerpt":{"rendered":"Ce samedi soir, la Loire aura deux repr\u00e9sentants dans le t\u00e9l\u00e9-crochet de TF1. Dony le St\u00e9phanois et Lyanna&hellip;\n","protected":false},"author":2,"featured_media":404312,"comment_status":"","ping_status":"","sticky":false,"template":"","format":"standard","meta":{"footnotes":""},"categories":[1356],"tags":[1687,58,7539,59,107,1011,27,3367,873,4001,7538,104,252,2205,1364],"class_list":{"0":"post-404311","1":"post","2":"type-post","3":"status-publish","4":"format-standard","5":"has-post-thumbnail","7":"category-television","8":"tag-culture-loisirs","9":"tag-divertissement","10":"tag-edition-loire-sud","11":"tag-entertainment","12":"tag-fil-info","13":"tag-fr","14":"tag-france","15":"tag-loire","16":"tag-musique","17":"tag-saint-etienne","18":"tag-saint-etienne-ville","19":"tag-societe","20":"tag-television","21":"tag-television-medias","22":"tag-tv"},"share_on_mastodon":{"url":"https:\/\/pubeurope.com\/@fr\/115235480107931484","error":""},"_links":{"self":[{"href":"https:\/\/www.europesays.com\/fr\/wp-json\/wp\/v2\/posts\/404311","targetHints":{"allow":["GET"]}}],"collection":[{"href":"https:\/\/www.europesays.com\/fr\/wp-json\/wp\/v2\/posts"}],"about":[{"href":"https:\/\/www.europesays.com\/fr\/wp-json\/wp\/v2\/types\/post"}],"author":[{"embeddable":true,"href":"https:\/\/www.europesays.com\/fr\/wp-json\/wp\/v2\/users\/2"}],"replies":[{"embeddable":true,"href":"https:\/\/www.europesays.com\/fr\/wp-json\/wp\/v2\/comments?post=404311"}],"version-history":[{"count":0,"href":"https:\/\/www.europesays.com\/fr\/wp-json\/wp\/v2\/posts\/404311\/revisions"}],"wp:featuredmedia":[{"embeddable":true,"href":"https:\/\/www.europesays.com\/fr\/wp-json\/wp\/v2\/media\/404312"}],"wp:attachment":[{"href":"https:\/\/www.europesays.com\/fr\/wp-json\/wp\/v2\/media?parent=404311"}],"wp:term":[{"taxonomy":"category","embeddable":true,"href":"https:\/\/www.europesays.com\/fr\/wp-json\/wp\/v2\/categories?post=404311"},{"taxonomy":"post_tag","embeddable":true,"href":"https:\/\/www.europesays.com\/fr\/wp-json\/wp\/v2\/tags?post=404311"}],"curies":[{"name":"wp","href":"https:\/\/api.w.org\/{rel}","templated":true}]}}