{"id":404330,"date":"2025-09-20T07:47:10","date_gmt":"2025-09-20T07:47:10","guid":{"rendered":"https:\/\/www.europesays.com\/fr\/404330\/"},"modified":"2025-09-20T07:47:10","modified_gmt":"2025-09-20T07:47:10","slug":"pres-de-saint-etienne-incendie-dans-un-foyer-des-enfants-evacues","status":"publish","type":"post","link":"https:\/\/www.europesays.com\/fr\/404330\/","title":{"rendered":"Pr\u00e8s de Saint-\u00c9tienne : incendie dans un foyer, des enfants \u00e9vacu\u00e9s"},"content":{"rendered":"<p>Un incendie s&rsquo;est d\u00e9clar\u00e9 pr\u00e8s d&rsquo;un foyer d\u00e9partemental vendredi soir, \u00e0 Roche-la-Moli\u00e8re. Quatre enfants ont \u00e9t\u00e9 \u00e9vacu\u00e9s. L&rsquo;origine du feu pourrait \u00eatre accidentelle.<\/p>\n<p>Agitation dans le quartier de Beaulieu \u00e0 <b>Roche-la-Moli\u00e8re<\/b> dans la soir\u00e9e du vendredi 20 septembre. Vers 21h30, <b>un incendie s&rsquo;est d\u00e9clar\u00e9 pr\u00e8s du foyer d\u00e9partemental de l&rsquo;enfance.<\/b><br \/><b><br \/><\/b><\/p>\n<p>Quatre enfants \u00e9vacu\u00e9s<\/p>\n<p>Plusieurs v\u00e9hicules se sont enflamm\u00e9s \u00e0 proximit\u00e9 du b\u00e2timent. Les flammes ont menac\u00e9 de se propager au foyer, touchant fa\u00e7ade et les fen\u00eatres.<\/p>\n<p>Les \u00e9ducateurs du foyer ont r\u00e9ussi <b>\u00e0 \u00e9vacuer les quatre enfants<\/b> qui \u00e9taient en train de dormir avant que les fum\u00e9es ne p\u00e9n\u00e8trent dans les locaux.<\/p>\n<p>Alert\u00e9s, les pompiers se sont rapidement rendus sur place pour \u00e9teindre l&rsquo;incendie et \u00e9viter la propagation des flammes.<\/p>\n<p>L&rsquo;origine du feu serait accidentelle<\/p>\n<p>Selon <a class=\"url\" href=\"https:\/\/www.leprogres.fr\/faits-divers-justice\/2025\/09\/20\/incendie-au-foyer-departemental-quatre-enfants-evacues-en-pleine-nuit\" target=\"_blank\" rel=\"nofollow noopener\">Le Progr\u00e8s<\/a>, les enfants ont \u00e9t\u00e9 envoy\u00e9s dans d&rsquo;autres structures du d\u00e9partement.<\/p>\n<p>Concernant l&rsquo;origine du feu, elle serait accidentelle.<\/p>\n<p>Une voiture victime d&rsquo;un dysfonctionnement moteur se serait enflamm\u00e9e. Un incendie qui s&rsquo;est ensuite propag\u00e9 \u00e0 d&rsquo;autres v\u00e9hicules.<\/p>\n<p><img loading=\"lazy\" decoding=\"async\" src=\"https:\/\/www.europesays.com\/fr\/wp-content\/uploads\/2025\/09\/1758354430_53_img\" width=\"350\" height=\"200\" border=\"0\" title=\"Une moto de la Police nationale\"\/><\/p>\n<p>\u25baFaits divers<\/p>\n<p style=\"font-size: 22px;\"><b>Saint-\u00c9tienne : au volant de sa voiture, il est flash\u00e9 \u00e0 100 km\/h en ville<\/b><\/p>\n<p>Ce vendredi matin, un conducteur a \u00e9t\u00e9 intercept\u00e9&#8230;<\/p>\n<p><\/p>\n","protected":false},"excerpt":{"rendered":"Un incendie s&rsquo;est d\u00e9clar\u00e9 pr\u00e8s d&rsquo;un foyer d\u00e9partemental vendredi soir, \u00e0 Roche-la-Moli\u00e8re. Quatre enfants ont \u00e9t\u00e9 \u00e9vacu\u00e9s. L&rsquo;origine&hellip;\n","protected":false},"author":2,"featured_media":404331,"comment_status":"","ping_status":"","sticky":false,"template":"","format":"standard","meta":{"footnotes":""},"categories":[9653],"tags":[1111,11,2430,1777,674,6017,1011,27,1310,53587,12,1311,25,9920,4001],"class_list":{"0":"post-404330","1":"post","2":"type-post","3":"status-publish","4":"format-standard","5":"has-post-thumbnail","7":"category-saint-etienne","8":"tag-actu","9":"tag-actualites","10":"tag-auvergne-rhone-alpes","11":"tag-eu","12":"tag-europe","13":"tag-fait-divers","14":"tag-fr","15":"tag-france","16":"tag-incendie","17":"tag-la-roche-la-molire","18":"tag-news","19":"tag-pompiers","20":"tag-republique-francaise","21":"tag-saint-tienne","22":"tag-saint-etienne"},"share_on_mastodon":{"url":"https:\/\/pubeurope.com\/@fr\/115235523518914983","error":""},"_links":{"self":[{"href":"https:\/\/www.europesays.com\/fr\/wp-json\/wp\/v2\/posts\/404330","targetHints":{"allow":["GET"]}}],"collection":[{"href":"https:\/\/www.europesays.com\/fr\/wp-json\/wp\/v2\/posts"}],"about":[{"href":"https:\/\/www.europesays.com\/fr\/wp-json\/wp\/v2\/types\/post"}],"author":[{"embeddable":true,"href":"https:\/\/www.europesays.com\/fr\/wp-json\/wp\/v2\/users\/2"}],"replies":[{"embeddable":true,"href":"https:\/\/www.europesays.com\/fr\/wp-json\/wp\/v2\/comments?post=404330"}],"version-history":[{"count":0,"href":"https:\/\/www.europesays.com\/fr\/wp-json\/wp\/v2\/posts\/404330\/revisions"}],"wp:featuredmedia":[{"embeddable":true,"href":"https:\/\/www.europesays.com\/fr\/wp-json\/wp\/v2\/media\/404331"}],"wp:attachment":[{"href":"https:\/\/www.europesays.com\/fr\/wp-json\/wp\/v2\/media?parent=404330"}],"wp:term":[{"taxonomy":"category","embeddable":true,"href":"https:\/\/www.europesays.com\/fr\/wp-json\/wp\/v2\/categories?post=404330"},{"taxonomy":"post_tag","embeddable":true,"href":"https:\/\/www.europesays.com\/fr\/wp-json\/wp\/v2\/tags?post=404330"}],"curies":[{"name":"wp","href":"https:\/\/api.w.org\/{rel}","templated":true}]}}