{"id":404345,"date":"2025-09-20T07:56:09","date_gmt":"2025-09-20T07:56:09","guid":{"rendered":"https:\/\/www.europesays.com\/fr\/404345\/"},"modified":"2025-09-20T07:56:09","modified_gmt":"2025-09-20T07:56:09","slug":"exclu-la-petite-bouffe-laisse-place-au-restaurant-dune-enseigne-bien-connue-a-rouen","status":"publish","type":"post","link":"https:\/\/www.europesays.com\/fr\/404345\/","title":{"rendered":"EXCLU. La Petite Bouffe laisse place au restaurant d&rsquo;une enseigne bien connue \u00e0 Rouen"},"content":{"rendered":"<p>            Par<br \/>\n        <strong><br \/>\n            <a href=\"https:\/\/actu.fr\/auteur\/julien-bouteiller\" title=\"Consulter tous les articles de Julien Bouteiller\" rel=\"nofollow noopener\" target=\"_blank\">Julien Bouteiller<\/a><br \/>\n        <\/strong><\/p>\n<p>        Publi\u00e9 le<\/p>\n<p>            20 sept. 2025 \u00e0 9h18        <\/p>\n<p><strong>C\u2019\u00e9tait une institution \u00e0 Rouen<\/strong>, pour les repas copieux et pas chers. <strong>Mais La Petite Bouffe, c\u2019est fini<\/strong>. Le restaurant de <strong>la rue des Boucheries Saint-Ouen<\/strong>, <a href=\"https:\/\/actu.fr\/normandie\/rouen_76540\/quinze-ans-plus-tard-un-grand-et-mythique-bar-de-pirates-fait-son-retour-a-rouen_63079961.html\" rel=\"nofollow noopener\" target=\"_blank\">\u00e0 deux pas du nouveau Clipper<\/a>, va laisser place, courant octobre 2025, \u00e0 une nouvelle enseigne, dirig\u00e9e par une marque bien connue en ville.<\/p>\n<p>Qui va reprendre La Petite Bouffe ?<\/p>\n<p class=\" wall-content\">C\u2019est en effet<strong> Papa Milano<\/strong> qui va reprendre la case. Et ce n\u2019est pas un hasard ou une simple opportunit\u00e9. \u00ab\u00a0La m\u00e8re de mon associ\u00e9 \u00e9tait la cr\u00e9atrice de La Petite Bouffe\u00a0\u00bb, explique Pierre P\u00e9nin-Dor\u00e9, qui va g\u00e9rer la nouvelle affaire.\u00a0<\/p>\n<p class=\" wall-content\">Un changement dans la continuit\u00e9 donc. Si Papa Milano est connu pour ses \u00e9piceries, <a href=\"https:\/\/actu.fr\/normandie\/rouen_76540\/cette-enseigne-bien-connue-a-rouen-a-desormais-son-supermarche-de-saveurs-italiennes_62541877.html\" rel=\"nofollow noopener\" target=\"_blank\">sa nouvelle sup\u00e9rette<\/a> et ses pizzas, la marque va cette fois proposer <strong>un nouveau concept<\/strong>. \u00ab\u00a0On sera sur <strong>un restaurant-bar<\/strong> qui s\u2019appellera Aperitivo Pasta Pizza.\u00a0\u00bb<\/p>\n<p class=\" wall-content\">On reste donc dans l\u2019esprit italien cher \u00e0 la marque, mais en mode resto. \u00ab\u00a0On ne trouvera que des produits que l\u2019on vend dans nos magasins\u00a0\u00bb, pr\u00e9cise Pierre. Une vitrine grandeur nature en somme !<\/p>\n<p>De l\u2019italien \u00e0 prix abordable<\/p>\n<p class=\" wall-content\">Pour l\u2019aperitivo, on trouvera notamment des <strong>spritz \u00e0 5 euros et des planches \u00e0 4,50<\/strong>. C\u00f4t\u00e9 repas, midi comme soir, vous pourrez d\u00e9guster<strong> des pizzas, des p\u00e2tes, des lasagnes, des planches de charcuterie<\/strong>\u2026 Tout \u00e7a <strong>\u00e0 moins de 10 euros.<\/strong><\/p>\n<p class=\" wall-content\">\u00ab\u00a0On colle aux valeurs de La Petite Bouffe, avec du bon et du simple \u00e0 des prix abordables. L\u2019id\u00e9e, c\u2019est que les gens picorent dans la carte et partagent\u00a0\u00bb, d\u00e9taille le g\u00e9rant.<\/p>\n<p>Votre r\u00e9gion, votre actu !<\/p>\n<p>Recevez chaque jour les infos qui comptent pour vous.<\/p>\n<p>\t<a href=\"https:\/\/actu.fr\/newsletter\" class=\"ac-btn ac-btn--corner ac-btn--medium ac-btn--blue800\" rel=\"nofollow noopener\" target=\"_blank\">S&rsquo;incrire<\/a><\/p>\n<p class=\" wall-content\">Que les aficionados de La Petite Bouffe se rassurent, \u00ab\u00a0on retrouvera le m\u00eame esprit familial et chaleureux\u00a0\u00bb, d\u2019autant que l\u2019\u00e9quipe du restaurant reste.\u00a0<\/p>\n<p class=\" wall-content\"><strong>Aperitivo Pasta Pizza doit ouvrir au d\u00e9but du mois d\u2019octobre 2025.<\/strong> Le restaurant sera ouvert du mardi au samedi, de 12h \u00e0 15h et de 18h \u00e0 23h.<\/p>\n<p>Aperitivo Pasta Pizza, prochainement au 1 rue des Boucheries Saint-Ouen \u00e0 Rouen.<\/p>\n<p>Suivez l\u2019actualit\u00e9 de Rouen <a href=\"https:\/\/www.whatsapp.com\/channel\/0029VaKfnf99hXF2ddApFB1D\" rel=\"nofollow noopener\" target=\"_blank\">sur notre cha\u00eene WhatsApp<\/a> et <a href=\"https:\/\/www.tiktok.com\/@76actu.fr?lang=fr\" rel=\"nofollow noopener\" target=\"_blank\">sur notre compte TikTok<\/a><\/p>\n<p class=\" wall-content\">Personnalisez votre actualit\u00e9 en ajoutant vos villes et m\u00e9dias en favori avec <a href=\"https:\/\/moncompte.actu.fr\" title=\"D\u00e9couvez Mon Actu\" rel=\"nofollow noopener\" data-trk=\"{&quot;cta&quot;:{&quot;action&quot;:&quot;https:\\\/\\\/moncompte.actu.fr&quot;,&quot;category&quot;:&quot;mon compte&quot;,&quot;from&quot;:&quot;article footer&quot;,&quot;name&quot;:&quot;Mon actu&quot;,&quot;type&quot;:&quot;cta&quot;}}\" target=\"_blank\">Mon Actu<\/a>.<\/p>\n<p>                    <script async src=\"\/\/www.tiktok.com\/embed.js\"><\/script><\/p>\n","protected":false},"excerpt":{"rendered":"Par Julien Bouteiller Publi\u00e9 le 20 sept. 2025 \u00e0 9h18 C\u2019\u00e9tait une institution \u00e0 Rouen, pour les repas&hellip;\n","protected":false},"author":2,"featured_media":404346,"comment_status":"","ping_status":"","sticky":false,"template":"","format":"standard","meta":{"footnotes":""},"categories":[9587],"tags":[1111,11,9086,1777,674,1011,27,1652,12,5161,3147,25,1340,9590],"class_list":{"0":"post-404345","1":"post","2":"type-post","3":"status-publish","4":"format-standard","5":"has-post-thumbnail","7":"category-rouen","8":"tag-actu","9":"tag-actualites","10":"tag-bon-plan-a-rouen","11":"tag-eu","12":"tag-europe","13":"tag-fr","14":"tag-france","15":"tag-loisirs-culture","16":"tag-news","17":"tag-normandie","18":"tag-nouveaux-commerces","19":"tag-republique-francaise","20":"tag-restaurant","21":"tag-rouen"},"share_on_mastodon":{"url":"https:\/\/pubeurope.com\/@fr\/115235558863927759","error":""},"_links":{"self":[{"href":"https:\/\/www.europesays.com\/fr\/wp-json\/wp\/v2\/posts\/404345","targetHints":{"allow":["GET"]}}],"collection":[{"href":"https:\/\/www.europesays.com\/fr\/wp-json\/wp\/v2\/posts"}],"about":[{"href":"https:\/\/www.europesays.com\/fr\/wp-json\/wp\/v2\/types\/post"}],"author":[{"embeddable":true,"href":"https:\/\/www.europesays.com\/fr\/wp-json\/wp\/v2\/users\/2"}],"replies":[{"embeddable":true,"href":"https:\/\/www.europesays.com\/fr\/wp-json\/wp\/v2\/comments?post=404345"}],"version-history":[{"count":0,"href":"https:\/\/www.europesays.com\/fr\/wp-json\/wp\/v2\/posts\/404345\/revisions"}],"wp:featuredmedia":[{"embeddable":true,"href":"https:\/\/www.europesays.com\/fr\/wp-json\/wp\/v2\/media\/404346"}],"wp:attachment":[{"href":"https:\/\/www.europesays.com\/fr\/wp-json\/wp\/v2\/media?parent=404345"}],"wp:term":[{"taxonomy":"category","embeddable":true,"href":"https:\/\/www.europesays.com\/fr\/wp-json\/wp\/v2\/categories?post=404345"},{"taxonomy":"post_tag","embeddable":true,"href":"https:\/\/www.europesays.com\/fr\/wp-json\/wp\/v2\/tags?post=404345"}],"curies":[{"name":"wp","href":"https:\/\/api.w.org\/{rel}","templated":true}]}}