{"id":404351,"date":"2025-09-20T08:00:21","date_gmt":"2025-09-20T08:00:21","guid":{"rendered":"https:\/\/www.europesays.com\/fr\/404351\/"},"modified":"2025-09-20T08:00:21","modified_gmt":"2025-09-20T08:00:21","slug":"pace-deaf-peach-des-influences-des-annees-1990","status":"publish","type":"post","link":"https:\/\/www.europesays.com\/fr\/404351\/","title":{"rendered":"Pac\u00e9. Deaf Peach\u00a0: des influences des ann\u00e9es 1990"},"content":{"rendered":"<p>Eve-Lise, une multi-instrumentale soliste, avait un beau projet, \u00e0 Rennes, un trio. Maintenant, le trio est devenu un quatuor qui va jouer son premier concert aux Lunatiques. Et un album va sortir.<\/p>\n<p>La musique du groupe propose un univers tr\u00e8s singulier\u00a0: <strong>\u00ab<\/strong><strong>\u00a0Notre musique fusionne harmonieusement la m\u00e9lancolie agressive et malsaine du grunge des ann\u00e9es 1990 \u00e0 des sonorit\u00e9s pop \u00e9th\u00e9r\u00e9es\u00a0\u00bb, <\/strong>explique Eve-Lise. Leur premier EP d\u00e9voile un bubblegrunge sombre et gracieux qui saura intriguer les fans de musique alternative.<\/p>\n<p>\u00a0<\/p>\n","protected":false},"excerpt":{"rendered":"Eve-Lise, une multi-instrumentale soliste, avait un beau projet, \u00e0 Rennes, un trio. Maintenant, le trio est devenu un&hellip;\n","protected":false},"author":2,"featured_media":404352,"comment_status":"","ping_status":"","sticky":false,"template":"","format":"standard","meta":{"footnotes":""},"categories":[2821],"tags":[38525,1111,11,7495,829,53588,1777,674,1011,27,53589,12,9569,18192,3086,584,25],"class_list":{"0":"post-404351","1":"post","2":"type-post","3":"status-publish","4":"format-standard","5":"has-post-thumbnail","7":"category-rennes","8":"tag-38525","9":"tag-actu","10":"tag-actualites","11":"tag-annees","12":"tag-bretagne","13":"tag-deaf","14":"tag-eu","15":"tag-europe","16":"tag-fr","17":"tag-france","18":"tag-influences","19":"tag-news","20":"tag-pace","21":"tag-peach","22":"tag-redon","23":"tag-rennes","24":"tag-republique-francaise"},"share_on_mastodon":{"url":"https:\/\/pubeurope.com\/@fr\/115235574466345195","error":""},"_links":{"self":[{"href":"https:\/\/www.europesays.com\/fr\/wp-json\/wp\/v2\/posts\/404351","targetHints":{"allow":["GET"]}}],"collection":[{"href":"https:\/\/www.europesays.com\/fr\/wp-json\/wp\/v2\/posts"}],"about":[{"href":"https:\/\/www.europesays.com\/fr\/wp-json\/wp\/v2\/types\/post"}],"author":[{"embeddable":true,"href":"https:\/\/www.europesays.com\/fr\/wp-json\/wp\/v2\/users\/2"}],"replies":[{"embeddable":true,"href":"https:\/\/www.europesays.com\/fr\/wp-json\/wp\/v2\/comments?post=404351"}],"version-history":[{"count":0,"href":"https:\/\/www.europesays.com\/fr\/wp-json\/wp\/v2\/posts\/404351\/revisions"}],"wp:featuredmedia":[{"embeddable":true,"href":"https:\/\/www.europesays.com\/fr\/wp-json\/wp\/v2\/media\/404352"}],"wp:attachment":[{"href":"https:\/\/www.europesays.com\/fr\/wp-json\/wp\/v2\/media?parent=404351"}],"wp:term":[{"taxonomy":"category","embeddable":true,"href":"https:\/\/www.europesays.com\/fr\/wp-json\/wp\/v2\/categories?post=404351"},{"taxonomy":"post_tag","embeddable":true,"href":"https:\/\/www.europesays.com\/fr\/wp-json\/wp\/v2\/tags?post=404351"}],"curies":[{"name":"wp","href":"https:\/\/api.w.org\/{rel}","templated":true}]}}