{"id":404363,"date":"2025-09-20T08:06:52","date_gmt":"2025-09-20T08:06:52","guid":{"rendered":"https:\/\/www.europesays.com\/fr\/404363\/"},"modified":"2025-09-20T08:06:52","modified_gmt":"2025-09-20T08:06:52","slug":"carquefou-la-franc-maconnerie-ouvre-ses-locaux","status":"publish","type":"post","link":"https:\/\/www.europesays.com\/fr\/404363\/","title":{"rendered":"Carquefou. La Franc-ma\u00e7onnerie ouvre ses locaux"},"content":{"rendered":"<p>La franc-ma\u00e7onnerie nantaise ouvre ses locaux au grand public, ce week-end. Elle s\u2019est implant\u00e9e \u00e0 Nantes en 1744, marquant 280\u00a0ans d\u2019histoire dans la r\u00e9gion. En pr\u00e8s de trois si\u00e8cles, elle a cr\u00e9\u00e9 des lieux de rencontre o\u00f9 des hommes et des femmes d\u2019horizons divers ont uni leurs intelligences progressistes, visant \u00e0 construire une soci\u00e9t\u00e9 humaine universaliste.<\/p>\n<p>Apr\u00e8s avoir utilis\u00e9 divers locaux, le 16\u00a0octobre 2021, les fr\u00e8res et les s\u0153urs ont emm\u00e9nag\u00e9 au 2, impasse du Tertre, \u00e0 Carquefou. Le b\u00e2timent comprend trois temples et des salles de r\u00e9union. Il est g\u00e9r\u00e9\u00a0par l\u2019Association fraternelle d\u2019\u00e9tudes sociales.<\/p>\n<p>\u00c0 ce jour, 850\u00a0fr\u00e8res et s\u0153urs s\u2019y r\u00e9unissent. Presque toutes les ob\u00e9diences y sont repr\u00e9sent\u00e9es.<\/p>\n<p>Le public pourra visiter les trois temples et les autres salles. Ils seront accompagn\u00e9s par des guides qui donneront toutes les informations permettant de comprendre le travail effectu\u00e9 dans les loges par les francs-ma\u00e7ons et franc-ma\u00e7onnes. Cinquante-quatre\u00a0loges sont en activit\u00e9 en Loire-Atlantique.<\/p>\n<p>Samedi et dimanche, de 10\u00a0h \u00e0 12\u00a0h et de 14\u00a0h \u00e0 17\u00a0h. 2, impasse du Tertre. www.franc-maconnerie-nantes.fr\/contact.<\/p>\n<p>\u00a0<\/p>\n","protected":false},"excerpt":{"rendered":"La franc-ma\u00e7onnerie nantaise ouvre ses locaux au grand public, ce week-end. Elle s\u2019est implant\u00e9e \u00e0 Nantes en 1744,&hellip;\n","protected":false},"author":2,"featured_media":404364,"comment_status":"","ping_status":"","sticky":false,"template":"","format":"standard","meta":{"footnotes":""},"categories":[2818],"tags":[1111,11,3862,1777,674,1011,17470,27,14917,766,12,10102,2636,25],"class_list":{"0":"post-404363","1":"post","2":"type-post","3":"status-publish","4":"format-standard","5":"has-post-thumbnail","7":"category-nantes","8":"tag-actu","9":"tag-actualites","10":"tag-carquefou","11":"tag-eu","12":"tag-europe","13":"tag-fr","14":"tag-franc-maconnerie","15":"tag-france","16":"tag-locaux","17":"tag-nantes","18":"tag-news","19":"tag-ouvre","20":"tag-pays-de-la-loire","21":"tag-republique-francaise"},"share_on_mastodon":{"url":"https:\/\/pubeurope.com\/@fr\/115235601953162139","error":""},"_links":{"self":[{"href":"https:\/\/www.europesays.com\/fr\/wp-json\/wp\/v2\/posts\/404363","targetHints":{"allow":["GET"]}}],"collection":[{"href":"https:\/\/www.europesays.com\/fr\/wp-json\/wp\/v2\/posts"}],"about":[{"href":"https:\/\/www.europesays.com\/fr\/wp-json\/wp\/v2\/types\/post"}],"author":[{"embeddable":true,"href":"https:\/\/www.europesays.com\/fr\/wp-json\/wp\/v2\/users\/2"}],"replies":[{"embeddable":true,"href":"https:\/\/www.europesays.com\/fr\/wp-json\/wp\/v2\/comments?post=404363"}],"version-history":[{"count":0,"href":"https:\/\/www.europesays.com\/fr\/wp-json\/wp\/v2\/posts\/404363\/revisions"}],"wp:featuredmedia":[{"embeddable":true,"href":"https:\/\/www.europesays.com\/fr\/wp-json\/wp\/v2\/media\/404364"}],"wp:attachment":[{"href":"https:\/\/www.europesays.com\/fr\/wp-json\/wp\/v2\/media?parent=404363"}],"wp:term":[{"taxonomy":"category","embeddable":true,"href":"https:\/\/www.europesays.com\/fr\/wp-json\/wp\/v2\/categories?post=404363"},{"taxonomy":"post_tag","embeddable":true,"href":"https:\/\/www.europesays.com\/fr\/wp-json\/wp\/v2\/tags?post=404363"}],"curies":[{"name":"wp","href":"https:\/\/api.w.org\/{rel}","templated":true}]}}