{"id":404390,"date":"2025-09-20T08:22:19","date_gmt":"2025-09-20T08:22:19","guid":{"rendered":"https:\/\/www.europesays.com\/fr\/404390\/"},"modified":"2025-09-20T08:22:19","modified_gmt":"2025-09-20T08:22:19","slug":"france-salon-fab-paris-2025-xinhua","status":"publish","type":"post","link":"https:\/\/www.europesays.com\/fr\/404390\/","title":{"rendered":"France : salon FAB Paris 2025 &#8211; Xinhua"},"content":{"rendered":"<p><img decoding=\"async\" style=\"display: block; margin-left: auto; margin-right: auto;\" src=\"https:\/\/www.europesays.com\/fr\/wp-content\/uploads\/2025\/09\/21a116ce9c374b8c842a7c38c96dcb16.jpg\" data-name=\"21a116ce9c374b8c842a7c38c96dcb16\"\/><\/p>\n<p style=\"text-align: center;\">PARIS, 20 septembre (Xinhua) &#8212; Le logo du salon FAB Paris au Grand Palais, \u00e0 Paris, en France, le 19 septembre 2025. Ce salon d&rsquo;art classique et d&rsquo;antiquit\u00e9s ouvre ses portes au public du 20 au 24 septembre, rassemblant une centaine d&rsquo;exposants de renomm\u00e9e internationale. (Xinhua\/Gao Jing)<\/p>\n<p style=\"text-align: center;\"><img decoding=\"async\" src=\"https:\/\/www.europesays.com\/fr\/wp-content\/uploads\/2025\/09\/bd5ede273d83405fbbea0a66e43a85f7.jpg\" data-name=\"bd5ede273d83405fbbea0a66e43a85f7\"\/><\/p>\n<p style=\"text-align: center;\">PARIS, 20 septembre (Xinhua) &#8212; Des visiteurs d\u00e9couvrent le salon FAB Paris lors d&rsquo;une visite de presse au Grand Palais, \u00e0 Paris, en France, le 19 septembre 2025. Ce salon d&rsquo;art classique et d&rsquo;antiquit\u00e9s ouvre ses portes au public du 20 au 24 septembre, rassemblant une centaine d&rsquo;exposants de renomm\u00e9e internationale. (Xinhua\/Gao Jing)<\/p>\n","protected":false},"excerpt":{"rendered":"PARIS, 20 septembre (Xinhua) &#8212; Le logo du salon FAB Paris au Grand Palais, \u00e0 Paris, en France,&hellip;\n","protected":false},"author":2,"featured_media":404391,"comment_status":"","ping_status":"","sticky":false,"template":"","format":"standard","meta":{"footnotes":""},"categories":[1888],"tags":[1111,1928,11,1927,1777,674,34924,1011,27,12,1926,626,1925,25],"class_list":{"0":"post-404390","1":"post","2":"type-post","3":"status-publish","4":"format-standard","5":"has-post-thumbnail","7":"category-paris","8":"tag-actu","9":"tag-actu-paris","10":"tag-actualites","11":"tag-actualites-paris","12":"tag-eu","13":"tag-europe","14":"tag-fab","15":"tag-fr","16":"tag-france","17":"tag-news","18":"tag-news-paris","19":"tag-paris","20":"tag-paris-news","21":"tag-republique-francaise"},"share_on_mastodon":{"url":"https:\/\/pubeurope.com\/@fr\/115235661316490293","error":""},"_links":{"self":[{"href":"https:\/\/www.europesays.com\/fr\/wp-json\/wp\/v2\/posts\/404390","targetHints":{"allow":["GET"]}}],"collection":[{"href":"https:\/\/www.europesays.com\/fr\/wp-json\/wp\/v2\/posts"}],"about":[{"href":"https:\/\/www.europesays.com\/fr\/wp-json\/wp\/v2\/types\/post"}],"author":[{"embeddable":true,"href":"https:\/\/www.europesays.com\/fr\/wp-json\/wp\/v2\/users\/2"}],"replies":[{"embeddable":true,"href":"https:\/\/www.europesays.com\/fr\/wp-json\/wp\/v2\/comments?post=404390"}],"version-history":[{"count":0,"href":"https:\/\/www.europesays.com\/fr\/wp-json\/wp\/v2\/posts\/404390\/revisions"}],"wp:featuredmedia":[{"embeddable":true,"href":"https:\/\/www.europesays.com\/fr\/wp-json\/wp\/v2\/media\/404391"}],"wp:attachment":[{"href":"https:\/\/www.europesays.com\/fr\/wp-json\/wp\/v2\/media?parent=404390"}],"wp:term":[{"taxonomy":"category","embeddable":true,"href":"https:\/\/www.europesays.com\/fr\/wp-json\/wp\/v2\/categories?post=404390"},{"taxonomy":"post_tag","embeddable":true,"href":"https:\/\/www.europesays.com\/fr\/wp-json\/wp\/v2\/tags?post=404390"}],"curies":[{"name":"wp","href":"https:\/\/api.w.org\/{rel}","templated":true}]}}