{"id":404394,"date":"2025-09-20T08:24:20","date_gmt":"2025-09-20T08:24:20","guid":{"rendered":"https:\/\/www.europesays.com\/fr\/404394\/"},"modified":"2025-09-20T08:24:20","modified_gmt":"2025-09-20T08:24:20","slug":"les-7-boutiques-immanquables-ou-peaufiner-son-style-a-paris","status":"publish","type":"post","link":"https:\/\/www.europesays.com\/fr\/404394\/","title":{"rendered":"Les 7 boutiques immanquables o\u00f9 peaufiner son style \u00e0 Paris"},"content":{"rendered":"<p>    Une liste de sept adresses parisiennes pour parfaire son style vestimentaire.<br \/>\n                Victoria Leivissa<\/p>\n<p>Intemporelles, r\u00e9tro ou modernes, de nouvelles adresses qui nous font envie.<\/p>\n<p>Rubirosas\u00a0: tailoring \u00e0 l\u2019italienne<\/p>\n<p>    37, rue de Grenelle, 75007.\u00a0<br \/>\n                Rubirosas<\/p>\n<p class=\"fig-paragraph\">Dans cette boutique-biblioth\u00e8que, chaque pi\u00e8ce raconte une histoire. Imagin\u00e9e par la cr\u00e9atrice de bijoux Lauren Rubinski, cette jeune marque unisexe d\u2019inspiration italienne offre une poign\u00e9e d\u2019essentiels\u00a0:\u00a0<a href=\"http:\/\/madame.lefigaro.fr\/style\/news\/bill-gates-kim-kardashian-oprah-winfrey-la-pyjama-party-grand-luxe-du-mariage-bezos-20250629\" target=\"_blank\" data-fig-type=\"Article\" rel=\"noopener nofollow\" data-gtm-custom-categorie=\"navigation\" data-gtm-custom-action=\"crossclick\" data-gtm-custom-label=\"Contextuel\" data-gtm-event=\"customEventSPE\" data-fig-domain=\"MADAME\">pyjamas\u00a0<\/a>d\u00e9clin\u00e9s dans seize coloris, chemises au col parfait, pulls en cachemire et mocassins mules. Et, chaque samedi, un service de broderie sur mesure est propos\u00e9.<\/p>\n<p class=\"fig-paragraph\"><a href=\"https:\/\/www.instagram.com\/rubirosas_paris\/?hl=es\" target=\"_blank\" rel=\"sponsored noopener nofollow\" data-gtm-custom-categorie=\"navigation\" data-gtm-custom-action=\"crossclick\" data-gtm-custom-label=\"Contextuel\" data-gtm-event=\"customEventSPE\">@rubirosas_paris<\/a><\/p>\n<p>Reformation\u00a0: cool et glamour<\/p>\n<p class=\"fig-paragraph\">La marque californienne ouvre en octobre \u00e0 Paris! Lanc\u00e9e en 2009 \u00e0 Los Angeles, Reformation habille une client\u00e8le adepte de mode ultraf\u00e9minine sous influence\u00a0<a href=\"http:\/\/madame.lefigaro.fr\/bijoux-et-montres\/un-diamant-imposant-et-un-design-vintage-comment-a-ete-concue-la-bague-de-fiancailles-de-taylor-swift-20250827\" target=\"_blank\" data-fig-type=\"Article\" rel=\"noopener nofollow\" data-gtm-custom-categorie=\"navigation\" data-gtm-custom-action=\"crossclick\" data-gtm-custom-label=\"Contextuel\" data-gtm-event=\"customEventSPE\" data-fig-domain=\"MADAME\">vintage<\/a>. Adopt\u00e9s par Jennifer Lopez et Selena Gomez, leurs jeans comme leurs petites robes ou hauts sensuels pr\u00f4nent une mode responsable.<\/p>\n<p class=\"fig-paragraph\">20, rue des Francs-Bourgeois, 75003.<a href=\"https:\/\/www.thereformation.fr\/\" target=\"_blank\" rel=\"sponsored noopener nofollow\" data-gtm-custom-categorie=\"navigation\" data-gtm-custom-action=\"crossclick\" data-gtm-custom-label=\"Contextuel\" data-gtm-event=\"customEventSPE\">\u00a0thereformation.fr<\/a><\/p>\n<p>Alexandra Golovanoff\u00a0: envie de douceur<\/p>\n<p>    21, rue du Mont-Thabor, 75001.<br \/>\n                Courtesy of Alexandra Golovanof<\/p>\n<p class=\"fig-paragraph\">Pour son flagship situ\u00e9 pr\u00e8s de la place Vend\u00f4me, la cr\u00e9atrice (1) a choisi un d\u00e9cor en bois et b\u00e9ton imagin\u00e9 par Brio, l\u2019agence d\u2019architecture int\u00e9rieure de sa s\u0153ur \u00c9l\u00e9onore. La\u00a0<a href=\"http:\/\/madame.lefigaro.fr\/deco-design\/tendances-deco\/la-roseraie-l-histoire-d-une-villa-extraordinaire-qui-a-change-le-visage-de-soulac-sur-mer-en-gironde-20250821\" target=\"_blank\" data-fig-type=\"Article\" rel=\"noopener nofollow\" data-gtm-custom-categorie=\"navigation\" data-gtm-custom-action=\"crossclick\" data-gtm-custom-label=\"Contextuel\" data-gtm-event=\"customEventSPE\" data-fig-domain=\"MADAME\">maison\u00a0<\/a>reste fid\u00e8le \u00e0 son ADN, multipliant les \u00e9l\u00e9gants petits tricots en cachemire \u00e0 la coupe parfaite.<\/p>\n<p class=\"fig-paragraph\"><a href=\"https:\/\/www.alexandragolovanoff.com\/\" target=\"_blank\" rel=\"sponsored noopener nofollow\" data-gtm-custom-categorie=\"navigation\" data-gtm-custom-action=\"crossclick\" data-gtm-custom-label=\"Contextuel\" data-gtm-event=\"customEventSPE\">alexandragolovanoff.com<\/a><\/p>\n<p>Phoebe Philo\u00a0: le\u00e7on de style<\/p>\n<p class=\"fig-paragraph\">C\u2019est au 1er \u00e9tage des\u00a0<a href=\"http:\/\/madame.lefigaro.fr\/evasion\/vue-panoramique-menu-trois-etoiles-quand-air-france-fait-escale-aux-galeries-lafayette-pour-l-ete-20250708\" target=\"_blank\" data-fig-type=\"Article\" rel=\"noopener nofollow\" data-gtm-custom-categorie=\"navigation\" data-gtm-custom-action=\"crossclick\" data-gtm-custom-label=\"Contextuel\" data-gtm-event=\"customEventSPE\" data-fig-domain=\"MADAME\">Galeries Lafayette<\/a>\u00a0que la cr\u00e9atrice a choisi d\u2019ouvrir sa premi\u00e8re adresse parisienne. Le corner, compos\u00e9 de panneaux en bois d\u2019okoum\u00e9 et de chaises en acier blanc, abrite sa ligne de v\u00eatements et d\u2019accessoires, des intemporels fabriqu\u00e9s dans des mati\u00e8res d\u2019exception.<\/p>\n<p class=\"fig-paragraph\">40, boulevard Haussmann, 75009.\u00a0<a href=\"https:\/\/www.galerieslafayette.com\/\" target=\"_blank\" rel=\"nofollow noopener\" data-gtm-custom-categorie=\"navigation\" data-gtm-custom-action=\"crossclick\" data-gtm-custom-label=\"Contextuel\" data-gtm-event=\"customEventSPE\">galerieslafayette.com<\/a> ,\u00a0<a href=\"https:\/\/www.phoebephilo.com\/\" target=\"_blank\" rel=\"sponsored noopener nofollow\" data-gtm-custom-categorie=\"navigation\" data-gtm-custom-action=\"crossclick\" data-gtm-custom-label=\"Contextuel\" data-gtm-event=\"customEventSPE\">phoebephilo.com<\/a><\/p>\n<p>Victoria Leivissa\u00a0: Hippie chic<\/p>\n<p>    12, rue du Mont-Thabor, 75001.<br \/>\n                Victoria Leivissa<\/p>\n<p class=\"fig-paragraph\">Des\u00a0<a href=\"http:\/\/madame.lefigaro.fr\/style\/news\/pourquoi-cette-publicite-avec-sydney-sweeney-qui-a-des-super-jeans-pose-probleme-20250729\" target=\"_blank\" data-fig-type=\"Article\" rel=\"noopener nofollow\" data-gtm-custom-categorie=\"navigation\" data-gtm-custom-action=\"crossclick\" data-gtm-custom-label=\"Contextuel\" data-gtm-event=\"customEventSPE\" data-fig-domain=\"MADAME\">jeans\u00a0<\/a>par\u00e9s de sequins, des vestes matelass\u00e9es \u00e0 l\u2019esprit boh\u00e8me, des blouses brod\u00e9es \u00e0 la main par des artisans en Inde\u2026 Bienvenue dans le monde po\u00e9tique et joyeux de Victoria Leivissa (2). Comme dans un r\u00eave, la ligne de bijoux r\u00e9pond aux imprim\u00e9s des v\u00eatements et adopte la m\u00eame palette de couleurs vibrantes.<\/p>\n<p class=\"fig-paragraph\">12, rue du Mont-Thabor, 75001,\u00a0<a href=\"https:\/\/victoria.leivissa.com\/\" target=\"_blank\" rel=\"sponsored noopener nofollow\" data-gtm-custom-categorie=\"navigation\" data-gtm-custom-action=\"crossclick\" data-gtm-custom-label=\"Contextuel\" data-gtm-event=\"customEventSPE\">victoria.leivissa.com<\/a><\/p>\n<p>Casablanca Paris\u00a0: entre h\u00e9ritage et modernit\u00e9<\/p>\n<p>    62, rue du Faubourg Saint-Honor\u00e9, 75008.\u00a0<br \/>\n                Benoit FLORENCON \/ Benoit FLORENCON<\/p>\n<p class=\"fig-paragraph\">Le label du designer franco-marocain Charaf Tajer s\u2019offre une adresse sur l\u2019une des plus belles art\u00e8res de la capitale. Parfaite fusion entre le sport et le\u00a0<a href=\"http:\/\/madame.lefigaro.fr\/style\/news\/jupe-culotte-et-sac-de-luxe-l-arrivee-sensationnelle-des-bleus-a-clairefontaine-20250902\" target=\"_blank\" data-fig-type=\"Article\" rel=\"noopener nofollow\" data-gtm-custom-categorie=\"navigation\" data-gtm-custom-action=\"crossclick\" data-gtm-custom-label=\"Contextuel\" data-gtm-event=\"customEventSPE\" data-fig-domain=\"MADAME\">luxe<\/a>, ses collections homme et femme s\u2019\u00e9tendent sur trois niveaux dans un d\u00e9cor ultramoderne reprenant les codes de la maison.<\/p>\n<p class=\"fig-paragraph\">62, rue du Faubourg Saint-Honor\u00e9, 75008,\u00a0<a href=\"https:\/\/casablancaparis.com\/\" target=\"_blank\" rel=\"sponsored noopener nofollow\" data-gtm-custom-categorie=\"navigation\" data-gtm-custom-action=\"crossclick\" data-gtm-custom-label=\"Contextuel\" data-gtm-event=\"customEventSPE\">casablancaparis.com<\/a><\/p>\n<p>Oliver Peoples\u00a0: plein la vue<\/p>\n<p>    316, rue Saint-Honor\u00e9, 75001.<br \/>\n                Oliver Peoples<\/p>\n<p class=\"fig-paragraph\">Fond\u00e9e en 1987, la marque de\u00a0<a href=\"http:\/\/madame.lefigaro.fr\/style\/news\/lunettes-aviateurs-costume-luisant-et-nuisette-en-satin-l-apparition-de-jeff-bezos-et-lauren-sanchez-a-la-fashion-week-de-new-york-20250914\" target=\"_blank\" data-fig-type=\"Article\" rel=\"noopener nofollow\" data-gtm-custom-categorie=\"navigation\" data-gtm-custom-action=\"crossclick\" data-gtm-custom-label=\"Contextuel\" data-gtm-event=\"customEventSPE\" data-fig-domain=\"MADAME\">lunettes\u00a0<\/a>made in Los Angeles est r\u00e9put\u00e9e pour son savoir-faire et son style d\u2019inspiration vintage. Dans cette boutique (3) aux allures de galerie contemporaine, orn\u00e9e des cr\u00e9ations de la c\u00e9ramiste Olivia Cognet, on peut m\u00eame obtenir une expertise optique.<\/p>\n<p class=\"fig-paragraph\">316, rue Saint-Honor\u00e9, 75001,\u00a0<a href=\"https:\/\/www.oliverpeoples.com\/france\" target=\"_blank\" rel=\"nofollow noopener\" data-gtm-custom-categorie=\"navigation\" data-gtm-custom-action=\"crossclick\" data-gtm-custom-label=\"Contextuel\" data-gtm-event=\"customEventSPE\">oliverpeoples.com<\/a><\/p>\n<p>                                        <script async src=\"\/\/www.instagram.com\/embed.js\"><\/script><\/p>\n","protected":false},"excerpt":{"rendered":"Une liste de sept adresses parisiennes pour parfaire son style vestimentaire. Victoria Leivissa Intemporelles, r\u00e9tro ou modernes, de&hellip;\n","protected":false},"author":2,"featured_media":404395,"comment_status":"","ping_status":"","sticky":false,"template":"","format":"standard","meta":{"footnotes":""},"categories":[1888],"tags":[11,1777,674,1011,27,985,12,626,25,6720,11644],"class_list":{"0":"post-404394","1":"post","2":"type-post","3":"status-publish","4":"format-standard","5":"has-post-thumbnail","7":"category-paris","8":"tag-actualites","9":"tag-eu","10":"tag-europe","11":"tag-fr","12":"tag-france","13":"tag-mode","14":"tag-news","15":"tag-paris","16":"tag-republique-francaise","17":"tag-shopping","18":"tag-vetements"},"share_on_mastodon":{"url":"https:\/\/pubeurope.com\/@fr\/115235668865173089","error":""},"_links":{"self":[{"href":"https:\/\/www.europesays.com\/fr\/wp-json\/wp\/v2\/posts\/404394","targetHints":{"allow":["GET"]}}],"collection":[{"href":"https:\/\/www.europesays.com\/fr\/wp-json\/wp\/v2\/posts"}],"about":[{"href":"https:\/\/www.europesays.com\/fr\/wp-json\/wp\/v2\/types\/post"}],"author":[{"embeddable":true,"href":"https:\/\/www.europesays.com\/fr\/wp-json\/wp\/v2\/users\/2"}],"replies":[{"embeddable":true,"href":"https:\/\/www.europesays.com\/fr\/wp-json\/wp\/v2\/comments?post=404394"}],"version-history":[{"count":0,"href":"https:\/\/www.europesays.com\/fr\/wp-json\/wp\/v2\/posts\/404394\/revisions"}],"wp:featuredmedia":[{"embeddable":true,"href":"https:\/\/www.europesays.com\/fr\/wp-json\/wp\/v2\/media\/404395"}],"wp:attachment":[{"href":"https:\/\/www.europesays.com\/fr\/wp-json\/wp\/v2\/media?parent=404394"}],"wp:term":[{"taxonomy":"category","embeddable":true,"href":"https:\/\/www.europesays.com\/fr\/wp-json\/wp\/v2\/categories?post=404394"},{"taxonomy":"post_tag","embeddable":true,"href":"https:\/\/www.europesays.com\/fr\/wp-json\/wp\/v2\/tags?post=404394"}],"curies":[{"name":"wp","href":"https:\/\/api.w.org\/{rel}","templated":true}]}}