{"id":404404,"date":"2025-09-20T08:29:12","date_gmt":"2025-09-20T08:29:12","guid":{"rendered":"https:\/\/www.europesays.com\/fr\/404404\/"},"modified":"2025-09-20T08:29:12","modified_gmt":"2025-09-20T08:29:12","slug":"un-appauvrissement-des-francais-depuis-quarante-ans-par-rapport-aux-etats-unis-et-a-lallemagne-pas-tout-a-fait","status":"publish","type":"post","link":"https:\/\/www.europesays.com\/fr\/404404\/","title":{"rendered":"Un appauvrissement des Fran\u00e7ais depuis quarante ans par rapport aux Etats-Unis et \u00e0 l\u2019Allemagne ? Pas tout \u00e0 fait"},"content":{"rendered":"<p class=\"mb-4 text-lg md:leading-8 break-words\"><strong>FAKE OFF &#8211; Selon le politologue William Thay, les Fran\u00e7ais se seraient \u00ab appauvris \u00bb depuis \u00ab l\u2019\u00e9lection de Fran\u00e7ois Mitterrand \u00bb. En cause, les \u00e9carts de PIB par habitant entre la France, l\u2019Allemagne, et les Etats-Unis en 1980 et 2023<\/strong><\/p>\n<p class=\"mb-4 text-lg md:leading-8 break-words\">Alors que les d\u00e9bats se concentrent sur la <a href=\"https:\/\/www.20minutes.fr\/economie\/taxe\/?at_medium=RSS%20feed&amp;at_campaign=ynews&amp;utm_source=yahoo&amp;utm_medium=rss&amp;utm_campaign=news_feed&amp;utm_content=in_article_link\" rel=\"nofollow noopener\" target=\"_blank\" data-ylk=\"slk:taxe;elm:context_link;itc:0;sec:content-canvas\" class=\"link \">taxe <\/a>Zucman pour tenter de r\u00e9duire le d\u00e9ficit public, certains soulignent le manque de production de richesses de la France. C\u2019est le cas de William Thay, fondateur du think-tank gaulliste Le Mill\u00e9naire. Invit\u00e9 sur <a href=\"https:\/\/www.20minutes.fr\/medias\/europe1\/?at_medium=RSS%20feed&amp;at_campaign=ynews&amp;utm_source=yahoo&amp;utm_medium=rss&amp;utm_campaign=news_feed&amp;utm_content=in_article_link\" rel=\"nofollow noopener\" target=\"_blank\" data-ylk=\"slk:Europe 1;elm:context_link;itc:0;sec:content-canvas\" class=\"link \">Europe 1<\/a>, dans l\u2019\u00e9mission \u00ab Trina Mac-Dinh et vous \u00bb, le 6 ao\u00fbt dernier &#8211; un extrait repartag\u00e9 sur son compte X le lundi 15 septembre &#8211; il pointe du doigt, chiffres \u00e0 l\u2019appui, la r\u00e9duction de \u00ab la richesse de la France \u00bb, \u00ab depuis quarante ans et l\u2019\u00e9lection de <a href=\"https:\/\/www.20minutes.fr\/dossier\/francois_mitterrand?at_medium=RSS%20feed&amp;at_campaign=ynews&amp;utm_source=yahoo&amp;utm_medium=rss&amp;utm_campaign=news_feed&amp;utm_content=in_article_link\" rel=\"nofollow noopener\" target=\"_blank\" data-ylk=\"slk:Mitterrand;elm:context_link;itc:0;sec:content-canvas\" class=\"link \">Mitterrand <\/a>\u00bb.<\/p>\n<p class=\"mb-4 text-lg md:leading-8 break-words\">\u00ab En 1980, la <a href=\"https:\/\/www.20minutes.fr\/france\/?at_medium=RSS%20feed&amp;at_campaign=ynews&amp;utm_source=yahoo&amp;utm_medium=rss&amp;utm_campaign=news_feed&amp;utm_content=in_article_link\" rel=\"nofollow noopener\" target=\"_blank\" data-ylk=\"slk:France;elm:context_link;itc:0;sec:content-canvas\" class=\"link \">France <\/a>avait exactement le m\u00eame PIB par habitant [\u2026] que l\u2019<a href=\"https:\/\/www.20minutes.fr\/dossier\/allemagne?at_medium=RSS%20feed&amp;at_campaign=ynews&amp;utm_source=yahoo&amp;utm_medium=rss&amp;utm_campaign=news_feed&amp;utm_content=in_article_link\" rel=\"nofollow noopener\" target=\"_blank\" data-ylk=\"slk:Allemagne;elm:context_link;itc:0;sec:content-canvas\" class=\"link \">Allemagne<\/a> ou les <a href=\"https:\/\/www.20minutes.fr\/monde\/etats-unis\/?at_medium=RSS%20feed&amp;at_campaign=ynews&amp;utm_source=yahoo&amp;utm_medium=rss&amp;utm_campaign=news_feed&amp;utm_content=in_article_link\" rel=\"nofollow noopener\" target=\"_blank\" data-ylk=\"slk:Etats-Unis;elm:context_link;itc:0;sec:content-canvas\" class=\"link \">Etats-Unis<\/a> \u00bb, affirme-t-il, avan\u00e7ant le chiffre de \u00ab 12.000 dollars \u00bb. Il poursuit : \u00ab cela veut dire qu\u2019on \u00e9tait aussi riche qu\u2019un am\u00e9ricain ou qu\u2019un allemand. Aujourd\u2019hui, en 2024, un fran\u00e7ais produit 46.000 dollars par t\u00eate, un allemand c\u2019est 56.000 dollars [\u2026] et un am\u00e9ricain c\u2019est 80.000 dollars \u00bb.<\/p>\n<p class=\"mb-4 text-lg md:leading-8 break-words\">Dans son tweet, il apporte de nouveaux chiffres pour comparer le \u00ab <a href=\"https:\/\/www.20minutes.fr\/economie\/pib\/?at_medium=RSS%20feed&amp;at_campaign=ynews&amp;utm_source=yahoo&amp;utm_medium=rss&amp;utm_campaign=news_feed&amp;utm_content=in_article_link\" rel=\"nofollow noopener\" target=\"_blank\" data-ylk=\"slk:PIB;elm:context_link;itc:0;sec:content-canvas\" class=\"link \">PIB <\/a>par habitant entre 1980 et 2023 \u00bb de ces trois pays, sans toutefois pr\u00e9ciser la source. Ainsi, le PIB par habitant de la France en 1980 serait de \u00ab 13.069 dollars \u00bb, celui de l\u2019Allemagne de \u00ab 11.109 dollars \u00bb, et celui des Etats-Unis de \u00ab 12.552 dollars \u00bb. Apr\u00e8s avoir affirm\u00e9, dans la publication, que \u00ab les Fran\u00e7ais se sont appauvris depuis quarante ans \u00bb, William Thay \u00e9crit : \u00ab En 1980, un Fran\u00e7ais \u00e9tait plus riche qu\u2019un Am\u00e9ricain ou un Allemand \u00bb. Est-ce vraiment le cas ?<\/p>\n<p>FAKE OFF<\/p>\n<p class=\"mb-4 text-lg md:leading-8 break-words\">Pour commen(&#8230;)<\/p>\n<p class=\"mb-4 text-lg md:leading-8 break-words\"><a href=\"https:\/\/www.20minutes.fr\/economie\/4173450-20250920-appauvrissement-francais-depuis-quarante-ans-rapport-etats-unis-allemagne-tout-fait?at_medium=RSS%20feed&amp;at_campaign=ynews&amp;utm_source=yahoo&amp;utm_medium=rss&amp;utm_campaign=news_feed&amp;utm_content=read_more_link&quot;\" rel=\"nofollow noopener\" target=\"_blank\" data-ylk=\"slk:Lire la suite sur 20minutes;elm:context_link;itc:0;sec:content-canvas\" class=\"link \">Lire la suite sur 20minutes<\/a><\/p>\n<p>\u00c0 lire aussi :<br \/><a href=\"https:\/\/www.20minutes.fr\/economie\/4173573-20250917-taxe-zucman-patron-mistral-arthur-mensch-pourrait-payer-prone-plus-justice-fiscale?at_medium=RSS%20feed&amp;at_campaign=ynews&amp;utm_source=yahoo&amp;utm_medium=rss&amp;utm_campaign=news_feed&amp;utm_content=related_content_link\" rel=\"nofollow noopener\" target=\"_blank\" data-ylk=\"slk:Taxe Zucman : Le patron de Mistral Arthur Mensch, \u00ab ne pourrait pas payer \u00bb mais pr\u00f4ne \u00ab plus de justice fiscale \u00bb;elm:context_link;itc:0;sec:content-canvas\" class=\"link \">Taxe Zucman : Le patron de Mistral Arthur Mensch, \u00ab ne pourrait pas payer \u00bb mais pr\u00f4ne \u00ab plus de justice fiscale \u00bb<\/a><br \/><a href=\"https:\/\/www.20minutes.fr\/economie\/4173493-20250916-euro-atteint-plus-haut-niveau-face-dollar-depuis-quatre-ans?at_medium=RSS%20feed&amp;at_campaign=ynews&amp;utm_source=yahoo&amp;utm_medium=rss&amp;utm_campaign=news_feed&amp;utm_content=related_content_link\" rel=\"nofollow noopener\" target=\"_blank\" data-ylk=\"slk:L\u2019euro atteint son plus haut niveau face au dollar depuis quatre ans;elm:context_link;itc:0;sec:content-canvas\" class=\"link \">L\u2019euro atteint son plus haut niveau face au dollar depuis quatre ans<\/a><\/p>\n","protected":false},"excerpt":{"rendered":"FAKE OFF &#8211; Selon le politologue William Thay, les Fran\u00e7ais se seraient \u00ab appauvris \u00bb depuis \u00ab l\u2019\u00e9lection&hellip;\n","protected":false},"author":2,"featured_media":404405,"comment_status":"","ping_status":"","sticky":false,"template":"","format":"standard","meta":{"footnotes":""},"categories":[1587],"tags":[11,672,1804,1805,1803,73,1777,674,3844,28628,1801,9791,12,6311,1802,53594],"class_list":{"0":"post-404404","1":"post","2":"type-post","3":"status-publish","4":"format-standard","5":"has-post-thumbnail","7":"category-allemagne","8":"tag-actualites","9":"tag-allemagne","10":"tag-bundesrepublik-deutschland","11":"tag-de","12":"tag-deutschland","13":"tag-etats-unis","14":"tag-eu","15":"tag-europe","16":"tag-francais","17":"tag-francois-mitterrand","18":"tag-germany","19":"tag-la-france","20":"tag-news","21":"tag-pib","22":"tag-republique-federale-dallemagne","23":"tag-william-thay"},"share_on_mastodon":{"url":"https:\/\/pubeurope.com\/@fr\/115235688538923524","error":""},"_links":{"self":[{"href":"https:\/\/www.europesays.com\/fr\/wp-json\/wp\/v2\/posts\/404404","targetHints":{"allow":["GET"]}}],"collection":[{"href":"https:\/\/www.europesays.com\/fr\/wp-json\/wp\/v2\/posts"}],"about":[{"href":"https:\/\/www.europesays.com\/fr\/wp-json\/wp\/v2\/types\/post"}],"author":[{"embeddable":true,"href":"https:\/\/www.europesays.com\/fr\/wp-json\/wp\/v2\/users\/2"}],"replies":[{"embeddable":true,"href":"https:\/\/www.europesays.com\/fr\/wp-json\/wp\/v2\/comments?post=404404"}],"version-history":[{"count":0,"href":"https:\/\/www.europesays.com\/fr\/wp-json\/wp\/v2\/posts\/404404\/revisions"}],"wp:featuredmedia":[{"embeddable":true,"href":"https:\/\/www.europesays.com\/fr\/wp-json\/wp\/v2\/media\/404405"}],"wp:attachment":[{"href":"https:\/\/www.europesays.com\/fr\/wp-json\/wp\/v2\/media?parent=404404"}],"wp:term":[{"taxonomy":"category","embeddable":true,"href":"https:\/\/www.europesays.com\/fr\/wp-json\/wp\/v2\/categories?post=404404"},{"taxonomy":"post_tag","embeddable":true,"href":"https:\/\/www.europesays.com\/fr\/wp-json\/wp\/v2\/tags?post=404404"}],"curies":[{"name":"wp","href":"https:\/\/api.w.org\/{rel}","templated":true}]}}