{"id":404406,"date":"2025-09-20T08:30:12","date_gmt":"2025-09-20T08:30:12","guid":{"rendered":"https:\/\/www.europesays.com\/fr\/404406\/"},"modified":"2025-09-20T08:30:12","modified_gmt":"2025-09-20T08:30:12","slug":"decouvrez-en-cartes-les-tresors-francais-et-europeens","status":"publish","type":"post","link":"https:\/\/www.europesays.com\/fr\/404406\/","title":{"rendered":"d\u00e9couvrez en cartes les tr\u00e9sors fran\u00e7ais et europ\u00e9ens"},"content":{"rendered":"<p><strong>CARTES \u2013 <\/strong>Des millions de visiteurs sont attendus ce week-end en France et dans toute l\u2019Europe pour d\u00e9couvrir ces sites exceptionnels.<\/p>\n<p class=\"fig-paragraph\">La 42e \u00e9dition des\u00a0<a href=\"http:\/\/www.lefigaro.fr\/culture\/patrimoine\/journees-europeennes-du-patrimoine-2025-un-phare-des-ateliers-un-hopital-notre-selection-20250915\" data-fig-type=\"Article\" data-gtm-custom-categorie=\"navigation\" data-gtm-custom-action=\"crossclick\" data-gtm-custom-label=\"Contextuel\" data-gtm-event=\"customEventSPE\" data-fig-domain=\"LEFIGARO\" target=\"_blank\" rel=\"noopener\">Journ\u00e9es europ\u00e9ennes du patrimoine<\/a>\u00a0aura lieu ce week-end et aura pour th\u00e8me \u00abPatrimoine et architectures\u00bb. Pr\u00e8s d\u2019une cinquantaine de pays participent \u00e0 cet \u00e9v\u00e9nement, de l\u2019Albanie \u00e0 la Turquie, en passant par Malte, le Portugal ou encore le Vatican. Chaque ann\u00e9e, vingt \u00e0 trente millions de visiteurs profitent de cette occasion pour acc\u00e9der \u00e0 des lieux embl\u00e9matiques, souvent ferm\u00e9s au public. Cr\u00e9\u00e9es en France en 1984 par Jack Lang, alors ministre de la Culture, ces Journ\u00e9es se limitaient \u00e0 l\u2019origine \u00e0 une seule date. Rapidement reprises par le Conseil de l\u2019Europe, elles s\u2019internationalisent dans les ann\u00e9es 1990. Avant que l\u2019Union europ\u00e9enne ne s\u2019y associe et qu\u2019elles ne changent de d\u00e9nomination pour prendre leur nom actuel en 2000.<\/p>\n<p class=\"fig-premium-paywall__infos\">\n        Cet article est r\u00e9serv\u00e9 aux abonn\u00e9s.        Il vous reste 78% \u00e0 d\u00e9couvrir.\n    <\/p>\n<p>                <img  data- alt=\"Le Figaro\" class=\"fig-img--complete fig-img\"\/><\/p>\n<p class=\"fig-premium-paywall__title\">Vous avez envie de lire la suite ?<\/p>\n<p class=\"fig-premium-paywall__subtitle\">D\u00e9bloquez tous les articles imm\u00e9diatement.<\/p>\n<p class=\"fig-premium-paywall__connect\">\n                D\u00e9j\u00e0 abonn\u00e9\u00a0?                <a class=\"fig-premium-paywall__connect-link\" href=\"https:\/\/connect.lefigaro.fr\/login?client=horizon_web&amp;type=main&amp;redirect_uri=https%3A%2F%2Fwww.lefigaro.fr%2Fculture%2Fpatrimoine%2Fjournees-du-patrimoine-2025-decouvrez-en-cartes-les-tresors-francais-et-europeens-20250920\" data-js-gtm=\"{&quot;customCategorie&quot;: &quot;conversion&quot;, &quot;customAction&quot;: &quot;before_Landing_Connexion_paywall_manuel&quot;, &quot;customLabel&quot;: &quot;bGVmaWdhcm8uZnJfXzFmMDhmMWMwLTE0OTktNjViNC05YzVlLWIxNjFjNzkxOGJhM19fTmV3c0ZsYXNo_Journ\u00e9es du patrimoine 2025\u00a0: d\u00e9couvrez en cartes les tr\u00e9sors fran\u00e7ais et europ\u00e9ens_1127&quot;, &quot;customIDSPE&quot;: &quot;bGVmaWdhcm8uZnJfXzFmMDhmMWMwLTE0OTktNjViNC05YzVlLWIxNjFjNzkxOGJhM19fTmV3c0ZsYXNo&quot;, &quot;event&quot;: &quot;customEventSPE&quot;}\" target=\"_blank\" rel=\"noopener\"><br \/>\n                    Connectez-vous<br \/>\n                <\/a>\n            <\/p>\n","protected":false},"excerpt":{"rendered":"CARTES \u2013 Des millions de visiteurs sont attendus ce week-end en France et dans toute l\u2019Europe pour d\u00e9couvrir&hellip;\n","protected":false},"author":2,"featured_media":404407,"comment_status":"","ping_status":"","sticky":false,"template":"","format":"standard","meta":{"footnotes":""},"categories":[1586],"tags":[11,251,1777,674,1011,27,48159,12,7606,25],"class_list":{"0":"post-404406","1":"post","2":"type-post","3":"status-publish","4":"format-standard","5":"has-post-thumbnail","7":"category-europe","8":"tag-actualites","9":"tag-culture","10":"tag-eu","11":"tag-europe","12":"tag-fr","13":"tag-france","14":"tag-journees-du-patrimoine","15":"tag-news","16":"tag-patrimoine-mondial-de-lunesco","17":"tag-republique-francaise"},"share_on_mastodon":{"url":"https:\/\/pubeurope.com\/@fr\/115235692632235633","error":""},"_links":{"self":[{"href":"https:\/\/www.europesays.com\/fr\/wp-json\/wp\/v2\/posts\/404406","targetHints":{"allow":["GET"]}}],"collection":[{"href":"https:\/\/www.europesays.com\/fr\/wp-json\/wp\/v2\/posts"}],"about":[{"href":"https:\/\/www.europesays.com\/fr\/wp-json\/wp\/v2\/types\/post"}],"author":[{"embeddable":true,"href":"https:\/\/www.europesays.com\/fr\/wp-json\/wp\/v2\/users\/2"}],"replies":[{"embeddable":true,"href":"https:\/\/www.europesays.com\/fr\/wp-json\/wp\/v2\/comments?post=404406"}],"version-history":[{"count":0,"href":"https:\/\/www.europesays.com\/fr\/wp-json\/wp\/v2\/posts\/404406\/revisions"}],"wp:featuredmedia":[{"embeddable":true,"href":"https:\/\/www.europesays.com\/fr\/wp-json\/wp\/v2\/media\/404407"}],"wp:attachment":[{"href":"https:\/\/www.europesays.com\/fr\/wp-json\/wp\/v2\/media?parent=404406"}],"wp:term":[{"taxonomy":"category","embeddable":true,"href":"https:\/\/www.europesays.com\/fr\/wp-json\/wp\/v2\/categories?post=404406"},{"taxonomy":"post_tag","embeddable":true,"href":"https:\/\/www.europesays.com\/fr\/wp-json\/wp\/v2\/tags?post=404406"}],"curies":[{"name":"wp","href":"https:\/\/api.w.org\/{rel}","templated":true}]}}