{"id":404419,"date":"2025-09-20T08:40:12","date_gmt":"2025-09-20T08:40:12","guid":{"rendered":"https:\/\/www.europesays.com\/fr\/404419\/"},"modified":"2025-09-20T08:40:12","modified_gmt":"2025-09-20T08:40:12","slug":"cest-confirme-alex-marquez-aura-une-ducati-officielle-en-2026","status":"publish","type":"post","link":"https:\/\/www.europesays.com\/fr\/404419\/","title":{"rendered":"C&rsquo;est confirm\u00e9\u00a0:\u00a0\u00c1lex M\u00e1rquez aura une Ducati officielle en 2026"},"content":{"rendered":"<p>L&rsquo;\u00e9quipe <a href=\"https:\/\/fr.motorsport.com\/team\/gresini-moto2\/1162\/\" target=\"_blank\" rel=\"noopener nofollow\">Gresini Racing<\/a> a officialis\u00e9 ce que nous anticipions hier, \u00e0 savoir qu&rsquo;<a href=\"https:\/\/fr.motorsport.com\/driver\/alex-marquez\/96324\/\" rel=\"nofollow noopener\" target=\"_blank\">\u00c1lex M\u00e1rquez<\/a> recevra bel et bien une Ducati factory la saison prochaine. Actuellement deuxi\u00e8me du championnat, l&rsquo;Espagnol r\u00e9alise une ann\u00e9e des plus solides qui l&rsquo;a vu remporter ses deux premiers Grands Prix dans la cat\u00e9gorie MotoGP, ainsi qu&rsquo;une course sprint, et multiplier les podiums.<\/p>\n<p>Il a de fa\u00e7on tr\u00e8s nette pris l&rsquo;avantage sur la plupart des autres pilotes Ducati \u00e0 l&rsquo;exception de son fr\u00e8re, <a href=\"https:\/\/fr.motorsport.com\/driver\/marc-marquez\/92646\/\" rel=\"nofollow noopener\" target=\"_blank\">Marc<\/a>, qui domine incontestablement ce championnat. Aujourd&rsquo;hui dernier pilote \u00e0 pouvoir math\u00e9matiquement priver le leader du titre, le cadet de la fratrie M\u00e1rquez compte 93 points d&rsquo;avance sur <a href=\"https:\/\/fr.motorsport.com\/driver\/pecco-bagnaia\/109394\/\" target=\"_blank\" rel=\"noopener nofollow\">Pecco Bagnaia<\/a>, qui dispose pourtant de la moto officielle alors que la sienne date de l&rsquo;an dernier.<\/p>\n<p>Lire aussi :<\/p>\n<p>C&rsquo;est pr\u00e9cis\u00e9ment ce qui va changer la saison prochaine, car \u00c1lex M\u00e1rquez recevra une Ducati officielle, identique \u00e0 celle des pilotes de l&rsquo;\u00e9quipe d&rsquo;usine. Il est ainsi r\u00e9compens\u00e9 par le constructeur pour la qualit\u00e9 de son travail et obtient, tout en restant chez Gresini, un statut qu&rsquo;il n&rsquo;a plus connu depuis son arriv\u00e9e dans la cat\u00e9gorie MotoGP, en 2020, chez Repsol Honda.<\/p>\n<p>\u00ab\u00a0C&rsquo;est un honneur de pouvoir courir avec une moto officielle au sein du team Gresini\u00a0\u00bb, se r\u00e9jouit \u00c1lex M\u00e1rquez. \u00ab\u00a0Durant de nombreuses ann\u00e9es, l&rsquo;\u00e9quipe a travaill\u00e9 d&rsquo;une mani\u00e8re impeccable et je crois que c&rsquo;est une r\u00e9compense pour tout le monde, pour moi comme pour l&rsquo;\u00e9quipe. C&rsquo;est un pas de plus vers nos r\u00eaves et vers le fait de faire encore mieux en 2026. Je souhaite remercier Nadia [Padovani], l&rsquo;\u00e9quipe, et \u00e9videmment Gigi [Dall&rsquo;Igna] et Ducati qui me font me sentir important \u00e0 chaque instant.\u00a0\u00bb<\/p>\n<p>\u00a0<\/p>\n<p>Contrairement \u00e0 nos premi\u00e8res informations, Ducati ne limitera toutefois pas ses motos officielles \u00e0 trois exemplaires sur la grille, comme c&rsquo;est le cas actuellement. Le constructeur va au contraire renforcer sa fourniture et passer \u00e0 quatre motos de derni\u00e8re g\u00e9n\u00e9ration. L&rsquo;\u00e9quipe VR46 conservera donc un de ces mod\u00e8les, fourni \u00e0 <a href=\"https:\/\/fr.motorsport.com\/driver\/fabio-di-giannantonio\/289538\/\" target=\"_blank\" rel=\"noopener nofollow\">Fabio Di Giannantonio<\/a>. Les seuls \u00e0 piloter une moto plus ancienne seront <a href=\"https:\/\/fr.motorsport.com\/driver\/franco-morbidelli\/109417\/\" target=\"_blank\" rel=\"noopener nofollow\">Franco Morbidelli<\/a> (VR46) et <a href=\"https:\/\/fr.motorsport.com\/driver\/fermin-aldeguer\/945314\/\" target=\"_blank\" rel=\"noopener nofollow\">Ferm\u00edn Aldeguer<\/a> (Gresini).<\/p>\n<p>\u00ab\u00a0La saison d&rsquo;\u00c1lex M\u00e1rquez a \u00e9t\u00e9 impressionnante. Apr\u00e8s plusieurs \u00e9valuations, Ducati Corse a d\u00e9cid\u00e9 de renforcer son soutien pour que le pilote et son groupe de travail continuent \u00e0 progresser\u00a0\u00bb, indique Gigi Dall&rsquo;Igna, directeur g\u00e9n\u00e9ral de Ducati Corse. \u00ab\u00a0\u00c1lex tire le meilleur du potentiel de la Desmosedici GP et nous sommes convaincus qu&rsquo;avec des nouveaut\u00e9s, nous pourrons continuer \u00e0 progresser ensemble l&rsquo;an prochain. Ce sera une valeur ajout\u00e9e pour toute la famille Ducati.\u00a0\u00bb<\/p>\n<p>L&rsquo;\u00e9quipe Gresini est associ\u00e9e \u00e0 Ducati depuis quatre ans et elle a toujours align\u00e9 des motos dites satellites, en d\u00e9pit de r\u00e9sultats remarquables, notamment des victoires obtenues par <a href=\"https:\/\/fr.motorsport.com\/driver\/enea-bastianini\/109398\/\" target=\"_blank\" rel=\"noopener nofollow\">Enea Bastianini<\/a>, Fabio Di Giannantonio et bien s\u00fbr <a href=\"https:\/\/fr.motorsport.com\/driver\/marc-marquez\/92646\/\" target=\"_blank\" rel=\"noopener nofollow\">Marc M\u00e1rquez<\/a>, qui l&rsquo;a choisie l&rsquo;an dernier pour op\u00e9rer sa transition de Honda \u00e0 Ducati.<\/p>\n<p>\u00ab\u00a0Cette nouvelle est tr\u00e8s importante pour Gresini Racing\u00a0\u00bb, r\u00e9agit Nadia Padovani, propri\u00e9taire de l&rsquo;\u00e9quipe. \u00ab\u00a0Je tiens \u00e0 remercier Ducati et Gigi Dall&rsquo;Igna pour la confiance accord\u00e9e \u00e0 \u00c1lex et \u00e0 notre \u00e9quipe. Les r\u00e9sultats d\u00e9croch\u00e9s cette ann\u00e9e, et les saisons pr\u00e9c\u00e9dentes, nous ont permis d&rsquo;atteindre cette \u00e9tape majeure. Nous sommes heureux qu&rsquo;\u00c1lex pilote une moto d&rsquo;usine \u00e0 partir de l&rsquo;an prochain. L&rsquo;\u00e9quipe est pr\u00eate \u00e0 faire un pas de plus vers l&rsquo;excellence. 2025 sera une ann\u00e9e inoubliable et nous sommes d\u00e9j\u00e0 tr\u00e8s enthousiastes en vue de 2026.\u00a0\u00bb<\/p>\n<p style=\"text-align: right;\">Avec Vincent Lalanne-Sicaud<\/p>\n<p>Lire aussi :<\/p>\n","protected":false},"excerpt":{"rendered":"L&rsquo;\u00e9quipe Gresini Racing a officialis\u00e9 ce que nous anticipions hier, \u00e0 savoir qu&rsquo;\u00c1lex M\u00e1rquez recevra bel et bien&hellip;\n","protected":false},"author":2,"featured_media":404420,"comment_status":"","ping_status":"","sticky":false,"template":"","format":"standard","meta":{"footnotes":""},"categories":[1413],"tags":[53595,4950,1011,27,3452,1457,1456,1458,60,7896],"class_list":{"0":"post-404419","1":"post","2":"type-post","3":"status-publish","4":"format-standard","5":"has-post-thumbnail","7":"category-moto","8":"tag-cest-confirmu00e9u00a0u00a0u00c1lex-mu00e1rquez-aura-une-ducati-officielle-en-2026","9":"tag-ducati-team","10":"tag-fr","11":"tag-france","12":"tag-gresini-racing","13":"tag-moto","14":"tag-motocycle","15":"tag-motogp","16":"tag-sports","17":"tag-u00c1lex-mu00e1rquez"},"share_on_mastodon":{"url":"https:\/\/pubeurope.com\/@fr\/115235731809928812","error":""},"_links":{"self":[{"href":"https:\/\/www.europesays.com\/fr\/wp-json\/wp\/v2\/posts\/404419","targetHints":{"allow":["GET"]}}],"collection":[{"href":"https:\/\/www.europesays.com\/fr\/wp-json\/wp\/v2\/posts"}],"about":[{"href":"https:\/\/www.europesays.com\/fr\/wp-json\/wp\/v2\/types\/post"}],"author":[{"embeddable":true,"href":"https:\/\/www.europesays.com\/fr\/wp-json\/wp\/v2\/users\/2"}],"replies":[{"embeddable":true,"href":"https:\/\/www.europesays.com\/fr\/wp-json\/wp\/v2\/comments?post=404419"}],"version-history":[{"count":0,"href":"https:\/\/www.europesays.com\/fr\/wp-json\/wp\/v2\/posts\/404419\/revisions"}],"wp:featuredmedia":[{"embeddable":true,"href":"https:\/\/www.europesays.com\/fr\/wp-json\/wp\/v2\/media\/404420"}],"wp:attachment":[{"href":"https:\/\/www.europesays.com\/fr\/wp-json\/wp\/v2\/media?parent=404419"}],"wp:term":[{"taxonomy":"category","embeddable":true,"href":"https:\/\/www.europesays.com\/fr\/wp-json\/wp\/v2\/categories?post=404419"},{"taxonomy":"post_tag","embeddable":true,"href":"https:\/\/www.europesays.com\/fr\/wp-json\/wp\/v2\/tags?post=404419"}],"curies":[{"name":"wp","href":"https:\/\/api.w.org\/{rel}","templated":true}]}}