{"id":404431,"date":"2025-09-20T08:46:10","date_gmt":"2025-09-20T08:46:10","guid":{"rendered":"https:\/\/www.europesays.com\/fr\/404431\/"},"modified":"2025-09-20T08:46:10","modified_gmt":"2025-09-20T08:46:10","slug":"la-foire-du-livre-au-locle-continue-de-se-reinventer","status":"publish","type":"post","link":"https:\/\/www.europesays.com\/fr\/404431\/","title":{"rendered":"La Foire du livre au Locle continue de se r\u00e9inventer"},"content":{"rendered":"<p>Le livre (mais pas que !) est \u00e0 l\u2019honneur au Locle ce week-end. Depuis jeudi, une quinzaine de bouquinistes et de maisons d\u2019\u00e9dition ont pris leur quartier dans la M\u00e8re commune, afin de participer \u00e0 la 24e \u00e9dition de la Foire du livre. Plus d\u2019une trentaine d\u2019auteurs suisses et \u00e9trangers ont \u00e9galement fait le d\u00e9placement pour rencontrer le public et pr\u00e9senter leurs ouvrages. <\/p>\n<p>Pour sa deuxi\u00e8me \u00e9dition \u00e0 la t\u00eate de l\u2019\u00e9v\u00e9nement, le nouveau comit\u00e9 a souhait\u00e9 proposer au public des activit\u00e9s autour du livre. \u00ab Le premier projet qu\u2019on s\u2019\u00e9tait fix\u00e9, et nous avons r\u00e9ussi, c\u2019est d\u2019avoir des animations le soir \u00bb, se r\u00e9jouit le pr\u00e9sident de la Foire, Mauro Nanini. \u00ab Cette ann\u00e9e, on a m\u00eame quelqu\u2019un qui vient donner des le\u00e7ons de salsa ! \u00bb<\/p>\n<p><a href=\"https:\/\/foiredulivre.ch\/Programme\/\" target=\"_blank\" rel=\"nofollow noopener\">Au programme<\/a>, on retrouve en effet des activit\u00e9s vari\u00e9es, comme de l\u2019improvisation th\u00e9\u00e2trale, des slams ou une chasse au tr\u00e9sor. <\/p>\n<p>Mais le comit\u00e9 ne compte pas s\u2019arr\u00eater l\u00e0. \u00ab Ce qui nous manque, et cette ann\u00e9e malheureusement on est pass\u00e9 un peu \u00e0 c\u00f4t\u00e9, c\u2019est de faire venir les jeunes. \u00bb Mauro Manini esp\u00e8re profiter des 25 ans de l\u2019\u00e9v\u00e9nement l\u2019ann\u00e9e prochaine pour mettre sur pied des projets avec les \u00e9coles autour du slam.<\/p>\n<p><b>Bel engouement autour de la lecture<\/b><\/p>\n<p>Le pr\u00e9sident de la Foire du livre se r\u00e9jouit de constater que la lecture suscite toujours un engouement important dans la population suisse. Certes, ses formes changent, mais la Foire du livre s\u2019y adapte \u00e9galement. Par exemple, le public peut d\u00e9couvrir ce week-end au casino-th\u00e9\u00e2tre les carnets de voyage de l\u2019artiste Marion B\u00fchler sous forme de livre audio. \u00ab Il y a \u00e9galement un \u00e9diteur \u00e0 la Foire, i-lire \u00e9ditions, qui propose des sortes de livres audio et \u00e7a depuis un certain moment \u00bb, pr\u00e9cise Mauro Nanini. <\/p>\n<p>Seul b\u00e9mol pour les organisateurs : si la manifestation a une port\u00e9e internationale, cela ne se refl\u00e8te pas dans l\u2019engagement b\u00e9n\u00e9vole des habitants de la commune. L\u2019association regrette que les Loclois ne s\u2019investissent que tr\u00e8s peu dans l\u2019organisation de la manifestation et esp\u00e8rent voir cela changer \u00e0 l\u2019avenir. \/cde <\/p>\n","protected":false},"excerpt":{"rendered":"Le livre (mais pas que !) est \u00e0 l\u2019honneur au Locle ce week-end. Depuis jeudi, une quinzaine de&hellip;\n","protected":false},"author":2,"featured_media":404432,"comment_status":"","ping_status":"","sticky":false,"template":"","format":"standard","meta":{"footnotes":""},"categories":[1357],"tags":[1829,1832,1836,1379,1827,58,59,1011,27,1830,1831,1826,1844,1840,1380,1839,1841,1838,1843,1828,1834,1825,1833,1822,1823,1824,1837,1835,1842],"class_list":{"0":"post-404431","1":"post","2":"type-post","3":"status-publish","4":"format-standard","5":"has-post-thumbnail","7":"category-livres","8":"tag-ajoie","9":"tag-animation","10":"tag-bienne","11":"tag-books","12":"tag-delemont","13":"tag-divertissement","14":"tag-entertainment","15":"tag-fr","16":"tag-france","17":"tag-franches-montagnes","18":"tag-frequence","19":"tag-jura","20":"tag-jura-bernois","21":"tag-la-chaux-de-fonds","22":"tag-livres","23":"tag-moutier","24":"tag-neuchatel","25":"tag-neuveville","26":"tag-payerne","27":"tag-porrentruy","28":"tag-publicite","29":"tag-radio","30":"tag-redaction","31":"tag-rfj","32":"tag-rjb","33":"tag-rtn","34":"tag-tavannes","35":"tag-vallon-de-st-imier","36":"tag-yverdon"},"share_on_mastodon":{"url":"https:\/\/pubeurope.com\/@fr\/115235755356984607","error":""},"_links":{"self":[{"href":"https:\/\/www.europesays.com\/fr\/wp-json\/wp\/v2\/posts\/404431","targetHints":{"allow":["GET"]}}],"collection":[{"href":"https:\/\/www.europesays.com\/fr\/wp-json\/wp\/v2\/posts"}],"about":[{"href":"https:\/\/www.europesays.com\/fr\/wp-json\/wp\/v2\/types\/post"}],"author":[{"embeddable":true,"href":"https:\/\/www.europesays.com\/fr\/wp-json\/wp\/v2\/users\/2"}],"replies":[{"embeddable":true,"href":"https:\/\/www.europesays.com\/fr\/wp-json\/wp\/v2\/comments?post=404431"}],"version-history":[{"count":0,"href":"https:\/\/www.europesays.com\/fr\/wp-json\/wp\/v2\/posts\/404431\/revisions"}],"wp:featuredmedia":[{"embeddable":true,"href":"https:\/\/www.europesays.com\/fr\/wp-json\/wp\/v2\/media\/404432"}],"wp:attachment":[{"href":"https:\/\/www.europesays.com\/fr\/wp-json\/wp\/v2\/media?parent=404431"}],"wp:term":[{"taxonomy":"category","embeddable":true,"href":"https:\/\/www.europesays.com\/fr\/wp-json\/wp\/v2\/categories?post=404431"},{"taxonomy":"post_tag","embeddable":true,"href":"https:\/\/www.europesays.com\/fr\/wp-json\/wp\/v2\/tags?post=404431"}],"curies":[{"name":"wp","href":"https:\/\/api.w.org\/{rel}","templated":true}]}}