{"id":404441,"date":"2025-09-20T08:51:33","date_gmt":"2025-09-20T08:51:33","guid":{"rendered":"https:\/\/www.europesays.com\/fr\/404441\/"},"modified":"2025-09-20T08:51:33","modified_gmt":"2025-09-20T08:51:33","slug":"angers-et-si-lyon-etait-le-vainqueur-surprise-du-mercato-a-limage-de-greif-et-satriano-decisifs-demblee","status":"publish","type":"post","link":"https:\/\/www.europesays.com\/fr\/404441\/","title":{"rendered":"Angers\u00a0: Et si Lyon \u00e9tait le vainqueur surprise du mercato, \u00e0 l\u2019image de Greif et Satriano \u00ab\u00a0d\u00e9cisifs\u00a0\u00bb d\u2019embl\u00e9e\u00a0?"},"content":{"rendered":"<p>Au Parc OL,<\/p>\n<p>Un mercato estival 2024 ultra-ambitieux et on\u00e9reux (Niakhat\u00e9, <a href=\"https:\/\/www.20minutes.fr\/sport\/football\/ligue-1\/4102090-20240719-ligue-1-ranc-ur-entre-ol-georges-mikautadze-belle-histoire-mercato-lyonnais\" class=\"c-link c-link--is-underlined\" target=\"_blank\" rel=\"noopener\">Mikautadze<\/a>, Mangala et Nuamah tous acquis pour plus de 20\u00a0millions d\u2019euros) pour 4 points en cinq journ\u00e9es de Ligue 1 vs une <a href=\"https:\/\/www.20minutes.fr\/sport\/football\/ligue-1\/4170327-20250901-ol-om-peu-nuage-si-lyon-low-cost-trouve-formule-gagnante\" class=\"c-link c-link--is-underlined\" target=\"_blank\" rel=\"noopener\">session 2025 low-cost +++<\/a> capable de gratter 12 points sur 15 d\u2019embl\u00e9e, cherchez l\u2019erreur\u2026 Car la claque subie \u00e0 Rennes (de 0-1 \u00e0 3-1 en un quart d\u2019heure) dimanche dernier n\u2019a pas eu raison du bluffant d\u00e9but de saison de l\u2019<a href=\"https:\/\/www.20minutes.fr\/sport\/ol\/\" class=\"c-link c-link--is-underlined\" target=\"_blank\" rel=\"noopener\">OL<\/a>.<\/p>\n<p>Un groupe capable de d\u00e9j\u00e0 arracher son troisi\u00e8me succ\u00e8s sur le m\u00eame score de <a href=\"https:\/\/www.20minutes.fr\/sport\/football\/ligue-1\/4173341-20250919-direct-ol-angers-lyon-doit-rebondir-apres-finish-cata-rennes-suivez-debut-5e-journee-ligue-1-20h30\" class=\"c-link c-link--is-underlined\" target=\"_blank\" rel=\"noopener\">1-0, vendredi face \u00e0 Angers<\/a>, et m\u00eame de n\u2019avoir \u00ab\u00a0pris aucun but \u00e0 11 contre 11 cette saison\u00a0\u00bb, comme le note l\u2019entra\u00eeneur adjoint Jorge Maciel. Une sacr\u00e9e dinguerie lorsqu\u2019on se souvient de la 8e d\u00e9fense de l\u2019exercice 2024-2025 (46 buts encaiss\u00e9s en 34 matchs), incarn\u00e9e par un Moussa Niakhat\u00e9 hors du coup.<\/p>\n<\/p>\n<p>Morton et les deux Tch\u00e8ques, d\u00e9j\u00e0 un succ\u00e8s\u00a0?<\/p>\n<p>Les temps ont bien chang\u00e9, et les huit joueurs sign\u00e9s cet \u00e9t\u00e9 ont d\u00e9j\u00e0 un impact positif dans cette dynamique de r\u00e9sultats, avec une place de coleader provisoire du championnat pour l\u2019Olympique Lyonnais. Dans cette liste, on songe spontan\u00e9ment \u00e0 Tyler Morton (ex-Liverpool), royal jusqu\u2019\u00e0 son carton rouge fatal \u00e0 Rennes, ainsi qu\u2019aux deux Tch\u00e8ques Pavel Sulc (entr\u00e9es en jeu de dynamiteur contre l\u2019OM et Angers) et Adam Karabec (auteur du corner d\u00e9cisif vendredi).<\/p>\n<p>Pour Alfonso Moreira mais surtout Ruben Kluivert et <a href=\"https:\/\/www.20minutes.fr\/dossier\/rachid-ghezzal\" class=\"c-link c-link--is-underlined\" target=\"_blank\" rel=\"noopener\">Rachid Ghezzal<\/a>, le bilan est jusque-l\u00e0 nettement moins favorable. Il restait alors deux myst\u00e8res \u00e0 lever\u00a0: pourquoi le gardien slovaque Dominik Greif, sign\u00e9 comme titulaire en puissance apr\u00e8s le d\u00e9part de Lucas Perri, n\u2019avait pas encore eu sa chance\u00a0? Et comment Martin Satriano pouvait-il rester scotch\u00e9 sur le banc de touche lors du match \u00e0 Rennes alors qu\u2019il s\u2019agissait du seul attaquant axial de m\u00e9tier comptant plus de 18 piges et plus de 3 apparitions dans le monde professionnel\u00a0?<\/p>\n<p>Ces deux grosses incertitudes se sont envol\u00e9es vendredi soir. Car l\u2019ancien attaquant uruguayen du Stade Brestois, victime d\u2019une rupture des ligaments crois\u00e9s du genou il y a un an avec le <a href=\"https:\/\/www.20minutes.fr\/sport\/rc_lens\/\" class=\"c-link c-link--is-underlined\" target=\"_blank\" rel=\"noopener\">RC Lens<\/a>, a \u00e9t\u00e9 dans le ton pour un tel retour \u00e0 la comp\u00e9tition. Parfois pr\u00e9cieux en d\u00e9viations et pour des r\u00e9cup\u00e9rations hautes, Martin Satriano est surtout mont\u00e9 en puissance en deuxi\u00e8me p\u00e9riode, avec le coup de t\u00eate \u00e0 l\u2019origine <a href=\"https:\/\/x.com\/ligue1plus\/status\/1969132599256789124\" rel=\"nofollow\" target=\"_blank\" class=\"c-link c-link--is-underlined\">du but de Tanner Tessmann (65e)<\/a>, puis une action 100\u00a0% grinta conclue par un tir d\u00e9vi\u00e9 sur le poteau (70e).<\/p>\n<p>\u00ab\u00a0C\u2019est plus facile de jouer avec un num\u00e9ro\u00a09\u00a0\u00bb<\/p>\n<p>De quoi lui valoir des louanges du danger offensif num\u00e9ro un de l\u2019OL, \u00e0 savoir \u00e9videmment l\u2019ailier belge Malick Fofana. \u00ab\u00a0C\u2019est plus facile de jouer avec un num\u00e9ro\u00a09 parce que sans lui, tu ne peux parfois pas centrer, tu dois attendre les autres. Moi, je suis tr\u00e8s content d\u2019avoir un 9 dans l\u2019effectif, il s\u2019en est tr\u00e8s bien sorti pour son premier match.\u00a0\u00bb<\/p>\n<p>Et que dire de cette titularisation de Dominik Greif dans le but, en raison de la blessure de R\u00e9my Descamps cinq jours plus t\u00f4t\u00a0? Extr\u00eamement peu sollicit\u00e9 par le SCO durant 90 minutes, l\u2019ancien gardien de <a href=\"https:\/\/www.20minutes.fr\/dossier\/majorque\" class=\"c-link c-link--is-underlined\" target=\"_blank\" rel=\"noopener\">Majorque<\/a> (28 ans) a en effet activ\u00e9 le mode Lucas Perri dans le temps additionnel. Pi\u00e9g\u00e9e \u00e0 la 94e par un contre angevin men\u00e9 \u00e0 3.000 par Himad Abdelli et Jacques Ekomi\u00e9, la d\u00e9fense lyonnaise est prise dans son dos. Le centre en retrait d\u2019Ekomi\u00e9 trouve le joker Lanroy Machine, dont l\u2019int\u00e9rieur du pied appuy\u00e9 au premier poteau semble implacable.<\/p>\n<p><img decoding=\"async\" alt=\"A cet instant pr\u00e9cis, Jacques Ekomi\u00e9 pense qu'il va inscrire le but de l'\u00e9galisation au bout du temps additionnel, vendredi au Parc OL.\" class=\"c-img\" loading=\"lazy\" fetchpriority=\"auto\" width=\"718\"  src=\"https:\/\/img.20mn.fr\/jviQLWaTS9W8QyiLPJ2AByk\/718x0\" \/>A cet instant pr\u00e9cis, Jacques Ekomi\u00e9 pense qu&rsquo;il va inscrire le but de l&rsquo;\u00e9galisation au bout du temps additionnel, vendredi au Parc OL.\u2002-\u00a0L.Cipriani<\/p>\n<p>Mais l\u00e0, du bout des doigts, Dominik Greif claque cette frappe hyper soudaine sur son montant droit. \u00ab\u00a0J\u2019ai cru que c\u2019\u00e9tait une frappe directement sur le poteau, indique en souriant l\u2019homme du match Tanner Tessmann. Mais non, c\u2019\u00e9tait un r\u00e9flexe incroyable de sa part.\u00a0\u00bb Sur le corner qui suit, Jacques Ekomi\u00e9 encha\u00eene deux coups de t\u00eate. L\u2019un repouss\u00e9 juste devant sa ligne par Clinton Mata, l\u2019autre par un Greif on fire au meilleur moment possible (0-1, 90e +\u00a06).<\/p>\n<p>\u00ab\u00a0On n\u2019a pas de profils qui se ressemblent trop\u00a0\u00bb<\/p>\n<p>\u00ab\u00a0C\u2019\u00e9tait fou ce final, reprend le buteur du jour Tanner Tessmann. C\u2019\u00e9tait vraiment important pour Dominik, et Clinton a \u00e9t\u00e9 incroyable pour sauver sur la ligne. \u00c7a montre bien l\u2019\u00e9tat d\u2019esprit du groupe de ne jamais abandonner, et c\u2019est ce qui nous a permis de gagner ce soir.\u00a0\u00bb Alors que Paulo Fonseca a officiellement pu retrouver la vie de vestiaires vendredi, Jorge Maciel compl\u00e8te\u00a0: \u00ab\u00a0Dominik \u00e9tait tr\u00e8s bien, d\u00e9cisif aux yeux de tout le monde. Et puis il a \u00e9t\u00e9 tr\u00e8s serein dans son jeu au pied\u00a0\u00bb.<\/p>\n<p>Un atout suppl\u00e9mentaire pour \u00ab\u00a0un groupe en \u00e9volution\u00a0\u00bb qui n\u2019en manque pas, \u00e0 en croire son coaching staff. \u00ab\u00a0La plus grande richesse qu\u2019on a cette ann\u00e9e, c\u2019est peut-\u00eatre qu\u2019on n\u2019a pas de profils qui se ressemblent trop, confie Jorge Maciel. Pavel Sulc a par exemple un profil de milieu offensif tr\u00e8s vertical et \u00e0 l\u2019\u00e9nergie contagieuse, diff\u00e9rent de tout le monde.\u00a0\u00bb<\/p>\n<p class=\"mb-xxl@xs color-ultramarine font-weight-semi-bold@xs font-source-serif-pro heading-s@xs\">L\u2019acc\u00e8s \u00e0 ce contenu a \u00e9t\u00e9 bloqu\u00e9 afin de respecter votre choix de consentement<\/p>\n<p class=\"mb-m@xs text-l@xs\">En cliquant sur\u00ab J\u2019accepte \u00bb, vous acceptez le d\u00e9p\u00f4t de cookies par des services externes et aurez ainsi acc\u00e8s aux contenus de nos partenaires.<\/p>\n<p class=\"mb-xl@xs text-s@xs\">Plus d\u2019informations sur la page<a href=\"https:\/\/www.20minutes.fr\/gestion-cookies\" class=\"mx-xxs@xs color-ultramarine\" target=\"_blank\" rel=\"noopener\">Politique de gestion des cookies<\/a><\/p>\n<p>J\u2019accepteQuatre jeunes de l\u2019acad\u00e9mie pr\u00eats \u00e0 se r\u00e9v\u00e9ler en L1<\/p>\n<p>Tout ce beau monde, auxquels s\u2019ajoutent peu \u00e0 peu les meilleurs jeunes de <a href=\"https:\/\/www.20minutes.fr\/sport\/football\/ligue-1\/4132640-20250115-ol-certains-servis-club-comment-academie-lyonnaise-devenue-centre-formation-lambda\" class=\"c-link c-link--is-underlined\" target=\"_blank\" rel=\"noopener\">\u00ab\u00a0la formidable acad\u00e9mie lyonnaise\u00a0\u00bb<\/a> Enzo Molebe (18 ans), Mathys de Carvalho (20 ans) et Alejandro Gomes Rodr\u00edguez (17 ans), outre le quasi d\u00e9j\u00e0 install\u00e9 Khalis Merah (18 ans). Avec sa fra\u00eecheur habituelle, Malick Fofana r\u00e9sume le mood g\u00e9n\u00e9ral d\u2019un OL pass\u00e9 de la r\u00e9trogradation en <a href=\"https:\/\/www.20minutes.fr\/sport\/ligue_2\/\" class=\"c-link c-link--is-underlined\" target=\"_blank\" rel=\"noopener\">Ligue 2<\/a> (voire pire) \u00e0 cette \u00e9quipe, m\u00eame pas per\u00e7ue comme outsider d\u00e9but ao\u00fbt, et provisoirement coleader de <a href=\"https:\/\/www.20minutes.fr\/sport\/ligue-1\/\" class=\"c-link c-link--is-underlined\" target=\"_blank\" rel=\"noopener\">Ligue 1<\/a> fin septembre.<\/p>\n<p><a href=\"https:\/\/www.20minutes.fr\/sport\/ol\/\" class=\"c-link c-btn c-btn--primary\" target=\"_blank\" rel=\"noopener\">Notre dossier sur l&rsquo;OL<\/a><\/p>\n<p>\u00ab\u00a0On attaque et on d\u00e9fend tous ensemble, c\u2019est tr\u00e8s important, c\u2019est notre force, l\u00e2che l\u2019international belge de 20 ans. On avait aussi une \u00e9quipe exceptionnelle la saison pass\u00e9e. Mais cette ann\u00e9e, on s\u2019entra\u00eene pour \u00eatre solides tous ensemble. Chaque joueur est positif, et \u00e7a ram\u00e8ne une bonne atmosph\u00e8re dans le groupe.\u00a0\u00bb Quelqu\u2019un a-t-il d\u00e9j\u00e0 la date pour la c\u00e9l\u00e9bration du doubl\u00e9 Ligue 1-Ligue Europa sur la place des Terreaux\u00a0?<\/p>\n","protected":false},"excerpt":{"rendered":"Au Parc OL, Un mercato estival 2024 ultra-ambitieux et on\u00e9reux (Niakhat\u00e9, Mikautadze, Mangala et Nuamah tous acquis pour&hellip;\n","protected":false},"author":2,"featured_media":404442,"comment_status":"","ping_status":"","sticky":false,"template":"","format":"standard","meta":{"footnotes":""},"categories":[9],"tags":[1438,460,2430,63,1011,27,66,2428,13291,2853,2636,2429,2431,517,60],"class_list":{"0":"post-404441","1":"post","2":"type-post","3":"status-publish","4":"format-standard","5":"has-post-thumbnail","7":"category-sports","8":"tag-angers","9":"tag-angers-sco","10":"tag-auvergne-rhone-alpes","11":"tag-football","12":"tag-fr","13":"tag-france","14":"tag-ligue-1","15":"tag-lyon","16":"tag-maine-et-loire","17":"tag-olympique-lyonnais-ol","18":"tag-pays-de-la-loire","19":"tag-rhone","20":"tag-rhone-alpes","21":"tag-sport","22":"tag-sports"},"share_on_mastodon":{"url":"https:\/\/pubeurope.com\/@fr\/115235775291380418","error":""},"_links":{"self":[{"href":"https:\/\/www.europesays.com\/fr\/wp-json\/wp\/v2\/posts\/404441","targetHints":{"allow":["GET"]}}],"collection":[{"href":"https:\/\/www.europesays.com\/fr\/wp-json\/wp\/v2\/posts"}],"about":[{"href":"https:\/\/www.europesays.com\/fr\/wp-json\/wp\/v2\/types\/post"}],"author":[{"embeddable":true,"href":"https:\/\/www.europesays.com\/fr\/wp-json\/wp\/v2\/users\/2"}],"replies":[{"embeddable":true,"href":"https:\/\/www.europesays.com\/fr\/wp-json\/wp\/v2\/comments?post=404441"}],"version-history":[{"count":0,"href":"https:\/\/www.europesays.com\/fr\/wp-json\/wp\/v2\/posts\/404441\/revisions"}],"wp:featuredmedia":[{"embeddable":true,"href":"https:\/\/www.europesays.com\/fr\/wp-json\/wp\/v2\/media\/404442"}],"wp:attachment":[{"href":"https:\/\/www.europesays.com\/fr\/wp-json\/wp\/v2\/media?parent=404441"}],"wp:term":[{"taxonomy":"category","embeddable":true,"href":"https:\/\/www.europesays.com\/fr\/wp-json\/wp\/v2\/categories?post=404441"},{"taxonomy":"post_tag","embeddable":true,"href":"https:\/\/www.europesays.com\/fr\/wp-json\/wp\/v2\/tags?post=404441"}],"curies":[{"name":"wp","href":"https:\/\/api.w.org\/{rel}","templated":true}]}}