{"id":404463,"date":"2025-09-20T09:03:09","date_gmt":"2025-09-20T09:03:09","guid":{"rendered":"https:\/\/www.europesays.com\/fr\/404463\/"},"modified":"2025-09-20T09:03:09","modified_gmt":"2025-09-20T09:03:09","slug":"cest-lheure-de-la-reconnexion-a-la-seyne","status":"publish","type":"post","link":"https:\/\/www.europesays.com\/fr\/404463\/","title":{"rendered":"C\u2019est l\u2019heure de la reconnexion \u00e0 La Seyne"},"content":{"rendered":"\n<p>\u00ab\u00a0Une reconnexion profonde \u00e0 la nature\u00a0\u00bb<\/p>\n<p>Cr\u00e9\u00e9e fin 2024 et soutenue par un comit\u00e9 international de scientifiques, artistes et \u00e9ducateurs, ReconnectNature souhaite \u00ab\u00a0favoriser une reconnexion profonde \u00e0 la nature et promouvoir une transition \u00e9cologique syst\u00e9mique en m\u00ealant art, science et \u00e9ducation\u00a0\u00bb. Partant du constat qu\u2019\u00ab\u00a0un tiers des enfants de 8 \u00e0 12\u00a0ans ne savent plus distinguer une figure d\u2019une courgette\u00a0\u00bb ou encore que \u00ab\u00a0dans le Var, moins de 10% de l\u2019alimentation est produite localement\u00a0\u00bb, elle invite \u00e0 cr\u00e9er des synergies entre acteurs engag\u00e9s mais \u00ab\u00a0souvent isol\u00e9s\u00a0\u00bb, dans l\u2019optique de \u00ab\u00a0r\u00e9ussir la transition \u00e9cologique, sociale et \u00e9conomique\u00a0\u00bb.<\/p>\n<p>Pour ce faire, l\u2019association insiste sur l\u2019importance de cr\u00e9er des liens \u00ab\u00a0avec la nature, entre g\u00e9n\u00e9rations et disciplines, d\u2019entraide et de coop\u00e9ration\u00a0\u00bb, afin que l\u2019environnement devienne une source d\u2019inspiration plut\u00f4t que d\u2019anxi\u00e9t\u00e9. Elle promeut ainsi l\u2019approche dite des \u00ab\u00a05 chemins\u00a0\u00bb (contact, \u00e9motion, sens, compassion, beaut\u00e9) et collabore pour l\u2019\u00e9v\u00e9nement avec&#8230; Jean-Louis Masson &#8211;\u00a0homonyme du pr\u00e9sident du d\u00e9partement, artiste engag\u00e9 dans les transitions\u00a0&#8211; qui adapte son concept \u00ab\u00a0\u00c0 Travers Champs\u00a0\u00bb, consistant lui aussi \u00e0 relier les acteurs engag\u00e9s.<\/p>\n<p>Au-del\u00e0 des discussions entre acteurs, qui auront lieu de 9h \u00e0 17h, le grand public, des plus aux moins jeunes, est \u00e9galement invit\u00e9 \u00e0 participer, de 13h30 \u00e0 16h30, avec une balade anim\u00e9e, des stands d\u2019informations et un atelier land art (conception d\u2019\u0153uvres avec des mat\u00e9riaux naturels). Afin que chacun puisse entamer sa reconnexion.<\/p>\n","protected":false},"excerpt":{"rendered":"\u00ab\u00a0Une reconnexion profonde \u00e0 la nature\u00a0\u00bb Cr\u00e9\u00e9e fin 2024 et soutenue par un comit\u00e9 international de scientifiques, artistes&hellip;\n","protected":false},"author":2,"featured_media":404464,"comment_status":"","ping_status":"","sticky":false,"template":"","format":"standard","meta":{"footnotes":""},"categories":[9619],"tags":[1111,11,7819,1777,674,1011,27,12,882,25,2310],"class_list":{"0":"post-404463","1":"post","2":"type-post","3":"status-publish","4":"format-standard","5":"has-post-thumbnail","7":"category-toulon","8":"tag-actu","9":"tag-actualites","10":"tag-collectif","11":"tag-eu","12":"tag-europe","13":"tag-fr","14":"tag-france","15":"tag-news","16":"tag-provence-alpes-cote-dazur","17":"tag-republique-francaise","18":"tag-toulon"},"share_on_mastodon":{"url":"https:\/\/pubeurope.com\/@fr\/115235822203585905","error":""},"_links":{"self":[{"href":"https:\/\/www.europesays.com\/fr\/wp-json\/wp\/v2\/posts\/404463","targetHints":{"allow":["GET"]}}],"collection":[{"href":"https:\/\/www.europesays.com\/fr\/wp-json\/wp\/v2\/posts"}],"about":[{"href":"https:\/\/www.europesays.com\/fr\/wp-json\/wp\/v2\/types\/post"}],"author":[{"embeddable":true,"href":"https:\/\/www.europesays.com\/fr\/wp-json\/wp\/v2\/users\/2"}],"replies":[{"embeddable":true,"href":"https:\/\/www.europesays.com\/fr\/wp-json\/wp\/v2\/comments?post=404463"}],"version-history":[{"count":0,"href":"https:\/\/www.europesays.com\/fr\/wp-json\/wp\/v2\/posts\/404463\/revisions"}],"wp:featuredmedia":[{"embeddable":true,"href":"https:\/\/www.europesays.com\/fr\/wp-json\/wp\/v2\/media\/404464"}],"wp:attachment":[{"href":"https:\/\/www.europesays.com\/fr\/wp-json\/wp\/v2\/media?parent=404463"}],"wp:term":[{"taxonomy":"category","embeddable":true,"href":"https:\/\/www.europesays.com\/fr\/wp-json\/wp\/v2\/categories?post=404463"},{"taxonomy":"post_tag","embeddable":true,"href":"https:\/\/www.europesays.com\/fr\/wp-json\/wp\/v2\/tags?post=404463"}],"curies":[{"name":"wp","href":"https:\/\/api.w.org\/{rel}","templated":true}]}}