{"id":404483,"date":"2025-09-20T09:13:26","date_gmt":"2025-09-20T09:13:26","guid":{"rendered":"https:\/\/www.europesays.com\/fr\/404483\/"},"modified":"2025-09-20T09:13:26","modified_gmt":"2025-09-20T09:13:26","slug":"la-veritable-legende-des-ponts-couverts","status":"publish","type":"post","link":"https:\/\/www.europesays.com\/fr\/404483\/","title":{"rendered":"La v\u00e9ritable l\u00e9gende des ponts couverts"},"content":{"rendered":"<p>Le r\u00e9seau des m\u00e9diath\u00e8ques de la vall\u00e9e de Kaysersberg a programm\u00e9 un spectacle pour enfants, La v\u00e9ritable l\u00e9gende des ponts couverts,  mercredi 24\u00a0septembre \u00e0 15\u00a0h \u00e0 la m\u00e9diath\u00e8que de Kaysersberg.<\/p>\n<p>\u00ab\u00a0Dans une Alsace m\u00e9di\u00e9vale imaginaire, retrouvez un inf\u00e2me g\u00e9ant, une princesse un peu trop casse-cou et sa cigogne, une flammekueche empoisonn\u00e9e, et le courageux Spooki Dingler\u00a0\u00bb.<\/p>\n<p>Spectacle f\u00e9erique illustr\u00e9 de papier projet\u00e9 et de jazz d\u2019\u00c9douard S\u00e9ro-Guillaume et Guillaume Nuss. Gratuit. Dur\u00e9e une heure (d\u00e8s 5 ans).<\/p>\n<p class=\"note\">R\u00e9servations au 03\u00a089\u00a047\u00a035\u00a035 ou mediatheque@cc-kaysersberg.fr<\/p>\n","protected":false},"excerpt":{"rendered":"Le r\u00e9seau des m\u00e9diath\u00e8ques de la vall\u00e9e de Kaysersberg a programm\u00e9 un spectacle pour enfants, La v\u00e9ritable l\u00e9gende&hellip;\n","protected":false},"author":2,"featured_media":404484,"comment_status":"","ping_status":"","sticky":false,"template":"","format":"standard","meta":{"footnotes":""},"categories":[2820],"tags":[1111,11,1687,2413,1777,674,1011,27,775,53598,12,25,53599,3140,640],"class_list":{"0":"post-404483","1":"post","2":"type-post","3":"status-publish","4":"format-standard","5":"has-post-thumbnail","7":"category-strasbourg","8":"tag-actu","9":"tag-actualites","10":"tag-culture-loisirs","11":"tag-edition-colmar-guebwiller","12":"tag-eu","13":"tag-europe","14":"tag-fr","15":"tag-france","16":"tag-grand-est","17":"tag-kaysersberg-vignoble","18":"tag-news","19":"tag-republique-francaise","20":"tag-secteur-de-kaysersberg","21":"tag-spectacle","22":"tag-strasbourg"},"share_on_mastodon":{"url":"https:\/\/pubeurope.com\/@fr\/115235861521788779","error":""},"_links":{"self":[{"href":"https:\/\/www.europesays.com\/fr\/wp-json\/wp\/v2\/posts\/404483","targetHints":{"allow":["GET"]}}],"collection":[{"href":"https:\/\/www.europesays.com\/fr\/wp-json\/wp\/v2\/posts"}],"about":[{"href":"https:\/\/www.europesays.com\/fr\/wp-json\/wp\/v2\/types\/post"}],"author":[{"embeddable":true,"href":"https:\/\/www.europesays.com\/fr\/wp-json\/wp\/v2\/users\/2"}],"replies":[{"embeddable":true,"href":"https:\/\/www.europesays.com\/fr\/wp-json\/wp\/v2\/comments?post=404483"}],"version-history":[{"count":0,"href":"https:\/\/www.europesays.com\/fr\/wp-json\/wp\/v2\/posts\/404483\/revisions"}],"wp:featuredmedia":[{"embeddable":true,"href":"https:\/\/www.europesays.com\/fr\/wp-json\/wp\/v2\/media\/404484"}],"wp:attachment":[{"href":"https:\/\/www.europesays.com\/fr\/wp-json\/wp\/v2\/media?parent=404483"}],"wp:term":[{"taxonomy":"category","embeddable":true,"href":"https:\/\/www.europesays.com\/fr\/wp-json\/wp\/v2\/categories?post=404483"},{"taxonomy":"post_tag","embeddable":true,"href":"https:\/\/www.europesays.com\/fr\/wp-json\/wp\/v2\/tags?post=404483"}],"curies":[{"name":"wp","href":"https:\/\/api.w.org\/{rel}","templated":true}]}}