{"id":404485,"date":"2025-09-20T09:14:19","date_gmt":"2025-09-20T09:14:19","guid":{"rendered":"https:\/\/www.europesays.com\/fr\/404485\/"},"modified":"2025-09-20T09:14:19","modified_gmt":"2025-09-20T09:14:19","slug":"deux-accidents-au-nord-de-colmar-et-pres-de-25-km-de-bouchons","status":"publish","type":"post","link":"https:\/\/www.europesays.com\/fr\/404485\/","title":{"rendered":"deux accidents au nord de Colmar et pr\u00e8s de 25 km de bouchons"},"content":{"rendered":"<p>Deux accidents sont survenus au m\u00eame moment entre Colmar et S\u00e9lestat, ce vendredi 19 septembre en fin d&rsquo;apr\u00e8s-midi.<\/p>\n<p>Une premi\u00e8re collision a eu lieu dans le sens Strasbourg-Colmar vers 17h\u00a0\u00e0 hauteur de\u00a0Bergheim.\u00a0Deux voitures sont entr\u00e9es en collision sur la voie de gauche, perturbant fortement le trafic \u00e0 cette heure de pointe. Les secours ainsi que les \u00e9quipes de la CEA se sont rendus sur place. Une personne, un homme de 29 ans a \u00e9t\u00e9 bless\u00e9 l\u00e9g\u00e8rement et l&rsquo;une des voitures a d\u00fb \u00eatre d\u00e9pann\u00e9e.<br \/>\u00c0 18h, un bouchon de 14km s&rsquo;est form\u00e9 jusqu&rsquo;au nord de S\u00e9lestat.<\/p>\n<p>Une demi-heure plus tard, dans le sens Colmar-Strasbourg \u00e0 hauteur de d&rsquo;Ostheim, ce sont cinq voitures qui se sont rentr\u00e9es dedans, \u00e9galement sur la voie de gauche. L\u00e0 aussi les secours et la CEA se sont rendus sur place. Les pompiers ont pris en charge deux femmes, bless\u00e9es l\u00e9g\u00e8rement. Un bouchon de 9km s&rsquo;est form\u00e9 au plus fort des perturbations sur le contournement de Colmar. \u00c0 19h la circulation a pu reprendre normalement.<\/p>\n","protected":false},"excerpt":{"rendered":"Deux accidents sont survenus au m\u00eame moment entre Colmar et S\u00e9lestat, ce vendredi 19 septembre en fin d&rsquo;apr\u00e8s-midi.&hellip;\n","protected":false},"author":2,"featured_media":404486,"comment_status":"","ping_status":"","sticky":false,"template":"","format":"standard","meta":{"footnotes":""},"categories":[2820],"tags":[119,1111,11,2389,2413,3143,1777,674,274,107,1011,27,775,1637,12,25,640],"class_list":{"0":"post-404485","1":"post","2":"type-post","3":"status-publish","4":"format-standard","5":"has-post-thumbnail","7":"category-strasbourg","8":"tag-accident","9":"tag-actu","10":"tag-actualites","11":"tag-alsace","12":"tag-edition-colmar-guebwiller","13":"tag-edition-selestat-erstein","14":"tag-eu","15":"tag-europe","16":"tag-faits-divers-justice","17":"tag-fil-info","18":"tag-fr","19":"tag-france","20":"tag-grand-est","21":"tag-haut-rhin","22":"tag-news","23":"tag-republique-francaise","24":"tag-strasbourg"},"share_on_mastodon":{"url":"https:\/\/pubeurope.com\/@fr\/115235865610296467","error":""},"_links":{"self":[{"href":"https:\/\/www.europesays.com\/fr\/wp-json\/wp\/v2\/posts\/404485","targetHints":{"allow":["GET"]}}],"collection":[{"href":"https:\/\/www.europesays.com\/fr\/wp-json\/wp\/v2\/posts"}],"about":[{"href":"https:\/\/www.europesays.com\/fr\/wp-json\/wp\/v2\/types\/post"}],"author":[{"embeddable":true,"href":"https:\/\/www.europesays.com\/fr\/wp-json\/wp\/v2\/users\/2"}],"replies":[{"embeddable":true,"href":"https:\/\/www.europesays.com\/fr\/wp-json\/wp\/v2\/comments?post=404485"}],"version-history":[{"count":0,"href":"https:\/\/www.europesays.com\/fr\/wp-json\/wp\/v2\/posts\/404485\/revisions"}],"wp:featuredmedia":[{"embeddable":true,"href":"https:\/\/www.europesays.com\/fr\/wp-json\/wp\/v2\/media\/404486"}],"wp:attachment":[{"href":"https:\/\/www.europesays.com\/fr\/wp-json\/wp\/v2\/media?parent=404485"}],"wp:term":[{"taxonomy":"category","embeddable":true,"href":"https:\/\/www.europesays.com\/fr\/wp-json\/wp\/v2\/categories?post=404485"},{"taxonomy":"post_tag","embeddable":true,"href":"https:\/\/www.europesays.com\/fr\/wp-json\/wp\/v2\/tags?post=404485"}],"curies":[{"name":"wp","href":"https:\/\/api.w.org\/{rel}","templated":true}]}}