{"id":404505,"date":"2025-09-20T09:25:12","date_gmt":"2025-09-20T09:25:12","guid":{"rendered":"https:\/\/www.europesays.com\/fr\/404505\/"},"modified":"2025-09-20T09:25:12","modified_gmt":"2025-09-20T09:25:12","slug":"a-marseille-une-fausse-vente-aux-encheres-pour-denoncer-le-patrimoine-brade-par-le-departement","status":"publish","type":"post","link":"https:\/\/www.europesays.com\/fr\/404505\/","title":{"rendered":"\u00c0 Marseille, une fausse vente aux ench\u00e8res pour d\u00e9noncer le patrimoine \u00ab\u00a0brad\u00e9\u00a0\u00bb par le D\u00e9partement"},"content":{"rendered":"<p>Sur l\u2019\u00e9troit trottoir qui dessert l\u2019entr\u00e9e de l\u2019ancien tribunal administratif de Marseille, trois caisses en plastique empil\u00e9es recouvertes d\u2019un drap noir font office de pupitre. Costume sombre, Dominique Dias manie un rouleau \u00e0 p\u00e2tisserie en guise de marteau de juge. \u00ab\u00a0Un bien public est \u00e0 la vente pour les investisseurs. 1\u00a0130\u00a0m\u00b2 super bien plac\u00e9s, qui pourront devenir h\u00f4tel de luxe ou tout ce que vous voulez\u00a0\u00bb, lance-t-il \u00e0 trois autres militants \u00e9cologistes qui font office d\u2019acheteurs\u00a0: promoteur immobilier, sp\u00e9culateur et investisseur de luxe. \u00ab\u00a0C\u2019est un b\u00e2timent de belle facture, avec peu de d\u00e9sordre apparent ni de d\u00e9sordre connu \u00e0 l\u2019int\u00e9rieur\u00a0\u00bb, observe en connaisseur Dominique Dias, <a href=\"https:\/\/www.laprovence.com\/article\/region\/23839598723195\/habitat-indigne-a-marseille-un-travail-titanesque-l-eviction-de-l-ancien-chef-de-service-devant-les-juges\" target=\"_blank\" rel=\"noopener\">ancien chef du service de la s\u00e9curit\u00e9 des immeubles \u00e0 la Ville<\/a>.<\/p>\n<p>Au n\u00b022 de la rue Breteuil (6e), que les voitures remontent \u00e0 vive allure, le b\u00e2timent est d\u00e9saffect\u00e9 depuis le d\u00e9part de la juridiction vers la Joliette, en\u00a02022. Propri\u00e9t\u00e9 du Conseil d\u00e9partemental, cet ancien h\u00f4tel particulier du XIXe fait partie du patrimoine immobilier dont la collectivit\u00e9 veut se s\u00e9parer. Vendredi 12\u00a0septembre, il a vot\u00e9 sa cession \u00e0 un promoteur pour en faire un h\u00f4tel de 42 chambres, pour un montant &#8211; r\u00e9el, lui &#8211; d&#8230;<\/p>\n","protected":false},"excerpt":{"rendered":"Sur l\u2019\u00e9troit trottoir qui dessert l\u2019entr\u00e9e de l\u2019ancien tribunal administratif de Marseille, trois caisses en plastique empil\u00e9es recouvertes&hellip;\n","protected":false},"author":2,"featured_media":404506,"comment_status":"","ping_status":"","sticky":false,"template":"","format":"standard","meta":{"footnotes":""},"categories":[2814],"tags":[17,1111,11,1007,13677,1777,674,24567,1011,27,884,12,316,471,882,25,96,4100],"class_list":{"0":"post-404505","1":"post","2":"type-post","3":"status-publish","4":"format-standard","5":"has-post-thumbnail","7":"category-marseille","8":"tag-17","9":"tag-actu","10":"tag-actualites","11":"tag-aux","12":"tag-encheres","13":"tag-eu","14":"tag-europe","15":"tag-fausse","16":"tag-fr","17":"tag-france","18":"tag-marseille","19":"tag-news","20":"tag-politique","21":"tag-pour","22":"tag-provence-alpes-cote-dazur","23":"tag-republique-francaise","24":"tag-une","25":"tag-vente"},"share_on_mastodon":{"url":"https:\/\/pubeurope.com\/@fr\/115235908697539671","error":""},"_links":{"self":[{"href":"https:\/\/www.europesays.com\/fr\/wp-json\/wp\/v2\/posts\/404505","targetHints":{"allow":["GET"]}}],"collection":[{"href":"https:\/\/www.europesays.com\/fr\/wp-json\/wp\/v2\/posts"}],"about":[{"href":"https:\/\/www.europesays.com\/fr\/wp-json\/wp\/v2\/types\/post"}],"author":[{"embeddable":true,"href":"https:\/\/www.europesays.com\/fr\/wp-json\/wp\/v2\/users\/2"}],"replies":[{"embeddable":true,"href":"https:\/\/www.europesays.com\/fr\/wp-json\/wp\/v2\/comments?post=404505"}],"version-history":[{"count":0,"href":"https:\/\/www.europesays.com\/fr\/wp-json\/wp\/v2\/posts\/404505\/revisions"}],"wp:featuredmedia":[{"embeddable":true,"href":"https:\/\/www.europesays.com\/fr\/wp-json\/wp\/v2\/media\/404506"}],"wp:attachment":[{"href":"https:\/\/www.europesays.com\/fr\/wp-json\/wp\/v2\/media?parent=404505"}],"wp:term":[{"taxonomy":"category","embeddable":true,"href":"https:\/\/www.europesays.com\/fr\/wp-json\/wp\/v2\/categories?post=404505"},{"taxonomy":"post_tag","embeddable":true,"href":"https:\/\/www.europesays.com\/fr\/wp-json\/wp\/v2\/tags?post=404505"}],"curies":[{"name":"wp","href":"https:\/\/api.w.org\/{rel}","templated":true}]}}