{"id":404515,"date":"2025-09-20T09:31:11","date_gmt":"2025-09-20T09:31:11","guid":{"rendered":"https:\/\/www.europesays.com\/fr\/404515\/"},"modified":"2025-09-20T09:31:11","modified_gmt":"2025-09-20T09:31:11","slug":"la-venue-de-raphael-enthoven-dans-une-fnac-de-paris-perturbee","status":"publish","type":"post","link":"https:\/\/www.europesays.com\/fr\/404515\/","title":{"rendered":"la venue de Rapha\u00ebl Enthoven dans une Fnac de Paris perturb\u00e9e"},"content":{"rendered":"<p>            Par<br \/>\n        <strong><br \/>\n            <a href=\"https:\/\/actu.fr\/auteur\/glenn-gillet\" title=\"Consulter tous les articles de Glenn Gillet\" target=\"_blank\" rel=\"noopener\">Glenn Gillet<\/a><br \/>\n        <\/strong><\/p>\n<p>        Publi\u00e9 le<\/p>\n<p>            20 sept. 2025 \u00e0 11h14        <\/p>\n<p>La pr\u00e9sentation du dernier roman de <a href=\"https:\/\/actu.fr\/ile-de-france\/rambouillet_78517\/yvelines-festival-des-mots-a-rambouillet-raphael-enthoven-rattrape-par-le-cycle-de-la-vie_45732643.html\" target=\"_blank\" rel=\"noopener\">Rapha\u00ebl Enthoven<\/a> \u00e0 la Fnac de Saint-Lazare, \u00e0 <strong>Paris<\/strong>, ne s\u2019est <strong>pas d\u00e9roul\u00e9e comme pr\u00e9vu<\/strong> pour les organisateurs. Alors que le m\u00e9diatique essayiste \u00e9tait venu \u00e9changer autour de son dernier ouvrage portant sur la maladie et la mort de sa m\u00e8re, L\u2019Albatros, plusieurs dizaines de <a href=\"https:\/\/actu.fr\/politique\/le-ministere-s-oppose-aux-drapeaux-palestiniens-sur-les-mairies-que-risquent-celles-qui-le-hissent-quand-meme_63185466.html\" target=\"_blank\" rel=\"noopener\">militants propalestiniens<\/a>\u00a0sont intervenus pour <strong>perturber<\/strong> la rencontre vendredi 19\u00a0septembre 2025 en d\u00e9but de soir\u00e9e. En cause\u2009: les prises de position de Rapha\u00ebl Enthoven sur la situation \u00e0 <a href=\"https:\/\/actu.fr\/tag\/gaza\" target=\"_blank\" rel=\"noopener\">Gaza<\/a>.<\/p>\n<p>\u00ab\u2009Il n\u2019y a aucun journaliste \u00e0 Gaza\u2009\u00bb<\/p>\n<p class=\" wall-content\">Partisan d\u2019une offensive isra\u00e9lienne dans l\u2019enclave palestinienne afin de lib\u00e9rer les derniers otages et de d\u00e9truire le Hamas, Rapha\u00ebl Enthoven est accus\u00e9 de \u00ab\u2009sionisme\u2009\u00bb par ceux qui d\u00e9noncent le \u00ab\u2009g\u00e9nocide\u2009\u00bb de la population gazaouie commis par Tsahal. Le 15\u00a0ao\u00fbt, apr\u00e8s l\u2019assassinat de plusieurs journalistes pr\u00e9sent\u00e9s par Isra\u00ebl comme des membres du Hamas qui avait provoqu\u00e9 un toll\u00e9 jusqu\u2019\u00e0 susciter la r\u00e9probation du minist\u00e8re fran\u00e7ais des Affaires \u00e9trang\u00e8res, Rapha\u00ebl Enthoven avait affirm\u00e9 <a href=\"https:\/\/x.com\/Enthoven_R\/status\/1956321022388338970\">sur le r\u00e9seau X<\/a> qu\u2019\u00ab\u2009Il n\u2019y a aucun journaliste \u00e0 Gaza. <strong>Uniquement des tueurs<\/strong>, des combattants ou des preneurs d\u2019otages avec une carte de presse\u2009\u00bb. Pourtant selon <a href=\"https:\/\/www.lemonde.fr\/actualite-medias\/article\/2025\/09\/01\/journalistes-morts-a-gaza-dans-une-tribune-de-nombreuses-societes-de-journalistes-se-joignent-a-la-mobilisation-de-reporters-sans-frontieres_6638002_3236.html#:~:text=Au%20total%2C%20ce%20sont%20220,l&#039;exercice%20de%20leur%20fonction.\" target=\"_blank\" rel=\"noopener\">Reporters sans fronti\u00e8res<\/a>, ce sont bien plus de 220 journalistes qui ont \u00e9t\u00e9 tu\u00e9s par l\u2019arm\u00e9e isra\u00e9lienne depuis le 7\u00a0octobre 2023.<\/p>\n<p class=\" wall-content\">Il avait <strong>r\u00e9trop\u00e9dal\u00e9<\/strong> quelques semaines plus tard, jugeant sa d\u00e9claration \u00ab\u2009malheureuse\u2009\u00bb et affirmant\u2009: \u00ab\u2009Je n\u2019aurais jamais d\u00fb \u00e9crire la phrase \u2018Il n\u2019y a aucun journaliste \u00e0 Gaza\u2019\u00bb, ajoutant que \u00ab\u2009m\u00eame si des combattants du Hamas n\u2019h\u00e9sitent pas \u00e0 porter des gilets presse, m\u00eame si des dizaines de pseudos journalistes sont en r\u00e9alit\u00e9 l\u00e0-bas des cadres de l\u2019organisation terroriste, m\u00eame si c\u2019est difficile, impossible de travailler l\u00e0-bas sans que le Hamas ne vous surveille, il y a sur place des gens qui tentent, au p\u00e9ril de leur vie, d\u2019exercer leur m\u00e9tier dans l\u2019ind\u00e9pendance et il faut leur rendre hommage\u2009\u00bb, estimant que ces journalistes sont des \u00ab\u2009cas particuliers qui m\u00e9ritent qu\u2019on les honore\u2009\u00bb.<\/p>\n<p class=\" wall-content\">Cette nuance apport\u00e9e par Rapha\u00ebl Enthoven n\u2019a pas suffi \u00e0 <strong>calmer la col\u00e8re<\/strong> des soutiens des Palestiniens, qui se sont donc mobilis\u00e9s pour tenter d\u2019emp\u00eacher son intervention \u00e0 l\u2019appel notamment de la CGT Fnac Paris, de l\u2019association Coordination des appels pour une paix juste au Proche-Orient-EuroPalestine, qui d\u00e9noncent par ailleurs le choix m\u00eame de la Fnac d\u2019avoir invit\u00e9 Rapha\u00ebl Enthoven Une d\u00e9marche encourag\u00e9e notamment par le d\u00e9put\u00e9 de Seine-Saint-Denis Thomas Portes (La France insoumise).<\/p>\n<p class=\" wall-content\">\n<p>Interventions, chants et drapeaux dans la Fnac<\/p>\n<p class=\" wall-content\">Sur des vid\u00e9os publi\u00e9es sur les r\u00e9seaux sociaux aussi bien par des partisans de Rapha\u00ebl Enthoven que par des militants propalestiniens ainsi que par l\u2019agence CLPress, tous pr\u00e9sents sur place, on voit notamment des militantes se lever au milieu d\u2019un public de quelques dizaines de personnes pour accuser d\u00e9noncer le fait que les journalistes assassin\u00e9s \u00e0 Gaza \u00ab\u2009ne sont pas des terroristes\u2009\u00bb ou accusant encore l\u2019\u00e9crivain d\u2019\u00eatre<strong> \u00ab\u2009pro-g\u00e9nocidaire\u2009<\/strong>\u00bb. Elles sont alors rapidement expuls\u00e9es de la salle par des agents de s\u00e9curit\u00e9. Des dizaines d\u2019autres militants ont \u00e9galement d\u00e9ambul\u00e9 dans les rayons du magasin en criant, drapeau palestinien \u00e0 la main, \u00ab\u2009Free Palestine\u2009\u00bb ou encore \u00ab\u2009Nous sommes tous des enfants de Gaza\u2009\u00bb.<\/p>\n<p class=\" wall-content\">\n<p class=\" wall-content\">Face \u00e0 cette mobilisation, l\u2019essayiste a r\u00e9agi sur <a href=\"https:\/\/x.com\/Enthoven_R\/status\/1969022679069171856\">le r\u00e9seau X<\/a>\u2009: \u00ab\u2009\u00c0 tous ceux qui croient r\u00e9ussir, par l\u2019intimidation, \u00e0 m\u2019emp\u00eacher de parler, comme au mis\u00e9rable d\u00e9put\u00e9 qui les y encourage (Thomas Portes, NDLR)\u2009: <strong>vous ne me faites pas peur<\/strong> et vous ne me ferez jamais taire. Je vais o\u00f9 je veux. Je dis ce que je veux\u2009\u00bb.<\/p>\n<p class=\" wall-content\">Personnalisez votre actualit\u00e9 en ajoutant vos villes et m\u00e9dias en favori avec <a href=\"https:\/\/moncompte.actu.fr\" title=\"D\u00e9couvez Mon Actu\" rel=\"nofollow noopener\" data-trk=\"{&quot;cta&quot;:{&quot;action&quot;:&quot;https:\\\/\\\/moncompte.actu.fr&quot;,&quot;category&quot;:&quot;mon compte&quot;,&quot;from&quot;:&quot;article footer&quot;,&quot;name&quot;:&quot;Mon actu&quot;,&quot;type&quot;:&quot;cta&quot;}}\" target=\"_blank\">Mon Actu<\/a>.<\/p>\n","protected":false},"excerpt":{"rendered":"Par Glenn Gillet Publi\u00e9 le 20 sept. 2025 \u00e0 11h14 La pr\u00e9sentation du dernier roman de Rapha\u00ebl Enthoven&hellip;\n","protected":false},"author":2,"featured_media":404516,"comment_status":"","ping_status":"","sticky":false,"template":"","format":"standard","meta":{"footnotes":""},"categories":[1888],"tags":[1111,1928,11,1927,1777,674,1011,27,665,5643,1380,12,1926,626,1925,25,104],"class_list":{"0":"post-404515","1":"post","2":"type-post","3":"status-publish","4":"format-standard","5":"has-post-thumbnail","7":"category-paris","8":"tag-actu","9":"tag-actu-paris","10":"tag-actualites","11":"tag-actualites-paris","12":"tag-eu","13":"tag-europe","14":"tag-fr","15":"tag-france","16":"tag-gaza","17":"tag-guerre-israel-hamas","18":"tag-livres","19":"tag-news","20":"tag-news-paris","21":"tag-paris","22":"tag-paris-news","23":"tag-republique-francaise","24":"tag-societe"},"share_on_mastodon":{"url":"https:\/\/pubeurope.com\/@fr\/115235932300446899","error":""},"_links":{"self":[{"href":"https:\/\/www.europesays.com\/fr\/wp-json\/wp\/v2\/posts\/404515","targetHints":{"allow":["GET"]}}],"collection":[{"href":"https:\/\/www.europesays.com\/fr\/wp-json\/wp\/v2\/posts"}],"about":[{"href":"https:\/\/www.europesays.com\/fr\/wp-json\/wp\/v2\/types\/post"}],"author":[{"embeddable":true,"href":"https:\/\/www.europesays.com\/fr\/wp-json\/wp\/v2\/users\/2"}],"replies":[{"embeddable":true,"href":"https:\/\/www.europesays.com\/fr\/wp-json\/wp\/v2\/comments?post=404515"}],"version-history":[{"count":0,"href":"https:\/\/www.europesays.com\/fr\/wp-json\/wp\/v2\/posts\/404515\/revisions"}],"wp:featuredmedia":[{"embeddable":true,"href":"https:\/\/www.europesays.com\/fr\/wp-json\/wp\/v2\/media\/404516"}],"wp:attachment":[{"href":"https:\/\/www.europesays.com\/fr\/wp-json\/wp\/v2\/media?parent=404515"}],"wp:term":[{"taxonomy":"category","embeddable":true,"href":"https:\/\/www.europesays.com\/fr\/wp-json\/wp\/v2\/categories?post=404515"},{"taxonomy":"post_tag","embeddable":true,"href":"https:\/\/www.europesays.com\/fr\/wp-json\/wp\/v2\/tags?post=404515"}],"curies":[{"name":"wp","href":"https:\/\/api.w.org\/{rel}","templated":true}]}}