{"id":404521,"date":"2025-09-20T09:34:13","date_gmt":"2025-09-20T09:34:13","guid":{"rendered":"https:\/\/www.europesays.com\/fr\/404521\/"},"modified":"2025-09-20T09:34:13","modified_gmt":"2025-09-20T09:34:13","slug":"circulation-zones-fermees-et-animations","status":"publish","type":"post","link":"https:\/\/www.europesays.com\/fr\/404521\/","title":{"rendered":"Circulation, zones ferm\u00e9es et animations"},"content":{"rendered":"<p>Chaque premier dimanche du mois, <a href=\"https:\/\/www.20minutes.fr\/paris\/\" class=\"c-link c-link--is-underlined\" target=\"_blank\" rel=\"noopener\">Paris<\/a> change de rythme : la circulation motoris\u00e9e s\u2019interrompt et certaines rues prennent une autre allure. Cette parenth\u00e8se, suivie par de nombreux habitants, offre une occasion de red\u00e9couvrir la <a href=\"https:\/\/www.20minutes.fr\/dossier\/ville\" class=\"c-link c-link--is-underlined\" target=\"_blank\" rel=\"noopener\">ville<\/a> autrement.<\/p>\n<p>Paris Respire : le centre de la capitale sans voitures<\/p>\n<p>Un dimanche par mois, les quatre premiers arrondissements de Paris passent en zone \u00ab Paris Respire \u00bb, interdisant la circulation automobile sur la majorit\u00e9 des rues. Le dispositif, mis en place depuis le 7 octobre 2018, s\u2019\u00e9tend aussi \u00e0 l\u2019avenue des Champs-\u00c9lys\u00e9es et permet aux pi\u00e9tons de profiter du c\u0153ur de la capitale dans un calme in\u00e9dit. La prochaine \u00e9dition est pr\u00e9vue ce dimanche 21 septembre 2025, en plein week-end des <a href=\"https:\/\/www.20minutes.fr\/paris\/4173636-20250919-journees-patrimoine-2025-paris-visites-activites-originales-manquer\" target=\"_blank\" class=\"c-link c-link--is-underlined\" rel=\"noopener\">Journ\u00e9es du Patrimoine<\/a>.<\/p>\n<p>Cette mesure ne concerne toutefois pas tous les axes : \u00ab le boulevard de S\u00e9bastopol et les quais hauts restent ouverts \u00e0 la circulation des automobiles \u00bb, a pr\u00e9cis\u00e9 Christophe Najdovski, adjoint \u00e0 la Maire de Paris charg\u00e9 de la v\u00e9g\u00e9talisation de l\u2019espace public, des espaces verts, de la biodiversit\u00e9 et de la condition animale. Le programme \u00ab Paris Respire \u00bb, cr\u00e9\u00e9 en 2003, s\u2019applique aussi \u00e0 20 quartiers de la capitale chaque week-end et les jours f\u00e9ri\u00e9s, transformant ponctuellement certaines rues en espaces r\u00e9serv\u00e9s aux circulations douces.<\/p>\n<p>Quais libres : six kilom\u00e8tres pour respirer le long de la Seine<\/p>\n<p>Ce dimanche 21 septembre 2025, les quais d\u2019Asni\u00e8res-sur-Seine, Courbevoie et Puteaux se transforment en terrain de promenade g\u00e9ant. De 9 h \u00e0 16 h, six kilom\u00e8tres sont r\u00e9serv\u00e9s aux pi\u00e9tons, cyclistes, rollers et trottinettes, dans un cadre enti\u00e8rement s\u00e9curis\u00e9. Animations gratuites, initiations sportives, structures pour enfants, marquage de v\u00e9los et m\u00eame sc\u00e8ne musicale ponctueront le parcours. Des points de restauration permettront de faire une pause gourmande pour prolonger la balade en <a href=\"https:\/\/www.20minutes.fr\/dossier\/famille\" class=\"c-link c-link--is-underlined\" target=\"_blank\" rel=\"noopener\">famille<\/a> ou entre amis.<\/p>\n<p>Cette nouvelle \u00e9dition de \u00ab Quais libres \u00bb s\u2019inscrit dans une d\u00e9marche de valorisation des berges et de promotion des mobilit\u00e9s douces. En fermant les quais \u00e0 la circulation, les trois communes offrent un espace temporairement lib\u00e9r\u00e9 des voitures et propice aux rencontres. L\u2019\u00e9v\u00e9nement accompagne par ailleurs le projet d\u2019am\u00e9nagement d\u2019une promenade paysag\u00e8re de 800 m\u00e8tres qui viendra, \u00e0 terme, renforcer l\u2019attractivit\u00e9 de ce secteur et cr\u00e9er un lieu de d\u00e9tente durable.<\/p>\n<p>Pour l\u2019occasion, la circulation automobile sera coup\u00e9e dans les deux sens de 6 h \u00e0 18 h et le stationnement interdit d\u00e8s ce samedi soir sur l\u2019ensemble du parcours. Les visiteurs sont donc invit\u00e9s \u00e0 privil\u00e9gier les <a href=\"https:\/\/www.20minutes.fr\/dossier\/transports_en_commun\" class=\"c-link c-link--is-underlined\" target=\"_blank\" rel=\"noopener\">transports en commun<\/a> ou la bicyclette pour profiter pleinement de cette journ\u00e9e plac\u00e9e sous le signe de la convivialit\u00e9 et de la red\u00e9couverte des bords de <a href=\"https:\/\/www.20minutes.fr\/dossier\/seine\" class=\"c-link c-link--is-underlined\" target=\"_blank\" rel=\"noopener\">Seine<\/a>.<\/p>\n<p>Paris Respire toute l\u2019ann\u00e9e<\/p>\n<p>Toute l\u2019ann\u00e9e, plusieurs secteurs parisiens passent r\u00e9guli\u00e8rement en mode sans voitures, avec des cr\u00e9neaux r\u00e9currents qui rendent la marche et le <a href=\"https:\/\/www.20minutes.fr\/dossier\/velo\" class=\"c-link c-link--is-underlined\" target=\"_blank\" rel=\"noopener\">v\u00e9lo<\/a> plus simples. Le principe est constant, seuls varient les jours et horaires selon les quartiers et la saison.<\/p>\n<p>Au centre, le Sentier dans le 2e s\u2019ouvre tous les dimanches et jours f\u00e9ri\u00e9s de 10 h \u00e0 18 h, jusqu\u2019\u00e0 19 h en \u00e9t\u00e9. Le Marais dans les 3e et 4e applique le dimanche de 10 h \u00e0 18 h d\u2019octobre \u00e0 mars et jusqu\u2019\u00e0 19 h 30 d\u2019avril \u00e0 septembre. Paris Centre, qui rassemble les 1er, 2e, 3e et 4e, bascule chaque premier dimanche du mois de 10 h \u00e0 18 h. Mouffetard dans le 5e suit le rythme des dimanches et jours f\u00e9ri\u00e9s de 10 h \u00e0 18 h toute l\u2019ann\u00e9e. Les Champs-\u00c9lys\u00e9es dans le 8e se ferment le premier dimanche du mois, sous r\u00e9serve d\u2019ajustements li\u00e9s \u00e0 l\u2019actualit\u00e9 avec p\u00e9rim\u00e8tre et horaires variables. Dans le 9e, la rue des Martyrs vit au pas pi\u00e9ton chaque samedi et dimanche de 10 h \u00e0 20 h toute l\u2019ann\u00e9e, tandis que l\u2019avenue Trudaine se r\u00e9serve aux d\u00e9placements doux les dimanches et jours f\u00e9ri\u00e9s de 14 h \u00e0 18 h, jusqu\u2019\u00e0 19 h en \u00e9t\u00e9. C\u00f4t\u00e9 10e, le canal Saint-Martin et le faubourg Saint-Denis passent en zone apais\u00e9e les dimanches et jours f\u00e9ri\u00e9s de 10 h \u00e0 18 h toute l\u2019ann\u00e9e, jusqu\u2019\u00e0 20 h l\u2019\u00e9t\u00e9. Dans le 11e, la rue de la Roquette adopte des horaires d\u2019hiver de 10 h \u00e0 18 h et d\u2019\u00e9t\u00e9 de 10 h \u00e0 20 h les dimanches et jours f\u00e9ri\u00e9s. Le quartier d\u2019Aligre dans le 12e op\u00e8re tous les dimanches de 10 h \u00e0 14 h.<\/p>\n<p>Les grands espaces verts s\u2019alignent \u00e9galement sur ce calendrier. Au Bois de Vincennes dans le 12e, la fermeture a lieu les dimanches et jours f\u00e9ri\u00e9s de 9 h \u00e0 20 h l\u2019\u00e9t\u00e9 et de 9 h \u00e0 18 h l\u2019hiver, sur l\u2019avenue du Tremblay entre l\u2019avenue de Nogent et la route du Champ de Man\u0153uvre ainsi que sur l\u2019avenue de la P\u00e9pini\u00e8re, l\u2019avenue de Fontenay et l\u2019avenue Anna Politkovskaia. Au Bois de Boulogne dans le 16e, le dispositif s\u2019applique les samedis, dimanches et jours f\u00e9ri\u00e9s de 9 h \u00e0 18 h toute l\u2019ann\u00e9e, notamment sur l\u2019avenue de la Reine-Marguerite entre la porte de Boulogne et la route de la Grande-Cascade ainsi que sur la route de l\u2019Hippodrome entre la route de S\u00e8vres \u00e0 Neuilly et l\u2019avenue de Saint-Cloud. \u00c0 l\u2019ouest et au nord, la rue des Moines dans le 17e s\u2019anime chaque dimanche de 10 h \u00e0 13 h, la rue du Poteau dans le 18e de 10 h \u00e0 14 h, Montmartre dans le 18e de 11 h \u00e0 19 h les dimanches et jours f\u00e9ri\u00e9s, Ch\u00e2teau Rouge dans le 18e chaque samedi de 11 h \u00e0 19 h, le Bassin de la Villette dans le 19e de 10 h \u00e0 18 h toute l\u2019ann\u00e9e avec une extension jusqu\u2019\u00e0 20 h l\u2019\u00e9t\u00e9, et Jourdain-Levert dans le 20e de 14 h \u00e0 18 h toute l\u2019ann\u00e9e avec une prolongation jusqu\u2019\u00e0 20 h pendant l\u2019\u00e9t\u00e9.<\/p>\n","protected":false},"excerpt":{"rendered":"Chaque premier dimanche du mois, Paris change de rythme : la circulation motoris\u00e9e s\u2019interrompt et certaines rues prennent&hellip;\n","protected":false},"author":2,"featured_media":404522,"comment_status":"","ping_status":"","sticky":false,"template":"","format":"standard","meta":{"footnotes":""},"categories":[1888],"tags":[11,436,1777,674,652,1011,27,26316,662,1393,12,626,1800,25,5896,2803,2216,4064],"class_list":{"0":"post-404521","1":"post","2":"type-post","3":"status-publish","4":"format-standard","5":"has-post-thumbnail","7":"category-paris","8":"tag-actualites","9":"tag-environnement","10":"tag-eu","11":"tag-europe","12":"tag-famille","13":"tag-fr","14":"tag-france","15":"tag-idees-de-sorties","16":"tag-ile-de-france","17":"tag-loisirs","18":"tag-news","19":"tag-paris","20":"tag-pollution","21":"tag-republique-francaise","22":"tag-tempo","23":"tag-transport","24":"tag-transports-en-commun","25":"tag-week-end"},"share_on_mastodon":{"url":"https:\/\/pubeurope.com\/@fr\/115235944130067148","error":""},"_links":{"self":[{"href":"https:\/\/www.europesays.com\/fr\/wp-json\/wp\/v2\/posts\/404521","targetHints":{"allow":["GET"]}}],"collection":[{"href":"https:\/\/www.europesays.com\/fr\/wp-json\/wp\/v2\/posts"}],"about":[{"href":"https:\/\/www.europesays.com\/fr\/wp-json\/wp\/v2\/types\/post"}],"author":[{"embeddable":true,"href":"https:\/\/www.europesays.com\/fr\/wp-json\/wp\/v2\/users\/2"}],"replies":[{"embeddable":true,"href":"https:\/\/www.europesays.com\/fr\/wp-json\/wp\/v2\/comments?post=404521"}],"version-history":[{"count":0,"href":"https:\/\/www.europesays.com\/fr\/wp-json\/wp\/v2\/posts\/404521\/revisions"}],"wp:featuredmedia":[{"embeddable":true,"href":"https:\/\/www.europesays.com\/fr\/wp-json\/wp\/v2\/media\/404522"}],"wp:attachment":[{"href":"https:\/\/www.europesays.com\/fr\/wp-json\/wp\/v2\/media?parent=404521"}],"wp:term":[{"taxonomy":"category","embeddable":true,"href":"https:\/\/www.europesays.com\/fr\/wp-json\/wp\/v2\/categories?post=404521"},{"taxonomy":"post_tag","embeddable":true,"href":"https:\/\/www.europesays.com\/fr\/wp-json\/wp\/v2\/tags?post=404521"}],"curies":[{"name":"wp","href":"https:\/\/api.w.org\/{rel}","templated":true}]}}