{"id":404525,"date":"2025-09-20T09:36:25","date_gmt":"2025-09-20T09:36:25","guid":{"rendered":"https:\/\/www.europesays.com\/fr\/404525\/"},"modified":"2025-09-20T09:36:25","modified_gmt":"2025-09-20T09:36:25","slug":"volodymyr-zelensky-va-rencontrer-donald-trump-en-marge-du-sommet-annuel-de-lonu","status":"publish","type":"post","link":"https:\/\/www.europesays.com\/fr\/404525\/","title":{"rendered":"Volodymyr Zelensky va rencontrer Donald Trump en marge du sommet annuel de l&rsquo;ONU"},"content":{"rendered":"<p>Les deux dirigeants \u00e9voqueront les garanties de s\u00e9curit\u00e9 en cas d\u2019accord de paix avec la Russie.<\/p>\n<p class=\"fig-paragraph\">Le pr\u00e9sident ukrainien\u00a0<a href=\"https:\/\/www.lefigaro.fr\/tag\/volodymyr-zelensky\" target=\"_blank\" rel=\"sponsored noopener nofollow\" data-gtm-custom-categorie=\"navigation\" data-gtm-custom-action=\"crossclick\" data-gtm-custom-label=\"Contextuel\" data-gtm-event=\"customEventSPE\">Volodymyr Zelensky<\/a>\u00a0a affirm\u00e9 samedi 20 septembre qu&rsquo;il rencontrerait son homologue am\u00e9ricain Donald Trump la semaine prochaine en marge de l&rsquo;Assembl\u00e9e g\u00e9n\u00e9rale de l&rsquo;<a href=\"https:\/\/www.lefigaro.fr\/tag\/onu\" target=\"_blank\" rel=\"sponsored noopener nofollow\" data-gtm-custom-categorie=\"navigation\" data-gtm-custom-action=\"crossclick\" data-gtm-custom-label=\"Contextuel\" data-gtm-event=\"customEventSPE\">ONU<\/a>\u00a0\u00e0\u00a0<a href=\"https:\/\/www.lefigaro.fr\/tag\/new-york\" target=\"_blank\" rel=\"sponsored noopener nofollow\" data-gtm-custom-categorie=\"navigation\" data-gtm-custom-action=\"crossclick\" data-gtm-custom-label=\"Contextuel\" data-gtm-event=\"customEventSPE\">New York<\/a>.<\/p>\n<p class=\"fig-paragraph\">Volodymyr Zelensky a d\u00e9clar\u00e9 \u00e0 un groupe de journalistes, dont l&rsquo;AFP, qu&rsquo;il aurait \u00abune r\u00e9union avec le pr\u00e9sident des \u00c9tats-Unis\u00bb, ses commentaires \u00e9tant plac\u00e9s sous embargo jusqu&rsquo;\u00e0 samedi. Il a pr\u00e9cis\u00e9 qu&rsquo;il \u00e9voquerait les garanties de s\u00e9curit\u00e9 en cas d&rsquo;accord de paix avec la Russie, mais aussi les sanctions contre Moscou que son pays r\u00e9clame aux \u00c9tats-Unis.<\/p>\n<p>                                    <a class=\"fig-a11y-skip a11y-hidden\" href=\"#fig-a11y-skip-main-inarticle\"><br \/>\n        Passer la publicit\u00e9<br \/>\n    <\/a><\/p>\n<p class=\"fig-paragraph\"><a href=\"http:\/\/www.lefigaro.fr\/international\/guerre-en-ukraine-trump-et-zelensky-devraient-se-rencontrer-la-semaine-prochaine-pour-discuter-des-efforts-de-paix-selon-rubio-20250916\" target=\"_blank\" data-fig-type=\"NewsFlash\" rel=\"noopener nofollow\" data-gtm-custom-categorie=\"navigation\" data-gtm-custom-action=\"crossclick\" data-gtm-custom-label=\"Contextuel\" data-gtm-event=\"customEventSPE\" data-fig-domain=\"LEFIGARO\">Donald Trump<\/a>\u00a0a estim\u00e9 ce jeudi que le pr\u00e9sident russe\u00a0<a href=\"http:\/\/www.lefigaro.fr\/international\/zapad-100-000-militaires-prennent-part-aux-exercices-russo-belarusses-affirme-vladimir-poutine-20250916\" target=\"_blank\" data-fig-type=\"NewsFlash\" rel=\"noopener nofollow\" data-gtm-custom-categorie=\"navigation\" data-gtm-custom-action=\"crossclick\" data-gtm-custom-label=\"Contextuel\" data-gtm-event=\"customEventSPE\" data-fig-domain=\"LEFIGARO\">Vladimir Poutine<\/a>, qui poursuit sa guerre en Ukraine malgr\u00e9 les efforts du pr\u00e9sident am\u00e9ricain pour tenter de mettre fin au conflit, l\u2019avait \u00abvraiment laiss\u00e9 tomber\u00bb.<\/p>\n","protected":false},"excerpt":{"rendered":"Les deux dirigeants \u00e9voqueront les garanties de s\u00e9curit\u00e9 en cas d\u2019accord de paix avec la Russie. Le pr\u00e9sident&hellip;\n","protected":false},"author":2,"featured_media":404526,"comment_status":"","ping_status":"","sticky":false,"template":"","format":"standard","meta":{"footnotes":""},"categories":[1590],"tags":[11,1777,674,131,12,220],"class_list":{"0":"post-404525","1":"post","2":"type-post","3":"status-publish","4":"format-standard","5":"has-post-thumbnail","7":"category-ukraine","8":"tag-actualites","9":"tag-eu","10":"tag-europe","11":"tag-guerre-en-ukraine","12":"tag-news","13":"tag-ukraine"},"share_on_mastodon":{"url":"https:\/\/pubeurope.com\/@fr\/115235952497466910","error":""},"_links":{"self":[{"href":"https:\/\/www.europesays.com\/fr\/wp-json\/wp\/v2\/posts\/404525","targetHints":{"allow":["GET"]}}],"collection":[{"href":"https:\/\/www.europesays.com\/fr\/wp-json\/wp\/v2\/posts"}],"about":[{"href":"https:\/\/www.europesays.com\/fr\/wp-json\/wp\/v2\/types\/post"}],"author":[{"embeddable":true,"href":"https:\/\/www.europesays.com\/fr\/wp-json\/wp\/v2\/users\/2"}],"replies":[{"embeddable":true,"href":"https:\/\/www.europesays.com\/fr\/wp-json\/wp\/v2\/comments?post=404525"}],"version-history":[{"count":0,"href":"https:\/\/www.europesays.com\/fr\/wp-json\/wp\/v2\/posts\/404525\/revisions"}],"wp:featuredmedia":[{"embeddable":true,"href":"https:\/\/www.europesays.com\/fr\/wp-json\/wp\/v2\/media\/404526"}],"wp:attachment":[{"href":"https:\/\/www.europesays.com\/fr\/wp-json\/wp\/v2\/media?parent=404525"}],"wp:term":[{"taxonomy":"category","embeddable":true,"href":"https:\/\/www.europesays.com\/fr\/wp-json\/wp\/v2\/categories?post=404525"},{"taxonomy":"post_tag","embeddable":true,"href":"https:\/\/www.europesays.com\/fr\/wp-json\/wp\/v2\/tags?post=404525"}],"curies":[{"name":"wp","href":"https:\/\/api.w.org\/{rel}","templated":true}]}}