{"id":404535,"date":"2025-09-20T09:41:10","date_gmt":"2025-09-20T09:41:10","guid":{"rendered":"https:\/\/www.europesays.com\/fr\/404535\/"},"modified":"2025-09-20T09:41:10","modified_gmt":"2025-09-20T09:41:10","slug":"rennes-il-y-a-eu-des-pseudo-menaces-les-parents-de-quentin-merlin-niront-pas-a-la-beaujoire","status":"publish","type":"post","link":"https:\/\/www.europesays.com\/fr\/404535\/","title":{"rendered":"Rennes\u00a0: \u00ab\u00a0Il y a eu des pseudo-menaces\u00a0\u00bb\u2026 Les parents de Quentin Merlin n\u2019iront pas \u00e0 la Beaujoire"},"content":{"rendered":"<p>Ce n\u2019est pas un match comme les autres. Et l\u2019\u00e9dition 2025-2025 du <a href=\"https:\/\/www.20minutes.fr\/sport\/3016819-20210410-rennes-fc-nantes-fou-irreel-racontent-epilogue-dernier-derby-roazhon-park\" target=\"_blank\" class=\"c-link c-link--is-underlined\" rel=\"noopener\">derby breton entre Nantes et Rennes<\/a>, ce samedi \u00e0 17 heures, le sera encore moins, notamment pour <a href=\"https:\/\/www.20minutes.fr\/sport\/football\/mercato\/4170682-20250902-ligue-1-strasbourg-flambe-casino-paris-tres-sage-om-illisible-mercato-francais-chiffres\" target=\"_blank\" class=\"c-link c-link--is-underlined\" rel=\"noopener\">Valentin Rongier et Quentin Merlin<\/a>. Les deux joueurs, form\u00e9s \u00e0 la Joneli\u00e8re ont rejoint cet \u00e9t\u00e9 les Rouge et Noir, pour la plus grande col\u00e8re des supporteurs des Jaune et Vert. Autant dire qu\u2019un accueil bruyant devrait leur \u00eatre r\u00e9serv\u00e9 \u00e0 la Beaujoire.<\/p>\n<p>\u00ab\u00a0Forc\u00e9ment on s\u2019y attend. On a re\u00e7u des messages, on sait ce qui peut se passer, a expliqu\u00e9 <a href=\"https:\/\/www.20minutes.fr\/sport\/football\/4159808-20250622-euro-espoirs-apres-avoir-retourne-georgie-bleuets-ec-urent-danemark-filent-demie\" target=\"_blank\" class=\"c-link c-link--is-underlined\" rel=\"noopener\">Quentin Merlin<\/a> cette semaine. Moi, je m\u2019en fous, je vais faire abstraction de ce qu\u2019ils peuvent dire, ce qu\u2019ils peuvent faire.\u00a0\u00bb Mais ce n\u2019est pas le cas pour la famille du lat\u00e9ral gauche, qui a d\u00e9cid\u00e9 de ne pas se d\u00e9placer \u00e0 La Beaujoire ce samedi pour \u00e9viter les ennuis et laisser le joueur se concentrer.<\/p>\n<\/p>\n<p>\u00ab\u00a0On a d\u00e9cid\u00e9 de ne pas aller au match parce qu\u2019il y a eu des pseudo-menaces, a racont\u00e9 David, le papa de Quentin, sur <a href=\"https:\/\/rmcsport.bfmtv.com\/football\/ligue-1\/moi-je-m-en-fous-comment-les-rennais-merlin-et-rongier-abordent-leurs-retrouvailles-avec-nantes_AV-202509190747.html\" rel=\"nofollow noopener\" target=\"_blank\" class=\"c-link c-link--is-underlined\">RMC Sports<\/a>. On a eu des messages, comme quand Quentin est parti \u00e0 Marseille, qui sont assez virulents. Il y a le regard des supporteurs mais nous, on a notre \u0153il de parents, d\u2019accompagnateurs. Et Quentin a sa carri\u00e8re \u00e0 g\u00e9rer. C\u2019est une frustration parce qu\u2019on avait pr\u00e9vu d\u2019y aller avec des amis. Apr\u00e8s, c\u2019est comme \u00e7a, on regardera la t\u00e9l\u00e9.\u00a0\u00bb<\/p>\n","protected":false},"excerpt":{"rendered":"Ce n\u2019est pas un match comme les autres. Et l\u2019\u00e9dition 2025-2025 du derby breton entre Nantes et Rennes,&hellip;\n","protected":false},"author":2,"featured_media":404536,"comment_status":"","ping_status":"","sticky":false,"template":"","format":"standard","meta":{"footnotes":""},"categories":[1586],"tags":[11,1777,674,1779,462,63,1011,27,66,12,25,517,3087,1778,364],"class_list":{"0":"post-404535","1":"post","2":"type-post","3":"status-publish","4":"format-standard","5":"has-post-thumbnail","7":"category-europe","8":"tag-actualites","9":"tag-eu","10":"tag-europe","11":"tag-european-union","12":"tag-fc-nantes","13":"tag-football","14":"tag-fr","15":"tag-france","16":"tag-ligue-1","17":"tag-news","18":"tag-republique-francaise","19":"tag-sport","20":"tag-stade-rennais","21":"tag-ue","22":"tag-union-europeenne"},"share_on_mastodon":{"url":"","error":""},"_links":{"self":[{"href":"https:\/\/www.europesays.com\/fr\/wp-json\/wp\/v2\/posts\/404535","targetHints":{"allow":["GET"]}}],"collection":[{"href":"https:\/\/www.europesays.com\/fr\/wp-json\/wp\/v2\/posts"}],"about":[{"href":"https:\/\/www.europesays.com\/fr\/wp-json\/wp\/v2\/types\/post"}],"author":[{"embeddable":true,"href":"https:\/\/www.europesays.com\/fr\/wp-json\/wp\/v2\/users\/2"}],"replies":[{"embeddable":true,"href":"https:\/\/www.europesays.com\/fr\/wp-json\/wp\/v2\/comments?post=404535"}],"version-history":[{"count":0,"href":"https:\/\/www.europesays.com\/fr\/wp-json\/wp\/v2\/posts\/404535\/revisions"}],"wp:featuredmedia":[{"embeddable":true,"href":"https:\/\/www.europesays.com\/fr\/wp-json\/wp\/v2\/media\/404536"}],"wp:attachment":[{"href":"https:\/\/www.europesays.com\/fr\/wp-json\/wp\/v2\/media?parent=404535"}],"wp:term":[{"taxonomy":"category","embeddable":true,"href":"https:\/\/www.europesays.com\/fr\/wp-json\/wp\/v2\/categories?post=404535"},{"taxonomy":"post_tag","embeddable":true,"href":"https:\/\/www.europesays.com\/fr\/wp-json\/wp\/v2\/tags?post=404535"}],"curies":[{"name":"wp","href":"https:\/\/api.w.org\/{rel}","templated":true}]}}