{"id":404552,"date":"2025-09-20T09:54:09","date_gmt":"2025-09-20T09:54:09","guid":{"rendered":"https:\/\/www.europesays.com\/fr\/404552\/"},"modified":"2025-09-20T09:54:09","modified_gmt":"2025-09-20T09:54:09","slug":"sa-mort-les-a-arranges-genevieve-de-fontenay-un-membre-de-sa-famille-sen-prend-de-nouveau-a-sylvie-tellier","status":"publish","type":"post","link":"https:\/\/www.europesays.com\/fr\/404552\/","title":{"rendered":"\u00ab\u00a0Sa mort les a arrang\u00e9s\u00a0\u00bb, Genevi\u00e8ve de Fontenay, un membre de sa famille s\u2019en prend de nouveau \u00e0 Sylvie Tellier"},"content":{"rendered":"<p>      R\u00e9sum\u00e9<\/p>\n<p>Deux ans apr\u00e8s le d\u00e9c\u00e8s de Genevi\u00e8ve de Fontenay, sa petite-fille Ad\u00e8le \u00e9voque des tensions persistantes avec Sylvie Tellier li\u00e9es \u00e0 leur pass\u00e9 commun au sein de Miss France.<\/p>\n<p>        Sommaire<\/p>\n<p>M\u00eame apr\u00e8s sa mort, Genevi\u00e8ve de Fontenay continue de faire parler d&rsquo;elle ! <strong>Le 1er ao\u00fbt 2023, la dame au chapeau nous quittait<\/strong> quelques semaines avant de f\u00eater ses 90 ans. Foudroy\u00e9e par une crise cardiaque \u00e0 son domicile, elle s&rsquo;\u00e9teindra quelques heures plus tard \u00e0 la clinique du Val d&rsquo;Or de Saint-Cloud. Elle sera inhum\u00e9e aux c\u00f4t\u00e9s de son compagnon Louis et de leur fils Ludovic, <a href=\"https:\/\/www.public.fr\/genevieve-de-fontenay-scandale-le-jour-de-ses-obseques\" target=\"_blank\" rel=\"noopener\">dans la plus stricte intimit\u00e9 familiale<\/a> comme le voulaient ses derni\u00e8res volont\u00e9s.<\/p>\n<p>Deux ans plus tard, l&rsquo;une de ses deux petites-filles sort du silence. <strong>Ad\u00e8le, l&rsquo;a\u00een\u00e9e de Xavier de Fontenay, a accept\u00e9 l&rsquo;invitation de Sam Zirah<\/strong>. La jeune femme de 29 ans n&rsquo;a pas h\u00e9sit\u00e9 \u00e0 dire tout ce qu&rsquo;elle pense de Sylvie Tellier&#8230; Et le moins que l&rsquo;on puisse dire, c&rsquo;est que les deux femmes ne d\u00eeneront pas ensemble de sit\u00f4t. En effet, <strong>Ad\u00e8le de Fontenay en veut \u00e0 Sylvie<\/strong>, et lui reproche d&rsquo;avoir \u00ab\u00a0crach\u00e9 dans la soupe\u00a0\u00bb.<\/p>\n<p>\u00ab\u00a0<strong>Elle n&rsquo;a pas du tout \u00e9t\u00e9 reconnaissante de tout ce que ma grand-m\u00e8re, mon p\u00e8re, ont fait. Ils ont fait beaucoup pour elle<\/strong>\u00a0\u00bb d\u00e9plore Ad\u00e8le. <a href=\"https:\/\/www.public.fr\/diaporamas\/genevieve-de-fontenay-sa-petite-fille-adele-engagee-en-politique-aupres-de-marine-le-pen-la-photo-instagram-qui-surprend\" target=\"_blank\" rel=\"noopener\">La jeune femme de 29 ans<\/a> r\u00e9v\u00e8le par la suite les coulisses in\u00e9dites de l&rsquo;ann\u00e9e de sacre de Sylvie Tellier. Selon elle, celle-ci aurait tr\u00e8s mal v\u00e9cu d&rsquo;\u00e9voluer dans l&rsquo;ombre d&rsquo;<a href=\"https:\/\/www.public.fr\/jai-eu-besoin-dune-therapie-cette-miss-france-completement-traumatisee-par-fort-boyard-temoigne\" target=\"_blank\" rel=\"noopener\">Elodie Gossuin<\/a>, qui, en 2002, \u00e9tait \u00e9lue Miss Europe au m\u00eame moment.<\/p>\n<p>L&rsquo;ombre d&rsquo;Elodie Gossuin<\/p>\n<p>\u00ab\u00a0\u00c7a avait \u00e9t\u00e9 tr\u00e8s dur pour elle. Et je me souviens, <strong>mon p\u00e8re se d\u00e9menait pour lui d\u00e9goter des interviews, des \u00e9v\u00e8nements<\/strong>\u00a0\u00bb se souvient ainsi la jeune femme, qui, \u00e0 l&rsquo;\u00e9poque, n&rsquo;avait toutefois que six ans. Et de poursuivre plus en d\u00e9tails : \u00ab\u00a0Il voyait que c&rsquo;\u00e9tait pas facile pour elle, et il a fait beaucoup. A tel point qu&rsquo;apr\u00e8s son \u00e9lection, je l&rsquo;ai su il n&rsquo;y a pas longtemps, elle disait : Il y a deux bin\u00f4mes, il y a Genevi\u00e8ve et Elodie (<strong>puisque Elodie, c&rsquo;\u00e9tait vraiment la pr\u00e9f\u00e9r\u00e9e de ma grand-m\u00e8re<\/strong>), et il y a Xavier et moi\u00a0\u00bb.<\/p>\n<p>Pour Ad\u00e8le, c&rsquo;est une \u00e9vidence : <strong>la mort de sa grand-m\u00e8re a \u00ab\u00a0arrang\u00e9\u00a0\u00bb la soci\u00e9t\u00e9 Miss France<\/strong>. \u00ab\u00a0C&rsquo;est une \u00e9pine dans le pied qui est retir\u00e9e pour eux\u00a0\u00bb clame haut et fort la jeune femme. Am\u00e8re, Ad\u00e8le est convaincue que Sylvie Tellier a \u00e9t\u00e9 embauch\u00e9e par la soci\u00e9t\u00e9 Miss France gr\u00e2ce \u00e0 sa grand-m\u00e8re&#8230; \u00ab\u00a0Je pense que ma grand-m\u00e8re a un peu fait en sorte qu&rsquo;elle y soit\u2026 Il me semble (que c&rsquo;\u00e9tait appuy\u00e9 par Genevi\u00e8ve, ndlr). <strong>Encore un exemple qui montre qu&rsquo;elle a bien crach\u00e9 dans la soupe apr\u00e8s<\/strong>\u00a0\u00bb d\u00e9zingue Ad\u00e8le.<\/p>\n<p>Genevi\u00e8ve de Fontenay trahie ?<\/p>\n<p>Directrice de la soci\u00e9t\u00e9 Miss France de 2007 jusqu&rsquo;\u00e0 son remplacement par Cindy Fabre en 2022 (<a href=\"https:\/\/vsd.fr\/75050-miss-france-surprise-cindy-fabre-sen-va-son-poste-purement-et-simplement-supprime\/#:~:text=Ce%20mercredi%2022%20janvier%202025,tout%20simplement%20pas%20%C3%A9t%C3%A9%20renouvel%C3%A9.\" target=\"_blank\" rel=\"noopener\">elle a elle-m\u00eame d\u00e9j\u00e0 quitt\u00e9 la soci\u00e9t\u00e9<\/a> apr\u00e8s deux seules ann\u00e9es de collaboration), Sylvie Tellier s&rsquo;est ensuite brouill\u00e9e avec Genevi\u00e8ve de Fontenay. <strong>La r\u00e9conciliation entre les deux femmes n&rsquo;est jamais venue<\/strong>&#8230; Pire encore, seule la mort de la dame au chapeau a permis d&rsquo;\u00e9teindre les hostilit\u00e9s. Mais Ad\u00e8le en reste convaincue : \u00ab\u00a0Quand elle a eu ce qu&rsquo;elle voulait, <strong>elle a compl\u00e8tement oubli\u00e9 les gens qui l&rsquo;ont amen\u00e9e<\/strong> l\u00e0 o\u00f9 elle \u00e9tait, l\u00e0 o\u00f9 elle a pu arriver\u00a0\u00bb.<\/p>\n<p>      Mentionn\u00e9s dans cet article<\/p>\n<p>      Sur le m\u00eame sujet<\/p>\n","protected":false},"excerpt":{"rendered":"R\u00e9sum\u00e9 Deux ans apr\u00e8s le d\u00e9c\u00e8s de Genevi\u00e8ve de Fontenay, sa petite-fille Ad\u00e8le \u00e9voque des tensions persistantes avec&hellip;\n","protected":false},"author":2,"featured_media":404553,"comment_status":"","ping_status":"","sticky":false,"template":"","format":"standard","meta":{"footnotes":""},"categories":[1359],"tags":[58,59,1011,27,35788,3034,18,973,35787,199],"class_list":{"0":"post-404552","1":"post","2":"type-post","3":"status-publish","4":"format-standard","5":"has-post-thumbnail","7":"category-people","8":"tag-divertissement","9":"tag-entertainment","10":"tag-fr","11":"tag-france","12":"tag-genevieve-de-fontenay","13":"tag-miss-france","14":"tag-mort","15":"tag-people","16":"tag-sylvie-tellier","17":"tag-tf1"},"share_on_mastodon":{"url":"https:\/\/pubeurope.com\/@fr\/115236022873962109","error":""},"_links":{"self":[{"href":"https:\/\/www.europesays.com\/fr\/wp-json\/wp\/v2\/posts\/404552","targetHints":{"allow":["GET"]}}],"collection":[{"href":"https:\/\/www.europesays.com\/fr\/wp-json\/wp\/v2\/posts"}],"about":[{"href":"https:\/\/www.europesays.com\/fr\/wp-json\/wp\/v2\/types\/post"}],"author":[{"embeddable":true,"href":"https:\/\/www.europesays.com\/fr\/wp-json\/wp\/v2\/users\/2"}],"replies":[{"embeddable":true,"href":"https:\/\/www.europesays.com\/fr\/wp-json\/wp\/v2\/comments?post=404552"}],"version-history":[{"count":0,"href":"https:\/\/www.europesays.com\/fr\/wp-json\/wp\/v2\/posts\/404552\/revisions"}],"wp:featuredmedia":[{"embeddable":true,"href":"https:\/\/www.europesays.com\/fr\/wp-json\/wp\/v2\/media\/404553"}],"wp:attachment":[{"href":"https:\/\/www.europesays.com\/fr\/wp-json\/wp\/v2\/media?parent=404552"}],"wp:term":[{"taxonomy":"category","embeddable":true,"href":"https:\/\/www.europesays.com\/fr\/wp-json\/wp\/v2\/categories?post=404552"},{"taxonomy":"post_tag","embeddable":true,"href":"https:\/\/www.europesays.com\/fr\/wp-json\/wp\/v2\/tags?post=404552"}],"curies":[{"name":"wp","href":"https:\/\/api.w.org\/{rel}","templated":true}]}}