{"id":404556,"date":"2025-09-20T09:56:12","date_gmt":"2025-09-20T09:56:12","guid":{"rendered":"https:\/\/www.europesays.com\/fr\/404556\/"},"modified":"2025-09-20T09:56:12","modified_gmt":"2025-09-20T09:56:12","slug":"colmar-trois-librairies-independantes-sunissent-pour-organiser-des-seances-de-dedicaces","status":"publish","type":"post","link":"https:\/\/www.europesays.com\/fr\/404556\/","title":{"rendered":"Colmar. Trois librairies ind\u00e9pendantes s&rsquo;unissent pour organiser des s\u00e9ances de d\u00e9dicaces"},"content":{"rendered":"<p>Le concept de <a href=\"https:\/\/www.dna.fr\/culture-loisirs\/2025\/06\/25\/dedicace-croisee-pour-les-librairies-le-chat-perche-et-le-libroscope\" target=\"_blank\" rel=\"noopener\">d\u00e9dicace mutualis\u00e9e n\u00e9 en juin dernier entre les librairies ind\u00e9pendantes du Chat Perch\u00e9 et du Libroscope \u00e0 Colmar<\/a> a \u00e9t\u00e9 une r\u00e9ussite. \u00c0 tel point que la librairie Carpe Diem \u00e0 Munster a eu envie de se joindre au cercle des libraires solidaires. Son propri\u00e9taire, <a href=\"https:\/\/www.dna.fr\/culture-loisirs\/2025\/01\/29\/une-page-se-tourne-pour-carpe-diem-a-munster\" target=\"_blank\" rel=\"noopener\">Thibault Plumas,<\/a> a propos\u00e9 aux deux libraires Nathalie Lesp\u00e9rat et C\u00e9line Fuentes de profiter elles aussi de la venue de l\u2019auteur Alain Mascaro en partageant les frais.<\/p>\n<p>Alain Mascaro triple la mise<\/p>\n<p>Ainsi, les 26 et 27\u00a0septembre prochains, c\u2019est une d\u00e9dicace tripartite que fera l\u2019auteur de  Je suis la sterne et le renard , paru chez Flammarion en avril dernier. Alain Mascaro sera en d\u00e9dicace \u00e0 la librairie Carpe Diem \u00e0 Munster le vendredi \u00e0 18\u00a0h\u00a030, puis au Chat Perch\u00e9 place Saint-Joseph \u00e0 Colmar le lendemain, samedi de 10\u00a0h \u00e0 12\u00a0h\u00a030, et finira son p\u00e9riple alsacien par une rencontre \u00e0 15\u00a0h au Libroscope \u00e0 Colmar.<\/p>\n<p>Trois fois plus de chances pour les lecteurs de d\u00e9couvrir cette grande saga islandaise cont\u00e9e par une brodeuse d\u2019histoires et de l\u00e9gendes ancestrales dans des paysages somptueux. L\u2019histoire de quatre femmes herboristes, sages-femmes, un peu sorci\u00e8res issues d\u2019une lign\u00e9e marqu\u00e9e par une mal\u00e9diction ordinaire\u00a0: la violence des hommes.<\/p>\n","protected":false},"excerpt":{"rendered":"Le concept de d\u00e9dicace mutualis\u00e9e n\u00e9 en juin dernier entre les librairies ind\u00e9pendantes du Chat Perch\u00e9 et du&hellip;\n","protected":false},"author":2,"featured_media":404557,"comment_status":"","ping_status":"","sticky":false,"template":"","format":"standard","meta":{"footnotes":""},"categories":[1357],"tags":[1379,5065,1687,58,2413,59,1011,27,1380,2410,2411,14851],"class_list":{"0":"post-404556","1":"post","2":"type-post","3":"status-publish","4":"format-standard","5":"has-post-thumbnail","7":"category-livres","8":"tag-books","9":"tag-colmar","10":"tag-culture-loisirs","11":"tag-divertissement","12":"tag-edition-colmar-guebwiller","13":"tag-entertainment","14":"tag-fr","15":"tag-france","16":"tag-livres","17":"tag-livres-bd","18":"tag-munster","19":"tag-secteur-de-colmar"},"share_on_mastodon":{"url":"https:\/\/pubeurope.com\/@fr\/115236030594506966","error":""},"_links":{"self":[{"href":"https:\/\/www.europesays.com\/fr\/wp-json\/wp\/v2\/posts\/404556","targetHints":{"allow":["GET"]}}],"collection":[{"href":"https:\/\/www.europesays.com\/fr\/wp-json\/wp\/v2\/posts"}],"about":[{"href":"https:\/\/www.europesays.com\/fr\/wp-json\/wp\/v2\/types\/post"}],"author":[{"embeddable":true,"href":"https:\/\/www.europesays.com\/fr\/wp-json\/wp\/v2\/users\/2"}],"replies":[{"embeddable":true,"href":"https:\/\/www.europesays.com\/fr\/wp-json\/wp\/v2\/comments?post=404556"}],"version-history":[{"count":0,"href":"https:\/\/www.europesays.com\/fr\/wp-json\/wp\/v2\/posts\/404556\/revisions"}],"wp:featuredmedia":[{"embeddable":true,"href":"https:\/\/www.europesays.com\/fr\/wp-json\/wp\/v2\/media\/404557"}],"wp:attachment":[{"href":"https:\/\/www.europesays.com\/fr\/wp-json\/wp\/v2\/media?parent=404556"}],"wp:term":[{"taxonomy":"category","embeddable":true,"href":"https:\/\/www.europesays.com\/fr\/wp-json\/wp\/v2\/categories?post=404556"},{"taxonomy":"post_tag","embeddable":true,"href":"https:\/\/www.europesays.com\/fr\/wp-json\/wp\/v2\/tags?post=404556"}],"curies":[{"name":"wp","href":"https:\/\/api.w.org\/{rel}","templated":true}]}}