{"id":404570,"date":"2025-09-20T10:03:13","date_gmt":"2025-09-20T10:03:13","guid":{"rendered":"https:\/\/www.europesays.com\/fr\/404570\/"},"modified":"2025-09-20T10:03:13","modified_gmt":"2025-09-20T10:03:13","slug":"letrange-tentative-de-xiaomi-pour-expliquer-que-le-xiaomi-17-pro-max-na-rien-a-voir-avec-liphone-17-pro-max","status":"publish","type":"post","link":"https:\/\/www.europesays.com\/fr\/404570\/","title":{"rendered":"L&rsquo;\u00e9trange tentative de Xiaomi pour expliquer que le Xiaomi 17 Pro Max n&rsquo;a rien \u00e0 voir avec l&rsquo;iPhone 17 Pro Max"},"content":{"rendered":"<p>Dans une vid\u00e9o, Xiaomi veut montrer que son Xiaomi 17 Pro Max n\u2019a rien \u00e0 voir avec l\u2019iPhone 17 Pro Max dont il copie pourtant la nomenclature.<\/p>\n<p><a target=\"_blank\" href=\"https:\/\/images.frandroid.com\/wp-content\/uploads\/2025\/09\/xiaomi-17-pro-max-vs-iphone-17-pro-max.jpg\" class=\"article-content__figure\" rel=\"nofollow noopener\"><img fetchpriority=\"high\" decoding=\"async\" loading=\"eager\" width=\"1200\" height=\"675\" src=\"https:\/\/www.europesays.com\/fr\/wp-content\/uploads\/2025\/09\/xiaomi-17-pro-max-vs-iphone-17-pro-max.jpg\" alt=\"\" class=\"wp-image-2802163 wp-image wp-image\"  \/><\/a><\/p>\n<p>Dans une vid\u00e9o, Lu Weibing, pr\u00e9sident de <a href=\"https:\/\/www.frandroid.com\/guide-dachat\/487395_quels-smartphones-xiaomi-acheter-en-2018-la-selection-de-frandroid\" rel=\"nofollow noopener\" target=\"_blank\">Xiaomi<\/a>, tient le futur Xiaomi 17 Pro Max \u00e0 c\u00f4t\u00e9 de l\u2019<a href=\"https:\/\/www.frandroid.com\/produits\/smartphones\/apple\/2788413-apple-iphone-17-pro-max\" rel=\"nofollow noopener\" target=\"_blank\">iPhone 17 Pro Max<\/a>. Le but de la man\u0153uvre \u00e9tait d\u2019expliquer que les deux smartphones n\u2019ont rien en commun, mais cette tentative a plut\u00f4t l\u2019effet inverse.<\/p>\n<p>Rappelons que la s\u00e9rie des Xiaomi 17 zappe le nombre 16 pour s\u2019aligner avec les iPhone 17 \u2014 la g\u00e9n\u00e9ration pr\u00e9c\u00e9dente \u00e9tant donc les <a href=\"https:\/\/www.frandroid.com\/produits\/smartphones\/xiaomi\/2390954-xiaomi-15\" rel=\"nofollow noopener\" target=\"_blank\">Xiaomi 15<\/a>. Ici, on a m\u00eame un Xiaomi 17 Pro Max qui reprend la nomenclature d\u2019Apple avec l\u2019iPhone 17 Pro Max.<\/p>\n<p>\u00ab Un bond en avant \u00bb<\/p>\n<p>Malgr\u00e9 cela, <a target=\"_blank\" href=\"https:\/\/innogyan.in\/2025\/09\/19\/xiaomi-17-series-lu-weibing-compares-iphone-17-pro-max-and-answers-key-questions\/\" rel=\"nofollow noopener\">dans une session de questions-r\u00e9ponses<\/a>, Lu Weibing insiste pour dire que Xiaomi ne suit pas Apple. Il avance plut\u00f4t l\u2019argument que cette nouvelle g\u00e9n\u00e9ration repr\u00e9sente un \u00ab bond en avant \u00bb en termes de performances. Ce serait donc cela qui justifie le passage direct de 15 \u00e0 17. En outre, le repr\u00e9sentant affirme que Xiaomi a une grande affinit\u00e9 avec le chiffre 7, comme en t\u00e9moigne les voitures \u00e9lectriques Xiaomi SU7 et Xiaomi YU7. Nous restons dubitatifs face \u00e0 ces explications.<\/p>\n<p class=\"bottom-text\">                <a href=\"https:\/\/www.youtube.com\/watch?v=4Z-soQEfioQ\" target=\"_blank\" rel=\"nofollow noopener\">Lien YouTube<\/a>                                    <a href=\"https:\/\/www.youtube.com\/subscription_center?add_user=FrAndroidTube\" target=\"_blank\" rel=\"nofollow noopener\">S\u2019abonner \u00e0 Frandroid<\/a>                            <\/p>\n<p>                Ce contenu est bloqu\u00e9 car vous n\u2019avez pas accept\u00e9 les cookies et autres traceurs. Ce contenu est fourni par YouTube.<br \/>Pour pouvoir le visualiser, vous devez accepter l\u2019usage \u00e9tant op\u00e9r\u00e9 par YouTube avec vos donn\u00e9es qui pourront \u00eatre utilis\u00e9es pour les finalit\u00e9s suivantes : vous permettre de visualiser et de partager des contenus avec des m\u00e9dias sociaux, favoriser le d\u00e9veloppement et l\u2019am\u00e9lioration des produits d\u2019Humanoid et de ses partenaires, vous afficher des publicit\u00e9s personnalis\u00e9es par rapport \u00e0 votre profil et activit\u00e9, vous d\u00e9finir un profil publicitaire personnalis\u00e9, mesurer la performance des publicit\u00e9s et du contenu de ce site et mesurer l\u2019audience de ce site <a href=\"#\" class=\"js-privacy\" target=\"_blank\">(en savoir plus)<\/a>            <\/p>\n<p>                En cliquant sur \u00ab J\u2019accepte tout \u00bb, vous consentez aux finalit\u00e9s susmentionn\u00e9es pour l\u2019ensemble des cookies et autres traceurs d\u00e9pos\u00e9s par Humanoid et <a class=\"embed-consent-overlay-vendors-link\" href=\"#preferences-vendeurs\">ses partenaires<\/a>.            <\/p>\n<p>                Vous gardez la possibilit\u00e9 de retirer votre consentement \u00e0 tout moment. Pour plus d\u2019informations, nous vous invitons \u00e0 prendre connaissance de notre <a href=\"https:\/\/www.frandroid.com\/politique-cookies\" rel=\"nofollow noopener\" target=\"_blank\">Politique cookies<\/a>.            <\/p>\n<p>            J\u2019accepte tout        <\/p>\n<p class=\"embed-consent-overlay-manage-choices\">            <a href=\"#preferences-publicitaires\">G\u00e9rer mes choix<\/a>        <\/p>\n<p>En outre, dans la vid\u00e9o susmentionn\u00e9e, lorsqu\u2019on voit le Xiaomi 17 Pro Max \u00e0 c\u00f4t\u00e9 de l\u2019iPhone 17 Pro Max, on remarque, certes, ais\u00e9ment leurs diff\u00e9rences. <a href=\"https:\/\/www.frandroid.com\/marques\/xiaomi\/2796445_lenorme-ecran-dorsal-du-futur-xiaomi-17-pro-max-se-montre-en-video\" rel=\"nofollow noopener\" target=\"_blank\">Le mod\u00e8le chinois a litt\u00e9ralement un \u00e9cran sur son bloc photo<\/a>.<\/p>\n<p class=\"shortcode-container see-more\">\n    \u00c0 lire aussi : <br \/><a href=\"https:\/\/www.frandroid.com\/marques\/xiaomi\/2797995_on-sait-enfin-a-quoi-sert-lecran-bizarre-au-dos-du-xiaomi-17-pro\" rel=\"nofollow noopener\" target=\"_blank\">On sait enfin \u00e0 quoi sert l\u2019\u00e9cran bizarre au dos du Xiaomi 17 Pro<\/a>\n<\/p>\n<p>Mais leur ressemblance saute aussi aux yeux avec le bloc rectangulaire et relativement imposant en haut du dos.<\/p>\n<p>Une date de lancement en Chine<\/p>\n<p>Lu Weibing indique aussi que les Xiaomi 17 seront lanc\u00e9s en Chine le 1er octobre prochain et qu\u2019ils seront \u00e9quip\u00e9s <a href=\"https:\/\/www.frandroid.com\/marques\/qualcomm\/2796425_le-nouveau-snapdragon-va-equiper-vos-smartphones-de-2026-et-son-nom-va-vous-surprendre\" rel=\"nofollow noopener\" target=\"_blank\">du Snapdragon 8 Elite Gen 5<\/a>. L\u2019annonce de ce dernier \u00e9tant pr\u00e9vue pour le 23 septembre.<\/p>\n<p class=\"bottom-text\">                <a href=\"https:\/\/www.youtube.com\/watch?v=TaxAMFKMHJw\" target=\"_blank\" rel=\"nofollow noopener\">Lien YouTube<\/a>                                    <a href=\"https:\/\/www.youtube.com\/subscription_center?add_user=FrAndroidTube\" target=\"_blank\" rel=\"nofollow noopener\">S\u2019abonner \u00e0 Frandroid<\/a>                            <\/p>\n<p>                Ce contenu est bloqu\u00e9 car vous n\u2019avez pas accept\u00e9 les cookies et autres traceurs. Ce contenu est fourni par YouTube.<br \/>Pour pouvoir le visualiser, vous devez accepter l\u2019usage \u00e9tant op\u00e9r\u00e9 par YouTube avec vos donn\u00e9es qui pourront \u00eatre utilis\u00e9es pour les finalit\u00e9s suivantes : vous permettre de visualiser et de partager des contenus avec des m\u00e9dias sociaux, favoriser le d\u00e9veloppement et l\u2019am\u00e9lioration des produits d\u2019Humanoid et de ses partenaires, vous afficher des publicit\u00e9s personnalis\u00e9es par rapport \u00e0 votre profil et activit\u00e9, vous d\u00e9finir un profil publicitaire personnalis\u00e9, mesurer la performance des publicit\u00e9s et du contenu de ce site et mesurer l\u2019audience de ce site <a href=\"#\" class=\"js-privacy\" target=\"_blank\">(en savoir plus)<\/a>            <\/p>\n<p>                En cliquant sur \u00ab J\u2019accepte tout \u00bb, vous consentez aux finalit\u00e9s susmentionn\u00e9es pour l\u2019ensemble des cookies et autres traceurs d\u00e9pos\u00e9s par Humanoid et <a class=\"embed-consent-overlay-vendors-link\" href=\"#preferences-vendeurs\">ses partenaires<\/a>.            <\/p>\n<p>                Vous gardez la possibilit\u00e9 de retirer votre consentement \u00e0 tout moment. Pour plus d\u2019informations, nous vous invitons \u00e0 prendre connaissance de notre <a href=\"https:\/\/www.frandroid.com\/politique-cookies\" rel=\"nofollow noopener\" target=\"_blank\">Politique cookies<\/a>.            <\/p>\n<p>            J\u2019accepte tout        <\/p>\n<p class=\"embed-consent-overlay-manage-choices\">            <a href=\"#preferences-publicitaires\">G\u00e9rer mes choix<\/a>        <\/p>\n<p>Notez d\u2019ailleurs que Xiaomi a n\u00e9goci\u00e9 une p\u00e9riode d\u2019exclusivit\u00e9 pour l\u2019exploitation de cette nouvelle puce de Qualcomm.<\/p>\n","protected":false},"excerpt":{"rendered":"Dans une vid\u00e9o, Xiaomi veut montrer que son Xiaomi 17 Pro Max n\u2019a rien \u00e0 voir avec l\u2019iPhone&hellip;\n","protected":false},"author":2,"featured_media":404571,"comment_status":"","ping_status":"","sticky":false,"template":"","format":"standard","meta":{"footnotes":""},"categories":[7],"tags":[1011,27,43,40,41,39,42,44,53604,53007,52683],"class_list":{"0":"post-404570","1":"post","2":"type-post","3":"status-publish","4":"format-standard","5":"has-post-thumbnail","7":"category-sciences-et-technologies","8":"tag-fr","9":"tag-france","10":"tag-science","11":"tag-science-and-technology","12":"tag-sciences","13":"tag-sciences-et-technologies","14":"tag-technologies","15":"tag-technology","16":"tag-xiaomi-17","17":"tag-xiaomi-17-pro","18":"tag-xiaomi-17-pro-max"},"share_on_mastodon":{"url":"https:\/\/pubeurope.com\/@fr\/115236058163934926","error":""},"_links":{"self":[{"href":"https:\/\/www.europesays.com\/fr\/wp-json\/wp\/v2\/posts\/404570","targetHints":{"allow":["GET"]}}],"collection":[{"href":"https:\/\/www.europesays.com\/fr\/wp-json\/wp\/v2\/posts"}],"about":[{"href":"https:\/\/www.europesays.com\/fr\/wp-json\/wp\/v2\/types\/post"}],"author":[{"embeddable":true,"href":"https:\/\/www.europesays.com\/fr\/wp-json\/wp\/v2\/users\/2"}],"replies":[{"embeddable":true,"href":"https:\/\/www.europesays.com\/fr\/wp-json\/wp\/v2\/comments?post=404570"}],"version-history":[{"count":0,"href":"https:\/\/www.europesays.com\/fr\/wp-json\/wp\/v2\/posts\/404570\/revisions"}],"wp:featuredmedia":[{"embeddable":true,"href":"https:\/\/www.europesays.com\/fr\/wp-json\/wp\/v2\/media\/404571"}],"wp:attachment":[{"href":"https:\/\/www.europesays.com\/fr\/wp-json\/wp\/v2\/media?parent=404570"}],"wp:term":[{"taxonomy":"category","embeddable":true,"href":"https:\/\/www.europesays.com\/fr\/wp-json\/wp\/v2\/categories?post=404570"},{"taxonomy":"post_tag","embeddable":true,"href":"https:\/\/www.europesays.com\/fr\/wp-json\/wp\/v2\/tags?post=404570"}],"curies":[{"name":"wp","href":"https:\/\/api.w.org\/{rel}","templated":true}]}}