{"id":404579,"date":"2025-09-20T10:08:12","date_gmt":"2025-09-20T10:08:12","guid":{"rendered":"https:\/\/www.europesays.com\/fr\/404579\/"},"modified":"2025-09-20T10:08:12","modified_gmt":"2025-09-20T10:08:12","slug":"loire-la-foire-de-saint-etienne-inauguree-sans-gael-perdriau-mais-avec-ses-concurrents-aux-municipales","status":"publish","type":"post","link":"https:\/\/www.europesays.com\/fr\/404579\/","title":{"rendered":"Loire. La foire de Saint-\u00c9tienne inaugur\u00e9e sans Ga\u00ebl Perdriau\u2026 mais avec ses concurrents aux municipales"},"content":{"rendered":"<p>Viendra\u00a0? Viendra pas\u00a0? \u00ab\u00a0Vous avez remarqu\u00e9, il n\u2019y a pas son nom sur l\u2019invitation\u00a0\u00bb, susurre un homme qui fait le pied de grue en attendant le d\u00e9but des festivit\u00e9s. \u00ab\u00a0\u00c7a ne veut rien dire\u00a0\u00bb, r\u00e9torque un autre. \u00ab\u00a0Je vois mal le maire ne pas venir \u00e0 un \u00e9v\u00e9nement comme celui-ci. \u00bb<\/p>\n<p>La pr\u00e9sence de <a href=\"https:\/\/www.leprogres.fr\/p\/gael-perdriau\" target=\"_blank\" rel=\"noopener\">Ga\u00ebl Perdriau<\/a> \u00e0 l\u2019inauguration de la foire est sur toutes les l\u00e8vres, vendredi matin, alors que son proc\u00e8s doit s\u2019ouvrir dans trois jours devant le tribunal judiciaire de Lyon.<\/p>\n<p>  Sourire fig\u00e9 et poign\u00e9es de mains tous azimuts<\/p>\n<p>Le suspense a dur\u00e9 jusqu\u2019au dernier moment. Jusqu\u2019\u00e0 10\u00a0h\u00a030, en fait, lorsque l\u2019arriv\u00e9e de la pr\u00e9f\u00e8te a donn\u00e9 le coup d\u2019envoi. Alors que le ruban tricolore \u00e9tait tendu pour l\u2019inauguration, le constat \u00e9tait clair\u00a0: le maire n\u2019\u00e9tait pas l\u00e0. Des m\u00e9dias parisiens avaient effectu\u00e9 le d\u00e9placement, esp\u00e9rant une photo ou une d\u00e9claration de l\u2019\u00e9lu avant cette semaine d\u00e9cisive (1). Ils en ont \u00e9t\u00e9 pour leurs frais.<\/p>\n<p>En revanche, d\u2019autres ont tr\u00e8s bien su exploiter cette absence. Au premier rang desquels <a href=\"https:\/\/www.leprogres.fr\/p\/dino-cinieri\" target=\"_blank\" rel=\"noopener\">Dino Cinieri<\/a> (LR), candidat officiellement d\u00e9clar\u00e9 aux \u00e9lections municipales,\u00a0<a href=\"https:\/\/www.leprogres.fr\/politique\/2025\/05\/21\/municipales-2026-pierrick-courbon-pas-candidat-regis-juanico-a-la-baguette\" target=\"_blank\" rel=\"noopener\">et R\u00e9gis Juanico (PS) qui devrait \u00e9galement se lancer dans la bataille.<\/a> Entour\u00e9s de leur garde rapproch\u00e9e, sourire fig\u00e9 et poign\u00e9es de mains tous azimuts, ils ont \u00e9cum\u00e9 les stands.<\/p>\n<p>  \u00ab\u00a0Ma parole, il s\u2019y voit d\u00e9j\u00e0\u00a0\u00bb, cingle un opposant<\/p>\n<p>Un bon mot par-ci, une boutade par-l\u00e0\u2026 Les deux \u00ab\u00a0dinosaures\u00a0\u00bb de la politique locale (l\u2019un est rest\u00e9 d\u00e9put\u00e9 quinze ans, l\u2019autre vingt-et-un ans) ont fait le job. <a href=\"https:\/\/www.leprogres.fr\/elections\/2025\/09\/16\/municipales-2026-en-tete-du-sondage-dino-cinieri-sera-le-candidat-de-la-droite-et-du-centre\" target=\"_blank\" rel=\"noopener\">Dino Cinieri, surtout<\/a>, qui, gr\u00e2ce \u00e0 son poste de \u00ab\u00a0conseiller sp\u00e9cial aupr\u00e8s du pr\u00e9sident de R\u00e9gion\u00a0\u00bb, \u00e9tait aux premiers rangs dans le protocole.<\/p>\n<p>Ceux qui ne le connaissaient pas ont pu le confondre avec le maire. \u00ab\u00a0Ma parole, il s\u2019y voit d\u00e9j\u00e0\u00a0\u00bb, cingle un opposant.<\/p>\n<p>Deux heures de d\u00e9ambulation plus tard, un mot sur la foire quand m\u00eame\u00a0: il y a toujours des canap\u00e9s, des chaudi\u00e8res et des spas pour ceux que \u00e7a int\u00e9resse. Et l\u2019exposition sur l\u2019Irlande, th\u00e8me retenu cette ann\u00e9e, est tr\u00e8s sympa. Vous pouvez vous y rendre jusqu\u2019au 29\u00a0septembre.<\/p>\n<p>\u00c0 cette date, on conna\u00eetra, sinon le jugement, au moins les r\u00e9quisitions \u00e0 l\u2019encontre du maire et des sept autres pr\u00e9venus.<\/p>\n<p class=\"note\">(1) Le proc\u00e8s est pr\u00e9vu du 22 au 26\u00a0septembre.<\/p>\n","protected":false},"excerpt":{"rendered":"Viendra\u00a0? Viendra pas\u00a0? \u00ab\u00a0Vous avez remarqu\u00e9, il n\u2019y a pas son nom sur l\u2019invitation\u00a0\u00bb, susurre un homme qui&hellip;\n","protected":false},"author":2,"featured_media":404580,"comment_status":"","ping_status":"","sticky":false,"template":"","format":"standard","meta":{"footnotes":""},"categories":[9653],"tags":[1111,11,42797,2430,130,33,7539,4188,1777,674,107,39952,1011,27,3367,12,25,4001,7538,10806],"class_list":{"0":"post-404579","1":"post","2":"type-post","3":"status-publish","4":"format-standard","5":"has-post-thumbnail","7":"category-saint-etienne","8":"tag-actu","9":"tag-actualites","10":"tag-affaire-perdriau","11":"tag-auvergne-rhone-alpes","12":"tag-consommation","13":"tag-economie","14":"tag-edition-loire-sud","15":"tag-elections-municipales","16":"tag-eu","17":"tag-europe","18":"tag-fil-info","19":"tag-foire-de-saint-etienne","20":"tag-fr","21":"tag-france","22":"tag-loire","23":"tag-news","24":"tag-republique-francaise","25":"tag-saint-etienne","26":"tag-saint-etienne-ville","27":"tag-selection-de-la-redaction-42"},"share_on_mastodon":{"url":"https:\/\/pubeurope.com\/@fr\/115236077876931604","error":""},"_links":{"self":[{"href":"https:\/\/www.europesays.com\/fr\/wp-json\/wp\/v2\/posts\/404579","targetHints":{"allow":["GET"]}}],"collection":[{"href":"https:\/\/www.europesays.com\/fr\/wp-json\/wp\/v2\/posts"}],"about":[{"href":"https:\/\/www.europesays.com\/fr\/wp-json\/wp\/v2\/types\/post"}],"author":[{"embeddable":true,"href":"https:\/\/www.europesays.com\/fr\/wp-json\/wp\/v2\/users\/2"}],"replies":[{"embeddable":true,"href":"https:\/\/www.europesays.com\/fr\/wp-json\/wp\/v2\/comments?post=404579"}],"version-history":[{"count":0,"href":"https:\/\/www.europesays.com\/fr\/wp-json\/wp\/v2\/posts\/404579\/revisions"}],"wp:featuredmedia":[{"embeddable":true,"href":"https:\/\/www.europesays.com\/fr\/wp-json\/wp\/v2\/media\/404580"}],"wp:attachment":[{"href":"https:\/\/www.europesays.com\/fr\/wp-json\/wp\/v2\/media?parent=404579"}],"wp:term":[{"taxonomy":"category","embeddable":true,"href":"https:\/\/www.europesays.com\/fr\/wp-json\/wp\/v2\/categories?post=404579"},{"taxonomy":"post_tag","embeddable":true,"href":"https:\/\/www.europesays.com\/fr\/wp-json\/wp\/v2\/tags?post=404579"}],"curies":[{"name":"wp","href":"https:\/\/api.w.org\/{rel}","templated":true}]}}