{"id":404587,"date":"2025-09-20T10:12:10","date_gmt":"2025-09-20T10:12:10","guid":{"rendered":"https:\/\/www.europesays.com\/fr\/404587\/"},"modified":"2025-09-20T10:12:10","modified_gmt":"2025-09-20T10:12:10","slug":"exposition-concerts-chants-les-mediatheques-municipales-se-devoilent-a-la-seyne","status":"publish","type":"post","link":"https:\/\/www.europesays.com\/fr\/404587\/","title":{"rendered":"Exposition, concerts, chants&#8230;: les m\u00e9diath\u00e8ques municipales se d\u00e9voilent \u00e0 La Seyne"},"content":{"rendered":"<p>\u00c0 l\u2019occasion des Journ\u00e9es du patrimoine, dont le th\u00e8me porte cette ann\u00e9e sur le patrimoine architectural, la Ville a souhait\u00e9 mettre en lumi\u00e8re, ce samedi, deux m\u00e9diath\u00e8ques municipales dont l\u2019histoire est tr\u00e8s diff\u00e9rente mais qui poss\u00e8dent chacune une architecture remarquable: le Clos Saint-Louis et la m\u00e9diath\u00e8que Andr\u00e9e-Chedid.<\/p>\n<p>La premi\u00e8re, r\u00e9nov\u00e9e en 2005, compte plus de trois si\u00e8cles d\u2019histoire puisqu\u2019il s\u2019agit d\u2019un b\u00e2timent \u00e9difi\u00e9 au XVIIe si\u00e8cle et qui, dot\u00e9 d\u2019une chapelle en 1680, devint r\u00e9sidence d\u2019\u00e9t\u00e9 des \u00e9v\u00eaques de Toulon au si\u00e8cle suivant, avant d\u2019\u00eatre laiss\u00e9 \u00e0 l\u2019abandon.<\/p>\n<p>Sur place, de 9h \u00e0 18h, une exposition retracera l\u2019histoire du site, et un concert de Louise Combier est programm\u00e9 \u00e0 17h pour c\u00e9l\u00e9brer le 20e anniversaire de la restauration du lieu.<\/p>\n<p>Quant \u00e0 la m\u00e9diath\u00e8que Chedid, ouverte \u00e0 Berthe en janvier 2013, elle dispose d\u2019une architecture moderne, int\u00e9gr\u00e9e aux grands ensembles du quartier.<\/p>\n<p>Aujourd\u2019hui, les \u00e9quipes accueilleront les visiteurs de 9h \u00e0 18h pour faire d\u00e9couvrir le lieu \u00e0 ceux qui ne le connaissant pas encore. Des animations y seront aussi propos\u00e9es par le Cercle occitan, de 10h \u00e0 12h et de 14h \u00e0 16h, suivies de chants \u00e0 17h.<\/p>\n<p><strong>Zoom sur la future m\u00e9diath\u00e8que du centre-ville<\/strong><\/p>\n<p>Enfin, notez que la Ville donne aussi un coup de projecteur sur le projet de nouvelle m\u00e9diath\u00e8que qui va \u00eatre am\u00e9nag\u00e9e dans le b\u00e2timent \u00e0 l\u2019architecture typique des ann\u00e9es 1960 qui abritait, jusqu\u2019en 2021, la cr\u00e8che Josette-Vincent (\u00e0 l\u2019angle des rues Emile-Combes et Calmette &amp; Gu\u00e9rin) et dont les travaux sont pr\u00e9vus entre janvier 2026 et avril 2027 (dans le cadre du Nouveau programme de r\u00e9novation urbaine du centre-ville).<\/p>\n<p>Ce matin \u00e0 10h, est donc propos\u00e9e une visite des quartiers Beaussier et Tortel, par l\u2019association Histoire &amp; Patrimoine seynois, ainsi qu\u2019une pr\u00e9sentation du projet de nouvelle m\u00e9diath\u00e8que par l\u2019\u00e9quipe des biblioth\u00e9caires (sur r\u00e9servation au 04.94.06.96.64).\u00a0<\/p>\n","protected":false},"excerpt":{"rendered":"\u00c0 l\u2019occasion des Journ\u00e9es du patrimoine, dont le th\u00e8me porte cette ann\u00e9e sur le patrimoine architectural, la Ville&hellip;\n","protected":false},"author":2,"featured_media":404588,"comment_status":"","ping_status":"","sticky":false,"template":"","format":"standard","meta":{"footnotes":""},"categories":[9619],"tags":[1111,11,1777,674,1011,27,12,882,25,2310,3366],"class_list":{"0":"post-404587","1":"post","2":"type-post","3":"status-publish","4":"format-standard","5":"has-post-thumbnail","7":"category-toulon","8":"tag-actu","9":"tag-actualites","10":"tag-eu","11":"tag-europe","12":"tag-fr","13":"tag-france","14":"tag-news","15":"tag-provence-alpes-cote-dazur","16":"tag-republique-francaise","17":"tag-toulon","18":"tag-vie-locale"},"share_on_mastodon":{"url":"https:\/\/pubeurope.com\/@fr\/115236093524789277","error":""},"_links":{"self":[{"href":"https:\/\/www.europesays.com\/fr\/wp-json\/wp\/v2\/posts\/404587","targetHints":{"allow":["GET"]}}],"collection":[{"href":"https:\/\/www.europesays.com\/fr\/wp-json\/wp\/v2\/posts"}],"about":[{"href":"https:\/\/www.europesays.com\/fr\/wp-json\/wp\/v2\/types\/post"}],"author":[{"embeddable":true,"href":"https:\/\/www.europesays.com\/fr\/wp-json\/wp\/v2\/users\/2"}],"replies":[{"embeddable":true,"href":"https:\/\/www.europesays.com\/fr\/wp-json\/wp\/v2\/comments?post=404587"}],"version-history":[{"count":0,"href":"https:\/\/www.europesays.com\/fr\/wp-json\/wp\/v2\/posts\/404587\/revisions"}],"wp:featuredmedia":[{"embeddable":true,"href":"https:\/\/www.europesays.com\/fr\/wp-json\/wp\/v2\/media\/404588"}],"wp:attachment":[{"href":"https:\/\/www.europesays.com\/fr\/wp-json\/wp\/v2\/media?parent=404587"}],"wp:term":[{"taxonomy":"category","embeddable":true,"href":"https:\/\/www.europesays.com\/fr\/wp-json\/wp\/v2\/categories?post=404587"},{"taxonomy":"post_tag","embeddable":true,"href":"https:\/\/www.europesays.com\/fr\/wp-json\/wp\/v2\/tags?post=404587"}],"curies":[{"name":"wp","href":"https:\/\/api.w.org\/{rel}","templated":true}]}}