{"id":404603,"date":"2025-09-20T10:22:12","date_gmt":"2025-09-20T10:22:12","guid":{"rendered":"https:\/\/www.europesays.com\/fr\/404603\/"},"modified":"2025-09-20T10:22:12","modified_gmt":"2025-09-20T10:22:12","slug":"la-direction-de-rennes-a-ecrit-a-lol-apres-les-polemiques","status":"publish","type":"post","link":"https:\/\/www.europesays.com\/fr\/404603\/","title":{"rendered":"La direction de Rennes a \u00e9crit \u00e0 l\u2019OL apr\u00e8s les pol\u00e9miques"},"content":{"rendered":"<p>                            <img width=\"770\" height=\"433\" src=\"https:\/\/www.europesays.com\/fr\/wp-content\/uploads\/2025\/09\/MjAyNDEwNTllODYxMTk4YzgzMThjMmYwZTA4MjIzODg4NDFjZTc-770x433.jpeg\" class=\"attachment-article size-article wp-post-image\" alt=\"Arnaud Pouille, pr\u00e9sident de Rennes\" decoding=\"async\" fetchpriority=\"high\"  \/><\/p>\n<p>Arnaud Pouille, pr\u00e9sident de Rennes (AFP)<\/p>\n<p>Une semaine apr\u00e8s la rencontre, Rennes continue de l\u2019avoir mauvaise suite aux d\u00e9clarations lyonnaises d\u2019apr\u00e8s-match. Le club breton a d\u2019ailleurs \u00e9crit \u00e0 l\u2019OL pour s\u2019\u00e9tonner de ces prises de parole.<\/p>\n<p>La 5e journ\u00e9e est d\u00e9j\u00e0 pass\u00e9e pour l&rsquo;<strong>OL<\/strong>, pourtant il est encore question de la journ\u00e9e pr\u00e9c\u00e9dente. Entre Rennes et le club lyonnais, la fin du match dimanche dernier a donn\u00e9 lieu \u00e0 des sc\u00e8nes de tension entre les deux bancs, notamment. Jorge\u00a0<strong>Maciel<\/strong>\u00a0n&rsquo;avait pas manqu\u00e9 de<a href=\"https:\/\/www.olympique-et-lyonnais.com\/rennes-ol-3-1-maciel-na-pas-apprecie-lattitude-de-beye,379851.html\" target=\"_blank\" rel=\"noopener\">\u00a0critiquer l&rsquo;attitude<\/a>\u00a0d&rsquo;Habib\u00a0<strong>Beye<\/strong>, jug\u00e9e irrespectueuse sur les buts bretons. Une version contest\u00e9e par le coach rennais et qui a donn\u00e9 lieu \u00e0 une lettre de la direction des Rouge et Noir d&rsquo;apr\u00e8s\u00a0RMC Sport. Elle \u00e9tait destin\u00e9e \u00e0 Michele\u00a0<strong>Kang<\/strong>, la pr\u00e9sidente de l&rsquo;OL, et Michael\u00a0<strong>Gerlinger<\/strong>, son directeur g\u00e9n\u00e9ral. Un courrier pour mettre les points sur les \u00ab\u00a0i\u00a0\u00bb et mettre un terme \u00e0 cette querelle m\u00e9diatique.<\/p>\n<p>Congr\u00e9 dans le viseur rennais<\/p>\n<p>En sa qualit\u00e9 de pr\u00e9sident du Stade Rennais, Arnaud\u00a0<strong>Pouille<\/strong>\u00a0s&rsquo;est dit \u00ab\u00a0tr\u00e8s \u00e9tonn\u00e9 de certains comportements et d\u00e9clarations de membres de l&rsquo;Olympique lyonnais\u00a0\u00bb. Il pointe sp\u00e9cifiquement le comportement de Daniel\u00a0<strong>Congr\u00e9<\/strong>, qui n&rsquo;avait pas encore pris\u00a0<a href=\"https:\/\/www.olympique-et-lyonnais.com\/ol-daniel-congre-assistera-aux-matchs-depuis-le-banc-de-touche,380244.html\" target=\"_blank\" rel=\"noopener\">place sur le banc<\/a>\u00a0le week-end dernier.\u00a0\u00ab\u00a0Des membres se sont autoris\u00e9s \u00e0 appr\u00e9hender notre coach durant la rencontre et \u00e0 l&rsquo;invectiver dans sa zone technique puis dans le tunnel (&#8230;). M. Congr\u00e9 s&rsquo;\u00e9tait d&rsquo;ailleurs d\u00e9j\u00e0 illustr\u00e9 pendant la mi-temps en essayant d&rsquo;intervenir aupr\u00e8s du corps arbitral au sujet d&rsquo;une action litigieuse qualifi\u00e9e d&rsquo;\u00e9lectrique (la\u00a0<a href=\"https:\/\/www.olympique-et-lyonnais.com\/ol-le-rennais-anthony-rouault-devait-etre-exclu,380037.html\" target=\"_blank\" rel=\"noopener\">semelle<\/a>\u00a0d&rsquo;Anthony\u00a0<strong>Rouault<\/strong>\u00a0non sanctionn\u00e9e sur Khalis\u00a0<strong>Merah<\/strong>, ndlr).\u00a0\u00bb<\/p>\n<p>\u00ab\u00a0Une th\u00e9\u00e2tralisation qui n&rsquo;aide pas la Ligue 1\u00a0\u00bb<\/p>\n<p>En plus du coordinateur sportif, Jorge\u00a0<strong>Maciel<\/strong>\u00a0est \u00e9galement dans le viseur rennais, apr\u00e8s ses \u00ab\u00a0propos mensongers\u00a0\u00bb. L&rsquo;entra\u00eeneur adjoint de l&rsquo;OL aurait invent\u00e9 certains comportements d&rsquo;apr\u00e8s le pr\u00e9sident\u00a0<strong>Pouille<\/strong>.\u00a0\u00ab\u00a0Habib Beye a naturellement exprim\u00e9 ses \u00e9motions aux c\u00f4t\u00e9s de son staff et avec notre public apr\u00e8s les buts de notre \u00e9quipe. En revanche, au regard des plans de cam\u00e9ra que nous vous invitons \u00e0 consulter, il n&rsquo;y a pas eu de comportement d\u00e9plac\u00e9 \u00e0 l&rsquo;\u00e9gard du staff lyonnais. Ces propos (&#8230;) tendent \u00e0 d\u00e9grader la r\u00e9putation de notre entra\u00eeneur principal et plus globalement de notre club, tance Pouille. Nous estimons que toute cette th\u00e9\u00e2tralisation n&rsquo;aide ni les entra\u00eeneurs, ni nos joueurs, ni le corps arbitral et nuit \u00e0 l&rsquo;image du football fran\u00e7ais dans son ensemble.\u00a0\u00bb\u00a0Ce Rennes &#8211; OL aura en tout cas fait couler beaucoup d&rsquo;encre.<\/p>\n","protected":false},"excerpt":{"rendered":"Arnaud Pouille, pr\u00e9sident de Rennes (AFP) Une semaine apr\u00e8s la rencontre, Rennes continue de l\u2019avoir mauvaise suite aux&hellip;\n","protected":false},"author":2,"featured_media":404604,"comment_status":"","ping_status":"","sticky":false,"template":"","format":"standard","meta":{"footnotes":""},"categories":[2821],"tags":[1111,11,829,1777,674,1011,27,66,12,241,978,584,25],"class_list":{"0":"post-404603","1":"post","2":"type-post","3":"status-publish","4":"format-standard","5":"has-post-thumbnail","7":"category-rennes","8":"tag-actu","9":"tag-actualites","10":"tag-bretagne","11":"tag-eu","12":"tag-europe","13":"tag-fr","14":"tag-france","15":"tag-ligue-1","16":"tag-news","17":"tag-ol","18":"tag-olympique-lyonnais","19":"tag-rennes","20":"tag-republique-francaise"},"share_on_mastodon":{"url":"https:\/\/pubeurope.com\/@fr\/115236133621377504","error":""},"_links":{"self":[{"href":"https:\/\/www.europesays.com\/fr\/wp-json\/wp\/v2\/posts\/404603","targetHints":{"allow":["GET"]}}],"collection":[{"href":"https:\/\/www.europesays.com\/fr\/wp-json\/wp\/v2\/posts"}],"about":[{"href":"https:\/\/www.europesays.com\/fr\/wp-json\/wp\/v2\/types\/post"}],"author":[{"embeddable":true,"href":"https:\/\/www.europesays.com\/fr\/wp-json\/wp\/v2\/users\/2"}],"replies":[{"embeddable":true,"href":"https:\/\/www.europesays.com\/fr\/wp-json\/wp\/v2\/comments?post=404603"}],"version-history":[{"count":0,"href":"https:\/\/www.europesays.com\/fr\/wp-json\/wp\/v2\/posts\/404603\/revisions"}],"wp:featuredmedia":[{"embeddable":true,"href":"https:\/\/www.europesays.com\/fr\/wp-json\/wp\/v2\/media\/404604"}],"wp:attachment":[{"href":"https:\/\/www.europesays.com\/fr\/wp-json\/wp\/v2\/media?parent=404603"}],"wp:term":[{"taxonomy":"category","embeddable":true,"href":"https:\/\/www.europesays.com\/fr\/wp-json\/wp\/v2\/categories?post=404603"},{"taxonomy":"post_tag","embeddable":true,"href":"https:\/\/www.europesays.com\/fr\/wp-json\/wp\/v2\/tags?post=404603"}],"curies":[{"name":"wp","href":"https:\/\/api.w.org\/{rel}","templated":true}]}}