{"id":404605,"date":"2025-09-20T10:23:11","date_gmt":"2025-09-20T10:23:11","guid":{"rendered":"https:\/\/www.europesays.com\/fr\/404605\/"},"modified":"2025-09-20T10:23:11","modified_gmt":"2025-09-20T10:23:11","slug":"logements-sociaux-et-commerces-a-la-peine-musee-zoologique-a-la-fete","status":"publish","type":"post","link":"https:\/\/www.europesays.com\/fr\/404605\/","title":{"rendered":"logements sociaux et commerces \u00e0 la peine, mus\u00e9e zoologique \u00e0 la f\u00eate"},"content":{"rendered":"<p>  L\u2019histoire de la semaine<\/p>\n<p><strong>Habitat social : dix communes de l\u2019EMS d\u00e9sormais carenc\u00e9es. <\/strong><a href=\"https:\/\/www.dna.fr\/societe\/2025\/09\/15\/les-communes-carencees-en-logements-sociaux-dans-l-eurometropole-passent-de-quatre-a-dix\" target=\"_blank\" rel=\"nofollow noopener\">Le nombre de communes sanctionn\u00e9es<\/a> pour d\u00e9ficit de logements sociaux a plus que doubl\u00e9 depuis 2023 dans l\u2019Eurom\u00e9tropole de Strasbourg. Elles sont dix \u00e0 pr\u00e9sent \u2013 Souffelweyersheim, Eschau, Fegersheim, Hoenheim, La Wantzenau, Wolfisheim, mais aussi Eckbolsheim, Geispolsheim, Plobsheim et Reichstett \u2013 \u00e0 ne pas atteindre les objectifs de la loi Solidarit\u00e9 et renouvellement urbain (SRU).<\/p>\n<p>La fin de la \u00ab mutualisation SRU \u00bb, qui permettait de lisser les efforts \u00e0 l\u2019\u00e9chelle m\u00e9tropolitaine, a fait exploser les objectifs triennaux. \u00ab Certains sont devenus inatteignables pour des communes d\u00e9j\u00e0 fragilis\u00e9es financi\u00e8rement \u00bb, rel\u00e8ve Suzanne Brolly, vice-pr\u00e9sidente de l\u2019EMS charg\u00e9e de l\u2019habitat.<\/p>\n<p>\u00c0 cela s\u2019ajoute la crise immobili\u00e8re : flamb\u00e9e des co\u00fbts de construction, foncier rare et cher, bailleurs sociaux contraints de r\u00e9nover sans moyens suppl\u00e9mentaires. R\u00e9sultat : la production cale, alors que l\u2019\u00c9tat rel\u00e8ve progressivement \u00ab le seuil de rattrapage \u00bb \u2013 les communes doivent redoubler d\u2019efforts sous peine de sanctions \u2013 : 33 % du d\u00e9ficit aujourd\u2019hui, 50 % demain.<\/p>\n<p>L\u2019EMS met en avant ses efforts (mobilisation du parc priv\u00e9, lutte contre les logements vacants, conventionnements \u00e0 Vendenheim) et assure que \u00ab l\u2019avis de l\u2019\u00c9tat reste positif \u00bb. Mais sur le terrain, \u00ab le temps de l\u2019immobilier est trop long face aux injonctions \u00bb, soupire l\u2019\u00e9lue. Et les p\u00e9nalit\u00e9s, elles, n\u2019attendent pas.<\/p>\n<p>  L\u2019image de la semaine<\/p>\n<p><strong>Une r\u00e9ouverture au public tr\u00e8s attendue. <\/strong><a href=\"https:\/\/www.dna.fr\/culture-loisirs\/2025\/09\/19\/reouverture-du-musee-zoologique-premieres-visites-gratuites-ce-week-end\" target=\"_blank\" rel=\"nofollow noopener\">Le mus\u00e9e zoologique a rouvert ce vendredi 19 septembre<\/a> apr\u00e8s six ans de travaux. Crocodile, gorille, loup, squelette de baleine attendent les visiteurs. On ne va pas se mentir, ce week-end de Journ\u00e9es du patrimoine \u00e7a risque d\u2019\u00eatre blin-d\u00e9. Ceux qui voudraient tenter leur chance: c\u2019est de 10 h \u00e0 18 h, 29, boulevard de la Victoire, ce samedi et ce dimanche et c\u2019est gratuit, week-end inaugural oblige.<\/p>\n<p>  L\u2019autre histoire de la semaine<\/p>\n<p><strong>Hautepierre : Auchan r\u00e9duit la voilure, Intersport plie bagage.<\/strong> Apr\u00e8s un an de rumeurs, la r\u00e9duction de la surface d\u2019Auchan Hautepierre se pr\u00e9cise : <a href=\"https:\/\/www.dna.fr\/economie\/2025\/09\/16\/c-est-un-pse-masque-auchan-hautepierre-reduit-la-voilure-des-syndicats-se-montrent-vigilants\" target=\"_blank\" rel=\"nofollow noopener\">l\u2019hypermarch\u00e9 passerait de 10 800 \u00e0 8 000 m\u00b2<\/a> en 2026, recentr\u00e9 sur l\u2019alimentaire. \u00ab Le mod\u00e8le du grand chariot hebdomadaire est fini \u00bb, constate Ahmet Yesil, d\u00e9l\u00e9gu\u00e9 syndical CFTC. Mais derri\u00e8re l\u2019\u00e9volution des usages, les syndicats redoutent une baisse m\u00e9canique du chiffre d\u2019affaires et, \u00e0 terme, des effectifs. \u00ab Nous \u00e9tions 317, nous craignons de tomber \u00e0 250 \u00bb, alerte Taoufik Jebabli, \u00e9lu CFDT, qui parle de \u00ab PSE masqu\u00e9 \u00bb.<\/p>\n<p>\u00c0 quelques rues de l\u00e0, <a href=\"https:\/\/www.dna.fr\/economie\/2025\/09\/15\/intersport-quitte-hautepierre-des-salaries-expriment-leur-inquietude\" target=\"_blank\" rel=\"nofollow noopener\">Intersport jette l\u2019\u00e9ponge<\/a>. Le magasin g\u00e9ant ouvert en 2023 dans les anciens locaux de D\u00e9cathlon fermera le 11 octobre. Une cessation d\u2019activit\u00e9 \u00ab au motif de mauvais r\u00e9sultats \u00bb, selon la direction. Huit CDI sont concern\u00e9s : certains reclass\u00e9s, d\u2019autres sur le d\u00e9part, les derniers dans l\u2019incertitude. Les syndicats d\u00e9noncent des ruptures conventionnelles impos\u00e9es \u00e0 la place de licenciements \u00e9conomiques, moins favorables pour les salari\u00e9s. L\u2019inspection du travail est saisie.<\/p>\n<p>Entre restructuration silencieuse et fermetures brutales, le tissu commercial du quartier encaisse coup sur coup \u2013 et les salari\u00e9s, eux, restent en premi\u00e8re ligne.<\/p>\n<p>  Le chiffre de la semaine<\/p>\n<p><strong>Entre 5000 et 15000. <\/strong> C\u2019est le nombre de personnes qui ont d\u00e9fil\u00e9 \u00e0 Strasbourg dans le cadre de la journ\u00e9e du 18 septembre. Cort\u00e8ge sans histoires pour l\u2019essentiel. <a href=\"https:\/\/www.dna.fr\/faits-divers-justice\/2025\/09\/18\/sept-personnes-interpellees-a-strasbourg\" target=\"_blank\" rel=\"nofollow noopener\">Sept interpellations, au total<\/a> , de personnes \u00e2g\u00e9es de 17 \u00e0 45 ans, pour attroupement ill\u00e9gal, d\u00e9tention d\u2019une barre de fer et de stup\u00e9fiants.<\/p>\n<p>  Insolite<\/p>\n<p><strong>Le p\u00e9tage de plombs de la semaine (de l\u2019ann\u00e9e m\u00eame). <\/strong> Un commercial bordelais, sp\u00e9cialis\u00e9 dans le photovolta\u00efque et les pompes \u00e0 chaleur, a eu un gros coup de chaud apr\u00e8s une journ\u00e9e de boulot \u00e0 la foire. Contrari\u00e9 par son patron, \u00e0 qui il demandait o\u00f9 il allait pouvoir passer la nuit, il a commenc\u00e9 \u00e0 enquiller les verres. Quand il d\u00e9boule au camping vers 21h45, il est d\u00e9j\u00e0 rond comme une queue de pelle et en mode full GTA. Il d\u00e9fonce la barri\u00e8re, la musique \u00e0 fond, petit stop \u00e0 l\u2019accueil pour une pause pipi improvis\u00e9e.<\/p>\n<p>Apr\u00e8s, c\u2019est s\u00e9ance de karting dans les all\u00e9es, la r\u00e9ceptionniste manque de se faire \u00e9craser. Deux fois. Un touriste allemand tente d\u2019enrayer la course folle en jetant une bouteille sur le pare-brise de la voiture de fonction. Le Bordelais le menace d\u2019un couteau. Et quitte le camping apr\u00e8s avoir menac\u00e9 un autre campeur. La BAC le cueille \u00e0 plus de 2 grammes quelques rues plus loin. Jug\u00e9 ce lundi, <a href=\"https:\/\/www.dna.fr\/faits-divers-justice\/2025\/09\/15\/il-force-les-barrieres-du-camping-avec-sa-voiture-et-seme-la-terreur\" target=\"_blank\" rel=\"nofollow noopener\">il prend 18 mois dont 10 de sursis probatoire.<\/a> Wasted.<\/p>\n","protected":false},"excerpt":{"rendered":"L\u2019histoire de la semaine Habitat social : dix communes de l\u2019EMS d\u00e9sormais carenc\u00e9es. Le nombre de communes sanctionn\u00e9es&hellip;\n","protected":false},"author":2,"featured_media":404606,"comment_status":"","ping_status":"","sticky":false,"template":"","format":"standard","meta":{"footnotes":""},"categories":[2820],"tags":[1111,11,2389,2649,4406,33,2880,1777,674,107,1011,27,775,1116,12,25,104,640,2879],"class_list":{"0":"post-404605","1":"post","2":"type-post","3":"status-publish","4":"format-standard","5":"has-post-thumbnail","7":"category-strasbourg","8":"tag-actu","9":"tag-actualites","10":"tag-alsace","11":"tag-bas-rhin","12":"tag-commerce-et-services","13":"tag-economie","14":"tag-edition-strasbourg","15":"tag-eu","16":"tag-europe","17":"tag-fil-info","18":"tag-fr","19":"tag-france","20":"tag-grand-est","21":"tag-immobilier","22":"tag-news","23":"tag-republique-francaise","24":"tag-societe","25":"tag-strasbourg","26":"tag-strasbourg-ville"},"share_on_mastodon":{"url":"https:\/\/pubeurope.com\/@fr\/115236136835722204","error":""},"_links":{"self":[{"href":"https:\/\/www.europesays.com\/fr\/wp-json\/wp\/v2\/posts\/404605","targetHints":{"allow":["GET"]}}],"collection":[{"href":"https:\/\/www.europesays.com\/fr\/wp-json\/wp\/v2\/posts"}],"about":[{"href":"https:\/\/www.europesays.com\/fr\/wp-json\/wp\/v2\/types\/post"}],"author":[{"embeddable":true,"href":"https:\/\/www.europesays.com\/fr\/wp-json\/wp\/v2\/users\/2"}],"replies":[{"embeddable":true,"href":"https:\/\/www.europesays.com\/fr\/wp-json\/wp\/v2\/comments?post=404605"}],"version-history":[{"count":0,"href":"https:\/\/www.europesays.com\/fr\/wp-json\/wp\/v2\/posts\/404605\/revisions"}],"wp:featuredmedia":[{"embeddable":true,"href":"https:\/\/www.europesays.com\/fr\/wp-json\/wp\/v2\/media\/404606"}],"wp:attachment":[{"href":"https:\/\/www.europesays.com\/fr\/wp-json\/wp\/v2\/media?parent=404605"}],"wp:term":[{"taxonomy":"category","embeddable":true,"href":"https:\/\/www.europesays.com\/fr\/wp-json\/wp\/v2\/categories?post=404605"},{"taxonomy":"post_tag","embeddable":true,"href":"https:\/\/www.europesays.com\/fr\/wp-json\/wp\/v2\/tags?post=404605"}],"curies":[{"name":"wp","href":"https:\/\/api.w.org\/{rel}","templated":true}]}}