{"id":404611,"date":"2025-09-20T10:26:16","date_gmt":"2025-09-20T10:26:16","guid":{"rendered":"https:\/\/www.europesays.com\/fr\/404611\/"},"modified":"2025-09-20T10:26:16","modified_gmt":"2025-09-20T10:26:16","slug":"plusieurs-grands-aeroports-europeens-perturbes-par-une-cyberattaque","status":"publish","type":"post","link":"https:\/\/www.europesays.com\/fr\/404611\/","title":{"rendered":"Plusieurs grands a\u00e9roports europ\u00e9ens perturb\u00e9s par une cyberattaque"},"content":{"rendered":"<p>Plusieurs <strong>grands a\u00e9roports europ\u00e9ens<\/strong>, dont ceux de Bruxelles, Heathrow \u00e0 Londres et Berlin, sont <strong>perturb\u00e9s<\/strong> samedi 20 septembre 2025 en raison d&rsquo;un incident affectant un logiciel fourni par la soci\u00e9t\u00e9 Collins Aerospace.<\/p>\n<p>\u00ab\u00a0Nous sommes inform\u00e9s d&rsquo;une perturbation d&rsquo;origine cyber sur notre logiciel MUSE dans plusieurs a\u00e9roports\u00a0\u00bb, a indiqu\u00e9 l&rsquo;entreprise, ajoutant que l&rsquo;impact \u00ab\u00a0se limite \u00e0 l&rsquo;<strong>enregistrement \u00e9lectronique<\/strong> des clients et au <strong>d\u00e9p\u00f4t des bagages<\/strong>\u00ab\u00a0.<\/p>\n<p><strong>Retards et annulations<\/strong><\/p>\n<p>Sur son site internet, l&rsquo;a\u00e9roport de Bruxelles a pr\u00e9cis\u00e9 que cette \u00ab\u00a0<strong>cyberattaque<\/strong>\u00a0\u00bb s&rsquo;\u00e9tait produite \u00ab\u00a0vendredi soir\u00a0\u00bb. \u00ab\u00a0Cela a eu des cons\u00e9quences importantes sur le programme de vols et entra\u00eenera malheureusement des retard et des annulations\u00a0\u00bb, a-t-il ajout\u00e9.<\/p>\n<p> \u00ab\u00a0La situation n&rsquo;est pas r\u00e9solue\u00a0\u00bb samedi matin, a pr\u00e9cis\u00e9 l&rsquo;a\u00e9roport \u00e0 l&rsquo;AFP, et l&rsquo;enregistrement et l&#8217;embarquement doivent se faire de mani\u00e8re manuelle.<\/p>\n<p>\u00c0 Londres, l&rsquo;a\u00e9roport de Heathrow, principal a\u00e9roport international de la capitale, a \u00e9galement indiqu\u00e9 \u00eatre concern\u00e9 par ces perturbations, qui \u00ab\u00a0pourraient entra\u00eener des retards au d\u00e9part\u00a0\u00bb.<\/p>\n<p>Il conseille aux passagers de v\u00e9rifier la situation de leur vol avec leur compagnie a\u00e9rienne et de <strong>venir tr\u00e8s en avance<\/strong> pour avoir le temps d&rsquo;effectuer les formalit\u00e9s d&rsquo;enregistrement.<\/p>\n<p>Sur son site internet, l&rsquo;a\u00e9roport de Berlin indique aussi \u00eatre touch\u00e9 par ce \u00ab\u00a0probl\u00e8me technique chez un fournisseur\u00a0\u00bb.<\/p>\n<p>Collins Aerospace dit travailler \u00e0 r\u00e9soudre l&rsquo;incident \u00ab\u00a0aussi vite que possible\u00a0\u00bb <\/p>\n","protected":false},"excerpt":{"rendered":"Plusieurs grands a\u00e9roports europ\u00e9ens, dont ceux de Bruxelles, Heathrow \u00e0 Londres et Berlin, sont perturb\u00e9s samedi 20 septembre&hellip;\n","protected":false},"author":2,"featured_media":181174,"comment_status":"","ping_status":"","sticky":false,"template":"","format":"standard","meta":{"footnotes":""},"categories":[2819],"tags":[1111,11,1777,674,1011,27,12,2401,882,25,656,800],"class_list":{"0":"post-404611","1":"post","2":"type-post","3":"status-publish","4":"format-standard","5":"has-post-thumbnail","7":"category-nice","8":"tag-actu","9":"tag-actualites","10":"tag-eu","11":"tag-europe","12":"tag-fr","13":"tag-france","14":"tag-news","15":"tag-nice","16":"tag-provence-alpes-cote-dazur","17":"tag-republique-francaise","18":"tag-securite","19":"tag-transports"},"share_on_mastodon":{"url":"https:\/\/pubeurope.com\/@fr\/115236148537819255","error":""},"_links":{"self":[{"href":"https:\/\/www.europesays.com\/fr\/wp-json\/wp\/v2\/posts\/404611","targetHints":{"allow":["GET"]}}],"collection":[{"href":"https:\/\/www.europesays.com\/fr\/wp-json\/wp\/v2\/posts"}],"about":[{"href":"https:\/\/www.europesays.com\/fr\/wp-json\/wp\/v2\/types\/post"}],"author":[{"embeddable":true,"href":"https:\/\/www.europesays.com\/fr\/wp-json\/wp\/v2\/users\/2"}],"replies":[{"embeddable":true,"href":"https:\/\/www.europesays.com\/fr\/wp-json\/wp\/v2\/comments?post=404611"}],"version-history":[{"count":0,"href":"https:\/\/www.europesays.com\/fr\/wp-json\/wp\/v2\/posts\/404611\/revisions"}],"wp:featuredmedia":[{"embeddable":true,"href":"https:\/\/www.europesays.com\/fr\/wp-json\/wp\/v2\/media\/181174"}],"wp:attachment":[{"href":"https:\/\/www.europesays.com\/fr\/wp-json\/wp\/v2\/media?parent=404611"}],"wp:term":[{"taxonomy":"category","embeddable":true,"href":"https:\/\/www.europesays.com\/fr\/wp-json\/wp\/v2\/categories?post=404611"},{"taxonomy":"post_tag","embeddable":true,"href":"https:\/\/www.europesays.com\/fr\/wp-json\/wp\/v2\/tags?post=404611"}],"curies":[{"name":"wp","href":"https:\/\/api.w.org\/{rel}","templated":true}]}}